{"id":133951,"date":"2026-01-10T16:23:18","date_gmt":"2026-01-10T16:23:18","guid":{"rendered":"https:\/\/www.europesays.com\/no\/133951\/"},"modified":"2026-01-10T16:23:18","modified_gmt":"2026-01-10T16:23:18","slug":"eu-debatten-i-arbeiderpartiet","status":"publish","type":"post","link":"https:\/\/www.europesays.com\/no\/133951\/","title":{"rendered":"EU-debatten i Arbeiderpartiet"},"content":{"rendered":"<p>\n        USA har skapt betydelig usikkerhet om hvorvidt Nato-sjef Mark Rutte leder en organisasjon som medlemmene kan stole p\u00e5. Usikkerheten gj\u00f8r at statsminister Jonas Gahr St\u00f8re fort vil f\u00e5 en EU-debatt i hendene &#8211; selv om han ikke vil ha det.<br \/>\n        Foto: Cornelius Poppe \/ NTB\n    <\/p>\n<p class=\"kicker t30 tertiary color_mobile_tertiary\" style=\"\">Politisk ukeslutt<\/p>\n<p>    Jonas Gahr St\u00f8re sier han ikke vil, men han slipper neppe unna saken som b\u00e5de kan avgj\u00f8re fremtidige regjeringskonstellasjoner og arverekkef\u00f8lgen i partiet.<\/p>\n<p class=\"italic m-italic\" data-lab-italic=\"italic\"> Dette er en kommentar. Holdninger og meninger i teksten st\u00e5r for skribentens regning.<\/p>\n<p>Det har v\u00e6rt en h\u00f8ydramatisk politisk uke. Vi har sett<br \/>\nTrump-regimets brutalitet overfor egne innbyggere og overfor selvstendige land.<br \/>\nOg vi har f\u00e5tt klar beskjed om at USA heller ikke g\u00e5r av veien for \u00e5 true<br \/>\nNato-allierte. Trump vil ha Gr\u00f8nland og gjorde det klart tidligere denne uken at<br \/>\nDanmark, Gr\u00f8nland og alle vi andre f\u00e5r vite mer \u00abom 20 dager\u00bb om hvordan USA skal<br \/>\ng\u00e5 fram.<\/p>\n<p>            EU-saken vil kunne f\u00e5 tung innflytelse p\u00e5 de interne maktforholdene i Ap.<\/p>\n<p>Norge og verden har flere \u00e5rs erfaring med en uforutsigbar president<br \/>\nTrump. Ikke minst hvordan Ukraina har mistet v\u00e5penst\u00f8tte og sikkerhet. Likevel<br \/>\nhar den siste ukes hendelser rystet og overrasket mange av oss. N\u00e5 handler det<br \/>\nrett og slett om Nato-medlemmers sikkerhet. Dermed ogs\u00e5 Norges sikkerhet. <\/p>\n<p>Med rette er det stadig flere som sp\u00f8r seg: Dersom Norge<br \/>\nblir angrepet, er vi helt sikre p\u00e5 at USA og Nato kommer oss unnsetning? Plutselig<br \/>\nhar svaret p\u00e5 dette fundamentale etterkrigssp\u00f8rsm\u00e5let blitt: Nei. Eller i beste<br \/>\nfall et kanskje.<\/p>\n<p>Dette har aktualisert EU-sp\u00f8rsm\u00e5let i den norske debatten. P\u00e5 kommentarplass i VG og p\u00e5 lederplass i Adressa i Trondheim er det tatt til orde for \u00e5 reise debatten. Statsminister Jonas<br \/>\nGahr St\u00f8re vil fortsatt ikke. I Stortinget torsdag slo han igjen fast at en medlemskapsdebatt er<br \/>\nhelt uaktuelt.<\/p>\n<p>Tidligere Nato-sjef, Norges finansminister Jens Stoltenberg, har<br \/>\ngang p\u00e5 gang har uttalt at EU ikke kan erstatte Nato-medlemskap. Det er jo<br \/>\ngreit, og alle er enige i det. Men hva hvis Nato slutter \u00e5 fungere? Da er plutselig<br \/>\nEU-medlemskap det eneste som ligger p\u00e5 bordet. Norge har grense mot Russland. Siden<br \/>\nvi st\u00e5r utenfor EU er vi ikke omfattet av EUs solidaritetsklausul der EU-landene<br \/>\nplikter \u00e5 hjelpe hverandre dersom krisen oppst\u00e5r. EU-landene har lenge v\u00e6rt i<br \/>\nfull gang med \u00e5 utvikle en felles og ambisi\u00f8s forsvarsplan. Vi st\u00e5r p\u00e5 gangen,<br \/>\nog er ikke engang nevnt i teksten.<\/p>\n<p>        <a itemprop=\"url\" class=\"\" href=\"https:\/\/www.dagsavisen.no\/nyheter\/et-mini-nato-uten-usa-hvis-det-verste-skulle-skje\/10139690\" data-k5a-url=\"https:\/\/www.dagsavisen.no\/a\/10139690\" rel=\"nofollow noopener\" target=\"_blank\"><\/p>\n<p>            Et \u00abmini-Nato\u00bb uten USA: \u2013 Hvis det verste skulle skje<\/p>\n<p>        <\/a><\/p>\n<p>Dagsavisen har lenge v\u00e6rt krystallklare i EU-sp\u00f8rsm\u00e5let, og vi<br \/>\nmener at partileder Jonas Gahr St\u00f8re selv b\u00f8r reise denne diskusjonen.<br \/>\nArbeiderpartiet er ikke lenger et programfestet Ja-parti. Dermed er landsm\u00f8tet<br \/>\ni 2027 f\u00f8rste anledning til \u00e5 endre p\u00e5 det. Med den dramatiske<br \/>\nsikkerhetssituasjonen vi har havnet i, er det all grunn til \u00e5 tro at b\u00e5de Oslo<br \/>\nAp og andre deler av parti vil kreve at saken kommer opp til votering p\u00e5 landsm\u00f8tet.<\/p>\n<p>Som statsminister har St\u00f8re en forpliktelse til \u00e5 hele tiden<br \/>\nvurdere hva som er best for Norge. Det handler ogs\u00e5 om \u00e5 l\u00f8fte kontroversielle sp\u00f8rsm\u00e5l<br \/>\nsom EU-medlemskap dersom det er avgj\u00f8rende for v\u00e5r sikkerhet. Tiden er inne for det n\u00e5, selv om det er ubehagelig. Det kommer til \u00e5 bli br\u00e5k.<\/p>\n<p> EU-saken vil kunne f\u00e5 tung innflytelse p\u00e5 de interne maktforholdene i Ap. Da Jan Christian Vestre og Tonje Brenna ble valgt som nestledere i 2023, var<br \/>\ndet kun St\u00f8re i Ap-ledelsen som var tilhenger av EU. Siden den gangen har<br \/>\nVestre ombestemt seg og er n\u00e5 for norsk EU-medlemskap. Tonje Brenna har i intervjuer<br \/>\ngjort det klart at hun st\u00e5r p\u00e5 neisiden. Dersom EU-sp\u00f8rsm\u00e5let skulle komme opp<br \/>\nigjen i Ap, vil det p\u00e5virke debatten om hvem som en dag skal overta etter<br \/>\nJonas Gahr St\u00f8re som partileder.<\/p>\n<p>Strategisk kan EU-sp\u00f8rsm\u00e5let nettopp v\u00e6re det Jonas Gahr<br \/>\nSt\u00f8re og Arbeiderpartiet trenger dersom partiet skal ha en forh\u00e5pning om \u00e5<br \/>\nfortsette i regjering etter stortingsvalget i 2029. Det er nemlig ikke bare i<br \/>\nAp EU-saken vil lage d\u00e5rlig stemning.<\/p>\n<p>        <a itemprop=\"url\" class=\"\" href=\"https:\/\/www.dagsavisen.no\/nyheter\/mener-tiden-er-inne-for-debatt-om-norsk-eu-medlemskap-kan-bli-dyrekjopt-a-ikke-agere\/10137211\" data-k5a-url=\"https:\/\/www.dagsavisen.no\/a\/10137211\" rel=\"nofollow noopener\" target=\"_blank\"><\/p>\n<p>            Mener tiden er inne for debatt om norsk EU-medlemskap: \u2013 Kan bli dyrekj\u00f8pt \u00e5 ikke agere<\/p>\n<p>        <\/a><\/p>\n<p>Mye tyder p\u00e5 at et fremtidig borgerlig regjeringsalternativ n\u00e6rmest vil<br \/>\nslutte \u00e5 eksistere dersom EU-saken kommer opp. Frp og H\u00f8yre kommer ikke til \u00e5<br \/>\nbli enige om EU, og med borgerlig flertall som hviler p\u00e5 et stort Frp, vil ikke den<br \/>\nregjeringen v\u00e6re for EU eller ha noe \u00f8nske om \u00e5 gjennomf\u00f8re en medlemskapsprosess.<\/p>\n<p>Mindretallsregjeringer fra Arbeiderpartiet har tidligere vist<br \/>\nstyringsdyktighet n\u00e5r H\u00f8yres regjeringsprosjekt har blitt revet i filler av europasp\u00f8rsm\u00e5let.<br \/>\nH\u00f8yre-leder Jan P. Syse vant valget i 1989. Men etter ett \u00e5r i regjering m\u00e5tte<br \/>\nH\u00f8yre, KrF og Senterpartiet kaste kortene. Arbeiderpartiets Gro Harlem Brundtland<br \/>\nkom tilbake som statsminister og partiet holdt makta helt fram til valget i<br \/>\n1997.<\/p>\n<p>Helt til partiet, utrolig nok, ga fra seg makta frivillig \u2013 selv om det<br \/>\nikke var flertall for noe alternativ. P\u00e5 samme vis som Ap-leder Jonas Gahr St\u00f8re n\u00e5 risikerer \u00e5 gi fra seg initiativet i EU-debatten. For debatten kommer, enten han vil eller ikke.<\/p>\n<p>        <a itemprop=\"url\" class=\"\" href=\"https:\/\/www.dagsavisen.no\/kommentar\/and-carry-a-big-stick\/10136859\" data-k5a-url=\"https:\/\/www.dagsavisen.no\/a\/10136859\" rel=\"nofollow noopener\" target=\"_blank\"><\/p>\n<p>            \u2026 and carry a big stick<\/p>\n<p>        <\/a><\/p>\n<p class=\"italic m-italic\" data-lab-italic=\"italic\">F\u00e5 nyhetsbrev fra Dagsavisen. Meld deg p\u00e5\u00a0<a href=\"https:\/\/www.dagsavisen.no\/om-dagsavisen\/2023\/12\/20\/fa-daglig-nyhetsbrev\/\" rel=\"nofollow noopener\" target=\"_blank\">her<\/a>!<\/p>\n","protected":false},"excerpt":{"rendered":"USA har skapt betydelig usikkerhet om hvorvidt Nato-sjef Mark Rutte leder en organisasjon som medlemmene kan stole p\u00e5.&hellip;\n","protected":false},"author":2,"featured_media":133952,"comment_status":"","ping_status":"","sticky":false,"template":"","format":"standard","meta":{"footnotes":""},"categories":[12],"tags":[20,21,24,25,15,22,23,13,30,28,29,14,16,26,27,42,43,44,45],"class_list":{"0":"post-133951","1":"post","2":"type-post","3":"status-publish","4":"format-standard","5":"has-post-thumbnail","7":"category-verden","8":"tag-breaking-news","9":"tag-breakingnews","10":"tag-featured-news","11":"tag-featurednews","12":"tag-headlines","13":"tag-latest-news","14":"tag-latestnews","15":"tag-news","16":"tag-no","17":"tag-norge","18":"tag-norway","19":"tag-nyheter","20":"tag-overskrifter","21":"tag-top-stories","22":"tag-topstories","23":"tag-verden","24":"tag-world","25":"tag-world-news","26":"tag-worldnews"},"share_on_mastodon":{"url":"https:\/\/pubeurope.com\/@no\/115871731106471858","error":""},"_links":{"self":[{"href":"https:\/\/www.europesays.com\/no\/wp-json\/wp\/v2\/posts\/133951","targetHints":{"allow":["GET"]}}],"collection":[{"href":"https:\/\/www.europesays.com\/no\/wp-json\/wp\/v2\/posts"}],"about":[{"href":"https:\/\/www.europesays.com\/no\/wp-json\/wp\/v2\/types\/post"}],"author":[{"embeddable":true,"href":"https:\/\/www.europesays.com\/no\/wp-json\/wp\/v2\/users\/2"}],"replies":[{"embeddable":true,"href":"https:\/\/www.europesays.com\/no\/wp-json\/wp\/v2\/comments?post=133951"}],"version-history":[{"count":0,"href":"https:\/\/www.europesays.com\/no\/wp-json\/wp\/v2\/posts\/133951\/revisions"}],"wp:featuredmedia":[{"embeddable":true,"href":"https:\/\/www.europesays.com\/no\/wp-json\/wp\/v2\/media\/133952"}],"wp:attachment":[{"href":"https:\/\/www.europesays.com\/no\/wp-json\/wp\/v2\/media?parent=133951"}],"wp:term":[{"taxonomy":"category","embeddable":true,"href":"https:\/\/www.europesays.com\/no\/wp-json\/wp\/v2\/categories?post=133951"},{"taxonomy":"post_tag","embeddable":true,"href":"https:\/\/www.europesays.com\/no\/wp-json\/wp\/v2\/tags?post=133951"}],"curies":[{"name":"wp","href":"https:\/\/api.w.org\/{rel}","templated":true}]}}