{"id":133953,"date":"2026-01-10T16:24:18","date_gmt":"2026-01-10T16:24:18","guid":{"rendered":"https:\/\/www.europesays.com\/no\/133953\/"},"modified":"2026-01-10T16:24:18","modified_gmt":"2026-01-10T16:24:18","slug":"er-ofring-av-natur-den-rette-veien-til-et-gront-skifte","status":"publish","type":"post","link":"https:\/\/www.europesays.com\/no\/133953\/","title":{"rendered":"Er ofring av natur den rette veien til et gr\u00f8nt skifte?"},"content":{"rendered":"<p>Det v\u00e6re seg vindturbiner, solkraftverk, batterifabrikker\/-senter eller brede kraftgater gjennom s\u00e5rbare skogsomr\u00e5der. Fellesnevneren er nedbygging og \u00f8deleggelse av til dels ur\u00f8rt natur, og hjemmet til dyr, insekter og fugler. I tillegg har du hemningsl\u00f8s utbygging av n\u00e6ringsparker, datasentre og firefelts motorvei. Lokalt er Mj\u00e5vann industriomr\u00e5de, E39 som knapt benyttes, og planer for utbygging av Holskogen, eksempler p\u00e5 ukritisk n\u00e6ringspolitikk.<\/p>\n<p>Men det som gj\u00f8r meg mest urolig, er eksemplene jeg trakk frem innledningsvis. \u00d8deleggelse av natur under \u00abgr\u00f8nt flagg\u00bb. Begrepet \u00abseile under falskt flagg\u00bb er n\u00e6rliggende. Det er ogs\u00e5 fristende \u00e5 nevne ordtakene \u00abm\u00e5let helliger middelet\u00bb, eller \u00abman m\u00e5 knuse noen egg for \u00e5 lage omelett\u00bb.<\/p>\n<p>Mitt inntrykk er at s\u00e5 fort naturinngrep begrunnes med behov for gr\u00f8nn energi, gr\u00f8nt skifte og lovnader om \u00abtilbakef\u00f8ring av natur\u00bb, rygger krefter som utad st\u00e5r p\u00e5 naturens side. Et dagsaktuelt eksempel er SVs representant i bystyret som er tilb\u00f8yelig til \u00e5 si ja til Solkraft S\u00f8rs planer om solkraftverk, selv om det inneb\u00e6rer inngrep i ur\u00f8rt natur. Den samme vegringen ser ut til \u00e5 gjelde Glitre Netts planer om breie kraftgater gjennom V\u00e5gsbygdskauen. I den saken har jeg kun registrert tydelig motstand fra R\u00f8dt, og tapre r\u00f8ster fra privatpersoner og velforeninger som ser verdien av kortreist natur og friluftsliv.<\/p>\n<p>Det kan virke som n\u00e6ringshungrige politikere og ymse akt\u00f8rer lar seg lokke av fagre ord som verdiskapning, gr\u00f8nn energi og naturpositivitet. Forst\u00e5r de ikke at Solkraft S\u00f8r, Bulk, Glitre Nett, Google og andre tilsvarende akt\u00f8rer, f\u00f8rst og fremst er ute etter mest mulig for minst mulig? Kostnadsbevissthet er ikke galt i seg selv, men jakten p\u00e5 lavest mulig kostnad i kroner og \u00f8re i denne sammenhengen, gir st\u00f8rst mulig kostnad for natur og dyreliv. H\u00f8ye kraftmaster og luftspenn gjennom V\u00e5gsbygdskauen foran jordkabel, utbygging av ur\u00f8rt natur foran gr\u00e5soner, eksemplene er mange og dystre.<\/p>\n<p>Jeg tenker det er p\u00e5 tide \u00e5 sette seg p\u00e5 en stubbe i skogen, lytte til fuglekvitter (hvis mulig), og revurdere veivalget. Kan det tenkes at redusert forbruk er en mer farbar vei?<\/p>\n","protected":false},"excerpt":{"rendered":"Det v\u00e6re seg vindturbiner, solkraftverk, batterifabrikker\/-senter eller brede kraftgater gjennom s\u00e5rbare skogsomr\u00e5der. Fellesnevneren er nedbygging og \u00f8deleggelse av&hellip;\n","protected":false},"author":2,"featured_media":133954,"comment_status":"","ping_status":"","sticky":false,"template":"","format":"standard","meta":{"footnotes":""},"categories":[10],"tags":[20,21,24,25,3797,6074,15,22,23,13,30,28,29,14,16,2864,26,27,15435],"class_list":{"0":"post-133953","1":"post","2":"type-post","3":"status-publish","4":"format-standard","5":"has-post-thumbnail","7":"category-norge","8":"tag-breaking-news","9":"tag-breakingnews","10":"tag-featured-news","11":"tag-featurednews","12":"tag-friluftsliv","13":"tag-glitre-nett","14":"tag-headlines","15":"tag-latest-news","16":"tag-latestnews","17":"tag-news","18":"tag-no","19":"tag-norge","20":"tag-norway","21":"tag-nyheter","22":"tag-overskrifter","23":"tag-solkraft","24":"tag-top-stories","25":"tag-topstories","26":"tag-vagsbygdskauen"},"share_on_mastodon":{"url":"https:\/\/pubeurope.com\/@no\/115871735100676507","error":""},"_links":{"self":[{"href":"https:\/\/www.europesays.com\/no\/wp-json\/wp\/v2\/posts\/133953","targetHints":{"allow":["GET"]}}],"collection":[{"href":"https:\/\/www.europesays.com\/no\/wp-json\/wp\/v2\/posts"}],"about":[{"href":"https:\/\/www.europesays.com\/no\/wp-json\/wp\/v2\/types\/post"}],"author":[{"embeddable":true,"href":"https:\/\/www.europesays.com\/no\/wp-json\/wp\/v2\/users\/2"}],"replies":[{"embeddable":true,"href":"https:\/\/www.europesays.com\/no\/wp-json\/wp\/v2\/comments?post=133953"}],"version-history":[{"count":0,"href":"https:\/\/www.europesays.com\/no\/wp-json\/wp\/v2\/posts\/133953\/revisions"}],"wp:featuredmedia":[{"embeddable":true,"href":"https:\/\/www.europesays.com\/no\/wp-json\/wp\/v2\/media\/133954"}],"wp:attachment":[{"href":"https:\/\/www.europesays.com\/no\/wp-json\/wp\/v2\/media?parent=133953"}],"wp:term":[{"taxonomy":"category","embeddable":true,"href":"https:\/\/www.europesays.com\/no\/wp-json\/wp\/v2\/categories?post=133953"},{"taxonomy":"post_tag","embeddable":true,"href":"https:\/\/www.europesays.com\/no\/wp-json\/wp\/v2\/tags?post=133953"}],"curies":[{"name":"wp","href":"https:\/\/api.w.org\/{rel}","templated":true}]}}