{"id":133955,"date":"2026-01-10T16:25:09","date_gmt":"2026-01-10T16:25:09","guid":{"rendered":"https:\/\/www.europesays.com\/no\/133955\/"},"modified":"2026-01-10T16:25:09","modified_gmt":"2026-01-10T16:25:09","slug":"har-ikke-snakket-med-venner-og-familie-pa-tre-dager-nrk-urix-utenriksnyheter-og-dokumentarer","status":"publish","type":"post","link":"https:\/\/www.europesays.com\/no\/133955\/","title":{"rendered":"\u2013 Har ikke snakket med venner og familie p\u00e5 tre dager \u2013 NRK Urix \u2013 Utenriksnyheter og -dokumentarer"},"content":{"rendered":"<p>Saken oppsummert:<\/p>\n<p>\u2022 Internett er fortsatt nede i Iran siden torsdag kveld, noe som begrenser kommunikasjon b\u00e5de internt og med utlandet. <br \/>\u2022 Store demonstrasjoner mot regimetskal ha spredt seg til over 100 byer, med minst 40 rapporterte d\u00f8dsfall og mange skadde. <br \/>\u2022 Sykehus er i alarmberedskap, og det rapporteres om mangel p\u00e5 kirurger og medisinske ressurser for \u00e5 h\u00e5ndtere skadde demonstranter. <br \/>\u2022 Iranske myndigheter anklager USA og Israel for \u00e5 st\u00e5 bak protestene, samtidig som de advarer demonstranter med d\u00f8dsstraff. <br \/>\u2022 Utenriksminister Espen Barth Eide uttrykker sterk bekymring for situasjonen og oppfordrer Iran til \u00e5 respektere menneskerettigheter som ytrings- og forsamlingsfrihet.<\/p>\n<p>Oppsummeringen er laget av en KI-tjeneste fra OpenAI. Innholdet er kvalitetssikret av NRKs journalister f\u00f8r publisering.<\/p>\n<p><strong>\u2013 Jeg har ikke har f\u00e5tt kontakt med familie og venner i Iran de siste tre dagene.<\/strong><\/p>\n<p>Delara Dashti st\u00e5r utenfor den iranske ambassade for \u00e5 markere sin motstand mot regimet i Iran. Hun forteller at hennes st\u00f8rste \u00f8nske er at det skal bli folkestyre i Iran.<\/p>\n<p>L\u00f8rdag er hun og flere samlet for \u00e5 demonstrere.<\/p>\n<p>\u2013 Vi vil ikke at andre land blander seg i v\u00e5rt land. Vi har motstandsbevegelsen som kan styrte regimet. Det eneste vi \u00f8nsker er at land som Norge skal st\u00f8tte den organiserte bevegelsen i Iran, sier hun.<\/p>\n<p><img decoding=\"async\"   src=\"data:image\/gif;base64,R0lGODlhAQABAIAAAAAAAP\/\/\/yH5BAEAAAAALAAAAAABAAEAAAIBRAA7\" loading=\"eager\" alt=\"En gruppe demonstranter samles i sn\u00f8en, holder opp plakater og flagg. En mann med opphevet arm signaliserer st\u00f8tte til en sak. I bakgrunnen synes tr\u00e6r som kaster skygger, mens solen er p\u00e5 vei ned. Flere deltakere er if\u00f8rt varme kl\u00e6r og har p\u00e5 seg skjerf. (Bildebeskrivelsen er laget av en KI-tjeneste)\" title=\"Foto: Truls Skram Ler\u00f8 \/ NRK\"\/><\/p>\n<p class=\"\">L\u00f8rdag var det demonstrasjoner utenfor den iranske ambassade i Oslo.<\/p>\n<p>Foto: Truls Skram Ler\u00f8 \/ NRK<\/p>\n<p>Overbevist om at bestevennen er d\u00f8d<\/p>\n<p>Ogs\u00e5 foran Stortinget blir det holdt demonstrasjoner mot regimet og \u00f8verste leder Ali Khamenei.<\/p>\n<p>Farzin Najafi er en av dem. En av hans n\u00e6rmeste venner skal ha blitt skutt og drept mens han var ute og demonstrerte i Iran.<\/p>\n<p>Han forteller at det ble bekreftet fredag av vennens n\u00e6rmeste familie og vitner p\u00e5 stedet.<\/p>\n<p><strong>\u2013 Det er en helt forferdelig f\u00f8lelse, alt av kommunikasjon er blokkert. Vi er sinte og bekymret for familie og venner, sier han.<\/strong><\/p>\n<p>Flere demonstranter uttrykket ogs\u00e5 st\u00f8tte til Irans kongefamilie og tidligere kronprins Reza Pahlavi, s\u00f8nnen til Irans siste konge, eller \u00abshah\u00bb, som lever i eksil.<\/p>\n<p><img decoding=\"async\"   src=\"data:image\/gif;base64,R0lGODlhAQABAIAAAAAAAP\/\/\/yH5BAEAAAAALAAAAAABAAEAAAIBRAA7\" loading=\"eager\" alt=\"En person if\u00f8rt gr\u00f8nn jakke og m\u00f8rker\u00f8dt lue st\u00e5r i en folkemengde. Vedkommende har et kors hengt fra en \u00f8redobb. Bakgrunnen viser uskarpe ansikter og flere fargerike kl\u00e6r. Sceneelementene antyder en offentlig samling eller demonstrasjon. (Bildebeskrivelsen er laget av en KI-tjeneste)\" title=\"Foto: Truls Skram Ler\u00f8 \/ NRK\"\/><\/p>\n<p class=\"\">Farzin Najafi demonstrerer utenfor Stortinget i Oslo.<\/p>\n<p>Foto: Truls Skram Ler\u00f8 \/ NRK<\/p>\n<p>Det har v\u00e6rt store oppt\u00f8yer i Iran mot det sittende regimet. Internett har v\u00e6rt nede i landet siden torsdag kveld.<\/p>\n<p><img decoding=\"async\"   src=\"data:image\/gif;base64,R0lGODlhAQABAIAAAAAAAP\/\/\/yH5BAEAAAAALAAAAAABAAEAAAIBRAA7\" loading=\"eager\" alt=\"En person holder en brennende papirutskrift mens de r\u00f8yker en sigarett. Papiret er delvis i brann, og flammene er synlige. Personen er if\u00f8rt en pelsjakke, og det er en annen h\u00e5nd som holder papiret. Bakgrunnen er uklar, men det er tydelig at det foreg\u00e5r en protest eller demonstrasjon. (Bildebeskrivelsen er laget av en KI-tjeneste)\" title=\"Foto: Truls Skram Ler\u00f8 \/ NRK\"\/><\/p>\n<p class=\"\">Demonstranter utenfor Stortinget markerer sin motstand mot det iranske regimet, og \u00f8verste leder Ali Khamenei.<\/p>\n<p>Foto: Truls Skram Ler\u00f8 \/ NRK<\/p>\n<p>Mener m\u00e5let er \u00e5 begrense kommunikasjon<\/p>\n<p><strong>\u2013 Det er for \u00e5 begrense kommunikasjonen mellom de som er i opposisjon, de som organiserer eller tar initiativ til disse demonstrasjonene. Det er vel hovedhensikten. Men samtidig ogs\u00e5 \u00e5 gj\u00f8re det vanskelig \u00e5 kommunisere med utlandet.<\/strong><\/p>\n<p>Det sier professor i midt\u00f8stenstudier ved UiO, Bj\u00f8rn Olav Utvik om at nettet er nede.<\/p>\n<p>\u2013 Hvis det finnes videoopptak av drap og brutal behandling av demonstranter, vil de \u00f8nske \u00e5 f\u00e5 begrenset distribusjonen av det, sier Utvik.<\/p>\n<p>    Dette m\u00e5 du vite om protestene i Iran<\/p>\n<ul aria-labelledby=\"925db135-2d51-4be7-b127-81f5d6346bdc\" role=\"list\">\n<li>Hvorfor demonstrerer iranerne?\n<p>Protestene startet p\u00e5 markedet i Teheran der kj\u00f8pmenn stengte bodene sine i protest mot inflasjon.<\/p>\n<p>Iran har store \u00f8konomiske problemer, med lite h\u00e5p om vekst det kommende \u00e5ret.<\/p>\n<p>En rekke korrupsjonsskandaler blant kjente familier og statsansatte har ogs\u00e5 skapt misn\u00f8ye.<\/p>\n<\/li>\n<li>Hvordan svarer regjeringen?\n<p>I begynnelsen av januar ba ayatolla Ali Khamenei regjeringen om \u00e5 g\u00e5 i samtale med demonstrantene og kue oppr\u00f8ret.<\/p>\n<p>Som svar p\u00e5 protestene har regimet blant annet avlyst flyvninger, stengt telefonlinjene og sperret internett-tilgangen i landet.<\/p>\n<p>I en uttalelse p\u00e5 nasjonal TV 9. januar hevder Khamenei at demonstrantene handler p\u00e5 vegne av Trump og USA.<\/p>\n<\/li>\n<li>Hva skjer framover?\n<p>Irans utenrikspolitiske posisjon er svekket, noe som gj\u00f8r den \u00f8konomiske situasjonen i landet ustabil. <\/p>\n<p>Ultrakonservative Khamenei (86) er landets \u00f8verste leder. Det er fremdeles uvisst hvem som blir hans arvtaker.<\/p>\n<p>Iran har mistet n\u00e6re allierte etter avsettelsen av Nicol\u00e1s Maduro i Venezuela og Bashar Al-Assad i Syria i fjor. Andre iranst\u00f8ttede grupper i Midt\u00f8sten som Hamas og Hisbollah er ogs\u00e5 kraftig svekket. <\/p>\n<p>Med f\u00e6rre venner i resten av verden kan det bli vanskeligere for Iran \u00e5 eksportere olje til andre land.<\/p>\n<\/li>\n<li>Er dette f\u00f8rste gang iranerne demonstrerer mot myndighetene?\n<p>Nei.<\/p>\n<p>Iran har de siste \u00e5rene hatt flere omfattende protester hvor folk har uttrykt dyp misn\u00f8ye med myndighetene og krevd at regimet g\u00e5r av.<\/p>\n<p>Dette er de st\u00f8rste demonstrasjonene i landet siden den unge kvinnen Mahsa Amini d\u00f8de i 2022 i varetekt hos moralpolitiet.<\/p>\n<\/li>\n<\/ul>\n<p>Ikke nok kirurger<\/p>\n<p><a href=\"https:\/\/www.bbc.com\/news\/articles\/cg7y0579lp8o\" ec-id=\"https:\/\/www.bbc.com\/news\/articles\/cg7y0579lp8o\" ec-name=\"Demonstrasjonene som har spredt seg til over 100 byer fortsetter\" rel=\"nofollow noopener\" target=\"_blank\">Demonstrasjonene som har spredt seg til over 100 byer fortsetter<\/a>, og den iranske h\u00e6ren sier l\u00f8rdag at de er ute i gatene \u00abfor \u00e5 beskytte landets interesser, strategiske infrastrukturer og offentlig eiendom \u00bb if\u00f8lge Reuters.<\/p>\n<p><strong>Minst 40 personer er tidligere meldt drept i l\u00f8pet av protestaksjonene. Mange sykehus i landet er satt i alarmberedskap.<\/strong><\/p>\n<p>En lege som jobber ved det st\u00f8rste \u00f8yespesialistsenteret i Teheran, kontaktet <a href=\"https:\/\/www.bbc.com\/news\/articles\/cj9rengvnp9o?utm_source=sdrn%3Avg%3Aarticle%3A5p6G6b\" ec-id=\"https:\/\/www.bbc.com\/news\/articles\/cj9rengvnp9o\" ec-name=\"BBC\" rel=\"nofollow noopener\" target=\"_blank\">BBC<\/a> via Starlinks satellitt-internett fredag kveld. Han fortalte at sykehuset hadde et overfylt akuttmottak. Operasjoner var satt p\u00e5 vent, og ekstra personell er kalt inn for \u00e5 h\u00e5ndtere akutte skader.<\/p>\n<p><img decoding=\"async\"   src=\"data:image\/gif;base64,R0lGODlhAQABAIAAAAAAAP\/\/\/yH5BAEAAAAALAAAAAABAAEAAAIBRAA7\" loading=\"eager\" alt=\"Demonstranter samles foran Stortinget, if\u00f8rt vinterkl\u00e6r, med flagg i ulike farger. Mange holder flagg med r\u00f8dt, hvitt og gr\u00f8nt, og noen har plakater. Bygningen er historisk med tydelig arkitektur og nasjonalflagg i det fjerne. Folk ser ut til \u00e5 v\u00e6re engasjerte i en sak eller melding. (Bildebeskrivelsen er laget av en KI-tjeneste)\" title=\"Foto: Truls Skram Ler\u00f8 \/ NRK\"\/><\/p>\n<p class=\"\">L\u00f8rdag var flere samlet for \u00e5 demonstrere foran Stortinget i Oslo.<\/p>\n<p>Foto: Truls Skram Ler\u00f8 \/ NRK<\/p>\n<p>BBC mottok ogs\u00e5 en video og en lydmelding fra en lege p\u00e5 et sykehus i byen Shiraz, s\u00f8rvest i landet, torsdag. Legen sa at et stort antall skadde demonstranter ble fraktet til sykehuset, og at de ikke hadde nok kirurger til \u00e5 h\u00e5ndtere alle de skadde.<\/p>\n<p>Legen hevdet at mange av de som kom inn hadde skuddskader i hodet og \u00f8ynene. Opplysningene er ikke bekreftet av andre kilder, og er derfor vanskelige \u00e5 etterpr\u00f8ve.<\/p>\n<p>Skylder p\u00e5 USA og Israel<\/p>\n<p><strong>De siste dagene har myndighetene i Iran sagt at det er USA og Israel som st\u00e5r bak protestene i landet.<\/strong><\/p>\n<p>\u2013 Vi vet jo at det er israelske agenter inne i Iran. Det har blitt \u00e5penbart mange ganger. Og sikkert det samme for USA. Men det er klart det er helt, helt feil n\u00e5r regimet p\u00e5st\u00e5r at det er \u00e5rsaken til det som skjer, sier Utvik.\n<\/p>\n<p><img decoding=\"async\"   src=\"data:image\/gif;base64,R0lGODlhAQABAIAAAAAAAP\/\/\/yH5BAEAAAAALAAAAAABAAEAAAIBRAA7\" loading=\"eager\" alt=\"Bj\u00f8rn Olav Utvik - Mann med gr\u00e5tt h\u00e5r og brun jakke, sort t-skjorte under\" title=\"Foto: Olaf Christensen \/ UiO\"\/><\/p>\n<p class=\"\">Bj\u00f8rn Olav Utvik, professor i midt\u00f8stenstudier ved Institutt for kulturstudier og orientalske spr\u00e5k ved Universitetet i Oslo, <\/p>\n<p>Foto: Olaf Christensen \/ UiO<\/p>\n<p>L\u00f8rdag advarer riksadvokaten i Iran om at alle demonstranter vil bli ansett som \u00abfiender av Gud\u00bb. Det er et lovbrudd som kan straffes med d\u00f8den.<\/p>\n<p>Kunngj\u00f8ringen kom p\u00e5 statlig iransk TV, if\u00f8lge nyhetsbyr\u00e5et AP.<\/p>\n<p>\u2013 Dette er jo oppt\u00f8yer som springer ut av enorm frustrasjon og misn\u00f8ye i Iran. B\u00e5de med \u00f8konomiske forhold og politiske forhold. Og dessuten fra etniske minoriteter som kurdere og balutsjere som er misforn\u00f8yd med at de ikke f\u00e5r samme rettigheter som andre folk i de regionene de bor i, sier Utvik.<\/p>\n<p>Sterkt bekymret<\/p>\n<p>\u2013 Jeg er sterkt bekymret for utviklingen i Iran. Rapporter og bilder fra ulike deler av landet tyder p\u00e5 at demonstrasjoner m\u00f8tes med vold. Det meldes om at flere er drept de siste dagene og ukene. Grov og un\u00f8dvendig bruk av makt mot demonstranter er uakseptabelt og ford\u00f8mmes, sier utenriksminister Espen Barth Eide (Ap).<\/p>\n<p><img decoding=\"async\"   src=\"data:image\/gif;base64,R0lGODlhAQABAIAAAAAAAP\/\/\/yH5BAEAAAAALAAAAAABAAEAAAIBRAA7\" loading=\"eager\" alt=\"Mann i dress holder en kaffekopp\" title=\"Foto: Ksenia Novikova \/ NRK\"\/><\/p>\n<p class=\"\">Utenriksminister Espen Barth Eide sier han er sterkt bekymret over situasjonen i Iran.<\/p>\n<p>Foto: Ksenia Novikova \/ NRK<\/p>\n<p>Eide sier at regjeringen forventer at Iran overholder sine internasjonale forpliktelser, som retten til ytringsfrihet og forsamlingsfrihet.<\/p>\n<p><strong>\u2013 Jeg oppfordrer iranske myndigheter til \u00e5 respektere demonstranters rett til \u00e5 ytre seg fritt og sikre fri tilgang til informasjon, sier Barth Eide.<\/strong><\/p>\n<p>Han sier at Iran m\u00e5 lytte til folket.<\/p>\n<p>\u2013 I stedet ser vi dessverre at myndighetene igjen fors\u00f8ker \u00e5 sl\u00e5 ned p\u00e5 dissens og begrense ytringer som ikke samsvarer med deres syn, sier utenriksministeren.<\/p>\n<p>Interessert i utenriks? H\u00f8r redaksjonens nyeste podkast:<\/p>\n<p>Publisert<\/p>\n<p>10.01.2026, kl. 14.49<\/p>\n<p>Oppdatert<\/p>\n<p>10.01.2026, kl. 16.48<\/p>\n","protected":false},"excerpt":{"rendered":"Saken oppsummert: \u2022 Internett er fortsatt nede i Iran siden torsdag kveld, noe som begrenser kommunikasjon b\u00e5de internt&hellip;\n","protected":false},"author":2,"featured_media":133956,"comment_status":"","ping_status":"","sticky":false,"template":"","format":"standard","meta":{"footnotes":""},"categories":[5],"tags":[20,21,24,25,15,19,22,23,17,18,13,30,28,29,14,16,26,27],"class_list":{"0":"post-133955","1":"post","2":"type-post","3":"status-publish","4":"format-standard","5":"has-post-thumbnail","7":"category-overskrifter","8":"tag-breaking-news","9":"tag-breakingnews","10":"tag-featured-news","11":"tag-featurednews","12":"tag-headlines","13":"tag-hovedoppslag","14":"tag-latest-news","15":"tag-latestnews","16":"tag-main-news","17":"tag-mainnews","18":"tag-news","19":"tag-no","20":"tag-norge","21":"tag-norway","22":"tag-nyheter","23":"tag-overskrifter","24":"tag-top-stories","25":"tag-topstories"},"share_on_mastodon":{"url":"https:\/\/pubeurope.com\/@no\/115871739122065730","error":""},"_links":{"self":[{"href":"https:\/\/www.europesays.com\/no\/wp-json\/wp\/v2\/posts\/133955","targetHints":{"allow":["GET"]}}],"collection":[{"href":"https:\/\/www.europesays.com\/no\/wp-json\/wp\/v2\/posts"}],"about":[{"href":"https:\/\/www.europesays.com\/no\/wp-json\/wp\/v2\/types\/post"}],"author":[{"embeddable":true,"href":"https:\/\/www.europesays.com\/no\/wp-json\/wp\/v2\/users\/2"}],"replies":[{"embeddable":true,"href":"https:\/\/www.europesays.com\/no\/wp-json\/wp\/v2\/comments?post=133955"}],"version-history":[{"count":0,"href":"https:\/\/www.europesays.com\/no\/wp-json\/wp\/v2\/posts\/133955\/revisions"}],"wp:featuredmedia":[{"embeddable":true,"href":"https:\/\/www.europesays.com\/no\/wp-json\/wp\/v2\/media\/133956"}],"wp:attachment":[{"href":"https:\/\/www.europesays.com\/no\/wp-json\/wp\/v2\/media?parent=133955"}],"wp:term":[{"taxonomy":"category","embeddable":true,"href":"https:\/\/www.europesays.com\/no\/wp-json\/wp\/v2\/categories?post=133955"},{"taxonomy":"post_tag","embeddable":true,"href":"https:\/\/www.europesays.com\/no\/wp-json\/wp\/v2\/tags?post=133955"}],"curies":[{"name":"wp","href":"https:\/\/api.w.org\/{rel}","templated":true}]}}