{"id":133961,"date":"2026-01-10T16:31:19","date_gmt":"2026-01-10T16:31:19","guid":{"rendered":"https:\/\/www.europesays.com\/no\/133961\/"},"modified":"2026-01-10T16:31:19","modified_gmt":"2026-01-10T16:31:19","slug":"en-brutal-paminnelse","status":"publish","type":"post","link":"https:\/\/www.europesays.com\/no\/133961\/","title":{"rendered":"&#8211; En brutal p\u00e5minnelse"},"content":{"rendered":"<p>    Superstjerna Nyjah Huston (31) startet det nye \u00e5ret p\u00e5 sykehuset.<\/p>\n<p>\n    SYKEHUS: Nyjah Huston havnet p\u00e5 sykehus etter en skateboardulykke. Foto: Instagram\/nyjah\n  <\/p>\n<p>Til sine 5,2 millioner f\u00f8lgere p\u00e5 Instagram deler den amerikanske skateboarderen Nyjah Huston at han har v\u00e6rt utsatt for en ulykke.<\/p>\n<p> Den olympiske bronsemedaljevinneren p\u00e5dro seg brudd i hodeskallen og brudd i \u00f8yehulen etter en skateboardulykke.<\/p>\n<p class=\"font-weight-bold m-font-weight-bold\" data-lab-font_weight=\"font-weight-bold\">&#8211; En brutal p\u00e5minnelse om hvor d\u00f8dsforaktende det er \u00e5 skate massive rails, skriver 31-\u00e5ringen p\u00e5 Instagram.<\/p>\n<p>        <img loading=\"lazy\" decoding=\"async\" src=\"https:\/\/www.europesays.com\/no\/wp-content\/uploads\/2026\/01\/84070115.webp.webp\" width=\"667\" height=\"381\" title=\"SELFIE: Nyjah Huston p\u00e5dro seg brudd i hodeskallen og brudd i \u00f8yehulen. Foto: Instagram\/nyjah\" alt=\"\" class=\"\" style=\"--aspect-ratio-image: 1.75; \"\/><\/p>\n<p>\n        SELFIE: Nyjah Huston p\u00e5dro seg brudd i hodeskallen og brudd i \u00f8yehulen. Foto: Instagram\/nyjah\n    <\/p>\n<p>Han deler ogs\u00e5 bilder som viser at han f\u00e5r hjelp av medisinsk personell, ligger i en sykehusseng og har kraftige bl\u00e5merker rundt venstre \u00f8ye.<\/p>\n<p class=\"font-weight-bold m-font-weight-bold\" data-lab-font_weight=\"font-weight-bold\">&#8211; Tar det \u00e9n dag av gangen. H\u00e5per dere hadde et bedre nytt\u00e5r enn meg. Vi lever for \u00e5 kjempe en ny dag.<\/p>\n<p>        <img loading=\"lazy\" decoding=\"async\" src=\"https:\/\/www.europesays.com\/no\/wp-content\/uploads\/2026\/01\/84070122.webp.webp\" width=\"980\" height=\"559\" title=\"HARD SMELL: Nyjah Huston ble liggende p\u00e5 bakken f\u00f8r medisinsk personell kom til stedet. Foto: Instagram\/nyjah\" alt=\"\" class=\"\" style=\"--aspect-ratio-image: 1.75; \"\/><\/p>\n<p>\n        HARD SMELL: Nyjah Huston ble liggende p\u00e5 bakken f\u00f8r medisinsk personell kom til stedet. Foto: Instagram\/nyjah\n    <\/p>\n<p>Flere av sportens st\u00f8rste profiler har delt st\u00f8ttemeldinger p\u00e5 Instagram.<\/p>\n<p class=\"font-weight-bold m-font-weight-bold\" data-lab-font_weight=\"font-weight-bold\">&#8211; Hold deg sterk &#8211; vi vet du kommer tilbake, skriver skateboardlegenden Tony Hawk i en kommentar.<\/p>\n<p>&#8211; God bedring, kompis, melder den brasilianske skateboardpioneren Leticia Bufoni.<\/p>\n<p>        <img loading=\"lazy\" decoding=\"async\" src=\"https:\/\/www.europesays.com\/no\/wp-content\/uploads\/2026\/01\/84070176.webp.webp\" width=\"667\" height=\"381\" title=\"OL I PARIS: Nyjah Huston ble nummer tre i OL. Foto: AP Photo\/NTB\" alt=\"\" class=\"\" style=\"--aspect-ratio-image: 1.75; \"\/><\/p>\n<p>\n        OL I PARIS: Nyjah Huston ble nummer tre i OL. Foto: AP Photo\/NTB\n    <\/p>\n<p>Det er forel\u00f8pig ikke kjent n\u00e5r skateren vil returnere til konkurranser.<\/p>\n<p>Siden 31-\u00e5ringen ble proff i 2005 som elleve\u00e5ring, har han blant annet vunnet sju gullmedaljer i VM og tolv gull i X Games. I 2024 tok han bronse under sommer-OL i Paris.<\/p>\n","protected":false},"excerpt":{"rendered":"Superstjerna Nyjah Huston (31) startet det nye \u00e5ret p\u00e5 sykehuset. SYKEHUS: Nyjah Huston havnet p\u00e5 sykehus etter en&hellip;\n","protected":false},"author":2,"featured_media":133962,"comment_status":"","ping_status":"","sticky":false,"template":"","format":"standard","meta":{"footnotes":""},"categories":[12],"tags":[20,21,24,25,15,22,23,13,30,28,29,14,16,83,26,27,42,43,44,45],"class_list":{"0":"post-133961","1":"post","2":"type-post","3":"status-publish","4":"format-standard","5":"has-post-thumbnail","7":"category-verden","8":"tag-breaking-news","9":"tag-breakingnews","10":"tag-featured-news","11":"tag-featurednews","12":"tag-headlines","13":"tag-latest-news","14":"tag-latestnews","15":"tag-news","16":"tag-no","17":"tag-norge","18":"tag-norway","19":"tag-nyheter","20":"tag-overskrifter","21":"tag-sport","22":"tag-top-stories","23":"tag-topstories","24":"tag-verden","25":"tag-world","26":"tag-world-news","27":"tag-worldnews"},"share_on_mastodon":{"url":"https:\/\/pubeurope.com\/@no\/115871762570060802","error":""},"_links":{"self":[{"href":"https:\/\/www.europesays.com\/no\/wp-json\/wp\/v2\/posts\/133961","targetHints":{"allow":["GET"]}}],"collection":[{"href":"https:\/\/www.europesays.com\/no\/wp-json\/wp\/v2\/posts"}],"about":[{"href":"https:\/\/www.europesays.com\/no\/wp-json\/wp\/v2\/types\/post"}],"author":[{"embeddable":true,"href":"https:\/\/www.europesays.com\/no\/wp-json\/wp\/v2\/users\/2"}],"replies":[{"embeddable":true,"href":"https:\/\/www.europesays.com\/no\/wp-json\/wp\/v2\/comments?post=133961"}],"version-history":[{"count":0,"href":"https:\/\/www.europesays.com\/no\/wp-json\/wp\/v2\/posts\/133961\/revisions"}],"wp:featuredmedia":[{"embeddable":true,"href":"https:\/\/www.europesays.com\/no\/wp-json\/wp\/v2\/media\/133962"}],"wp:attachment":[{"href":"https:\/\/www.europesays.com\/no\/wp-json\/wp\/v2\/media?parent=133961"}],"wp:term":[{"taxonomy":"category","embeddable":true,"href":"https:\/\/www.europesays.com\/no\/wp-json\/wp\/v2\/categories?post=133961"},{"taxonomy":"post_tag","embeddable":true,"href":"https:\/\/www.europesays.com\/no\/wp-json\/wp\/v2\/tags?post=133961"}],"curies":[{"name":"wp","href":"https:\/\/api.w.org\/{rel}","templated":true}]}}