{"id":133963,"date":"2026-01-10T16:32:18","date_gmt":"2026-01-10T16:32:18","guid":{"rendered":"https:\/\/www.europesays.com\/no\/133963\/"},"modified":"2026-01-10T16:32:18","modified_gmt":"2026-01-10T16:32:18","slug":"norge-lever-farlig-i-2026","status":"publish","type":"post","link":"https:\/\/www.europesays.com\/no\/133963\/","title":{"rendered":"Norge lever farlig i 2026"},"content":{"rendered":"<p><strong>\u00abVelkommen til 2026\u00bb var<\/strong> den bekm\u00f8rke meldingen krigsminister Pete Hegseth hadde til verden etter den amerikanske spesialoperasjonen i Venezuela. Jeg fr\u00f8s p\u00e5 ryggen da ordene falt. Er det dette som er 2026? Skal ordene, det vi h\u00e5pet bare var ord, virkelig gj\u00f8res om til handling? Gr\u00f8nland, Canada, Mexico, Colombia, Panama \u2013 hva skjer?<\/p>\n<p><strong>Ikke for det<\/strong>; 2025 var ogs\u00e5 handling. R\u00f8d l\u00f8per for Putin p\u00e5 amerikansk milit\u00e6rbase, dramatiske kutt i n\u00f8dhjelpsprogram, aggressive angrep p\u00e5 mangfoldsprogram og minoriteter, stopp i all innvandring med unntak av hvite s\u00f8rafrikanere, stopp i st\u00f8tten til Ukraina, nedskyting av forsvarsl\u00f8se folk i sm\u00e5b\u00e5ter i Karibia \u2013 for \u00e5 nevne noe av det v\u00e5r n\u00e6rmeste allierte foretok seg.<\/p>\n<p><strong>\u00abVi lever i <\/strong>en verden, den virkelige verden, som styres gjennom styrke, som styres gjennom bruk av makt og maktmidler. Dette er jernlovene som har drevet verden framover siden tidenes begynnelse\u00bb, sa Stephen Miller, visestabssjef i Det hvite hus da han like etter at Maduro hadde landet i New York ble spurt om planene for \u00e5 ta Gr\u00f8nland.<\/p>\n<p><strong>Det er bare<\/strong> \u00e5 holde seg fast, vi har muligens bare sett begynnelsen. Men hva skal vi holde i? Fins det holdepunkt? Ja, det gj\u00f8r det. Vi skal ikke bare holde, men tviholde, p\u00e5 en regelbasert verdensorden. Vi skal opprettholde respekten for folkeretten, for menneskerettighetene, for handelsregler, for internasjonal rett, for internasjonale institusjoner og diplomatiet.<\/p>\n<p><strong>Vi skal, i <\/strong>motsetning til budskapet fra Nobelkomiteen, s\u00f8ke \u00e5 l\u00f8se konflikter gjennom dialog og gjensidig respekt. Vi skal s\u00f8ke allianser og samarbeid som tjener alle parter. Vi skal respektere kulturelle og religi\u00f8se forskjeller og finne sammen der vi kan og ta ut avstand der vi m\u00e5. Vi skal l\u00f8se de globale krisene gjennom bindende globale avtaler som bygger p\u00e5 rettferdighet og utjevner forskjeller mellom rike og fattige land.<\/p>\n<p><strong>Det blir imidlertid i<\/strong>kke enkelt \u00e5 insistere p\u00e5 internasjonal lov og orden fremover. N\u00e5r verdens st\u00f8rste \u00f8konomi sier Amerika f\u00f8rst og truer alle sine naboer med milit\u00e6rmakt, n\u00e5r verdens raskest voksende \u00f8konomi skal sikre seg Taiwans vekst i tillegg, og n\u00e5r verdens klart st\u00f8rste land invaderer Europas st\u00f8rste land, da skjer det noe i verden. Vi lever i realpolitikkens tidsalder.<\/p>\n<p><strong>Realpolitikken anerkjenner at <\/strong>den sterkestes rett g\u00e5r foran alle andre rettigheter. Den foreskriver en verden der det normale, ja, det eneste rasjonelle, er \u00e5 utelukkende handle ut fra sine egne strategiske interesser. Realpolitikken h\u00e5per ikke, tror ikke, dr\u00f8mmer ikke om en bedre verden. Den ser verden som den er, ikke som den burde v\u00e6rt eller kunne bli.<\/p>\n<p><strong>N\u00e5r realpolitisk tenkning <\/strong>blir utbredt, f\u00f8lger terminering av samarbeid, \u00f8kt mistenksomhet overfor andre lands hensikter, negative handelstiltak etterfulgt av mottiltak. Den nasjonale politiske samtalen vil handle mer om hvordan vi skal sikre og beskytte egen befolkning, sikre egne ressurser og hvordan landet skal spille kortene for \u00e5 oppn\u00e5 maksimal gevinst med minst mulig risiko og forpliktelse.<\/p>\n<p><strong>Norge er intet <\/strong>unntak. De som fnyser i forakt av Trumps \u00abAmerika f\u00f8rst\u00bb f\u00f8lger ikke med. Frykten for fremmede er p\u00e5 stigende kurs, landet skal stenges. Utenlandsk eierskap skal vi ikke ha noe av, selv om vi eier halve utlandet. Vi skal kutte kabler, men ikke kutte gassprisen til krigstruede naboer. Internasjonale avtaler er vi for, men kun de punktene som passer oss.<\/p>\n<p><strong>Hjelpe folk i <\/strong>n\u00f8d? Jo visst, det f\u00e5r vi til, bare de arbeider, sier vi, og ser ikke at n\u00e5r folk kommer til Norge og arbeider, er det de som hjelper oss, ikke omvendt. Faktisk hjelp handler om \u00e5 avst\u00e5 fra noe, om \u00e5 la v\u00e6re \u00e5 bruke penger p\u00e5 egne trengende, fordi det er noen andre som trenger det mye mer. Men der er vi bare glimtvis. Moralpolitikk har trange k\u00e5r.<\/p>\n<p><strong>Det var ikke <\/strong>for ingenting at Norges arbeids- og inkluderingsminister, Kjersti Stenseng (Ap), m\u00e5tte g\u00e5 ut og si at 27.000 ukrainere i Norge er i jobb. Vi er ikke s\u00e5 innstilt p\u00e5 \u00e5 hjelpe Ukraina lenger, med mindre de jobber, da er det greit, for da hjelper de oss.<\/p>\n<p><strong>Skal vi tro <\/strong>statsviter og spaltist Asle Toje, og H\u00f8yres Ola Svenneby, er det vi, et av verdens rikeste og sikreste land, som er i akutt fare, som trenger beskyttelse \u2013 fra alt det vonde der ute, det nye og ukjente som truer kjempers f\u00f8deland. Det er i v\u00e5r nasjonale interesse \u00e5 hindre at noen kommer. Ingen sp\u00f8r seg: Hva hvis ingen kommer?<\/p>\n<p><strong>Heldigvis er det<\/strong> ikke helsvart. Et flertall p\u00e5 Stortinget vil bevare E\u00d8S-avtalen. Vi har fortsatt et bistandsbudsjett. Vi t\u00f8r \u00e5 hviske til USA at de bryter folkeretten. Vi st\u00f8tter opp om internasjonale institusjoner og avtaler. Vi er i ferd med \u00e5 ta innover oss \u2013 sakte, men sikkert \u2013 at v\u00e5re n\u00e6rmeste allierte ogs\u00e5 er v\u00e5re n\u00e6rmeste handelspartnere og v\u00e5re n\u00e6rmeste naboer.<\/p>\n<p><strong>Mitt h\u00e5p er <\/strong>at flere ogs\u00e5 skal ha lyst til, og se n\u00f8dvendigheten av, \u00e5 st\u00e5 l\u00f8pet helt ut i Europa. EU-samarbeidet er n\u00f8kkelen til v\u00e5r sikkerhet, v\u00e5r \u00f8konomi og bevaring av v\u00e5rt frie, liberale demokrati. En rik sm\u00e5stat som Norge lever farlig i en illiberal verden drevet av realpolitiske hensyn alene. V\u00e5re strategiske ressurser i nord kan spilles bort p\u00e5 et \u00f8yeblikk over et glass vodka og en Big Mac.<\/p>\n<p><strong>Hvem vil ha <\/strong>egeninteresse av \u00e5 hjelpe oss da?<\/p>\n","protected":false},"excerpt":{"rendered":"\u00abVelkommen til 2026\u00bb var den bekm\u00f8rke meldingen krigsminister Pete Hegseth hadde til verden etter den amerikanske spesialoperasjonen i&hellip;\n","protected":false},"author":2,"featured_media":133964,"comment_status":"","ping_status":"","sticky":false,"template":"","format":"standard","meta":{"footnotes":""},"categories":[10],"tags":[20,21,279,24,25,2112,15,22,23,13,30,28,29,14,16,26,27,50],"class_list":{"0":"post-133963","1":"post","2":"type-post","3":"status-publish","4":"format-standard","5":"has-post-thumbnail","7":"category-norge","8":"tag-breaking-news","9":"tag-breakingnews","10":"tag-eu","11":"tag-featured-news","12":"tag-featurednews","13":"tag-gronland","14":"tag-headlines","15":"tag-latest-news","16":"tag-latestnews","17":"tag-news","18":"tag-no","19":"tag-norge","20":"tag-norway","21":"tag-nyheter","22":"tag-overskrifter","23":"tag-top-stories","24":"tag-topstories","25":"tag-usa"},"share_on_mastodon":{"url":"https:\/\/pubeurope.com\/@no\/115871766579989226","error":""},"_links":{"self":[{"href":"https:\/\/www.europesays.com\/no\/wp-json\/wp\/v2\/posts\/133963","targetHints":{"allow":["GET"]}}],"collection":[{"href":"https:\/\/www.europesays.com\/no\/wp-json\/wp\/v2\/posts"}],"about":[{"href":"https:\/\/www.europesays.com\/no\/wp-json\/wp\/v2\/types\/post"}],"author":[{"embeddable":true,"href":"https:\/\/www.europesays.com\/no\/wp-json\/wp\/v2\/users\/2"}],"replies":[{"embeddable":true,"href":"https:\/\/www.europesays.com\/no\/wp-json\/wp\/v2\/comments?post=133963"}],"version-history":[{"count":0,"href":"https:\/\/www.europesays.com\/no\/wp-json\/wp\/v2\/posts\/133963\/revisions"}],"wp:featuredmedia":[{"embeddable":true,"href":"https:\/\/www.europesays.com\/no\/wp-json\/wp\/v2\/media\/133964"}],"wp:attachment":[{"href":"https:\/\/www.europesays.com\/no\/wp-json\/wp\/v2\/media?parent=133963"}],"wp:term":[{"taxonomy":"category","embeddable":true,"href":"https:\/\/www.europesays.com\/no\/wp-json\/wp\/v2\/categories?post=133963"},{"taxonomy":"post_tag","embeddable":true,"href":"https:\/\/www.europesays.com\/no\/wp-json\/wp\/v2\/tags?post=133963"}],"curies":[{"name":"wp","href":"https:\/\/api.w.org\/{rel}","templated":true}]}}