{"id":133965,"date":"2026-01-10T16:33:11","date_gmt":"2026-01-10T16:33:11","guid":{"rendered":"https:\/\/www.europesays.com\/no\/133965\/"},"modified":"2026-01-10T16:33:11","modified_gmt":"2026-01-10T16:33:11","slug":"bomskuddene-haglet-komisk","status":"publish","type":"post","link":"https:\/\/www.europesays.com\/no\/133965\/","title":{"rendered":"Bomskuddene haglet: &#8211; Komisk"},"content":{"rendered":"<p class=\"kicker \" style=\"\">Skiskyting<\/p>\n<p>    Tommaso Giacomel tok en ny seier p\u00e5 jaktstarten i Oberhof da de norske skj\u00f8t seg bort. Ole Einar Bj\u00f8rndalen er kritisk til norske prioriteringer.<\/p>\n<p>\n    SKJ\u00d8T SEG BORT: Bommene florerte for Martin Uldal og skiskytterne l\u00f8rdag. Foto: Tobias Schwartz \/ AFP \/ NTB\n  <\/p>\n<p>OBERHOF (Dagbladet): Skiskytterherrene fikk en hviledag etter en f\u00f8lelsesladd sprint torsdag. <a href=\"https:\/\/www.dagbladet.no\/sport\/brast-i-tarer\/84070043\" target=\"_blank\" rel=\"nofollow noopener\">Sivert Guttorm Bakken ble hedret<\/a> i forkant av rennet, noe som preget b\u00e5de norske og utenlandske ut\u00f8vere.<\/p>\n<p>Bakkens treningskompis Tommaso Giacomel var en av dem, og hyllet kompisen da han tok seieren p\u00e5 sprinten. Italieneren startet dermed i front p\u00e5 jaktstarten og tok nok en seier l\u00f8rdag.<\/p>\n<p class=\"font-weight-bold m-font-weight-bold\" data-lab-font_weight=\"font-weight-bold\">De norske, med Martin Uldal i spissen, gikk til siste skyting i ledelsen, men sprakk fullstendig. Det var de ikke alene om da bomskuddene haglet. Giacomel tok dermed en ny seier, med Uldal p\u00e5 andreplass.<\/p>\n<p>    <a itemprop=\"url\" href=\"https:\/\/www.dagbladet.no\/sport\/brast-i-tarer\/84070043\" rel=\"nofollow noopener\" target=\"_blank\"><\/p>\n<p>        <img loading=\"lazy\" decoding=\"async\" src=\"https:\/\/www.europesays.com\/no\/wp-content\/uploads\/2026\/01\/1768062789_137_84070117.webp.webp\" width=\"980\" height=\"441\" title=\"Brast i t\u00e5rer\" alt=\"\" class=\"lazyload\" style=\"--aspect-ratio-image: 2.22; \"\/><\/p>\n<p>        Brast i t\u00e5rer<\/p>\n<p>    <\/a><\/p>\n<p>&#8211; Jeg tar han ut n\u00e5, jeg, kommenterte Skjelb\u00e6k om Uldal f\u00f8r hans siste skyting.<\/p>\n<p>Like etter bommet han p\u00e5 tre skudd og seieren r\u00f8k.<\/p>\n<p>&#8211; Komisk mange bom, if\u00f8lge TV2s Marius Skjelb\u00e6k. <\/p>\n<p>Sebastian Samuelsson tok tredjeplassen, mens Johannes Dale-Skjevdal\u00a0 m\u00e5tte n\u00f8ye seg med den sure fjerdeplassen da det florerte med bomskudd i Oberhof.<\/p>\n<p>For topp ti var det hele 43 bomskudd.<\/p>\n<p>Isak Leknes Frey skj\u00f8t derimot bedre og gikk ut p\u00e5 andreplass etter tredje skyting. Men ogs\u00e5 han bommet p\u00e5 siste skyting og endte helt nede p\u00e5 tolvteplass.<\/p>\n<p>&#8211; Jeg er b\u00e5de irritert og sliten. S\u00e5 dum som jeg er s\u00e5 bare \u00e5pnet jeg altfor hardt. Det er j\u00e6vlig kjedelig n\u00e5r man er oppe og kjemper og har muligheten, s\u00e5 er jeg bare helt ferdig. Det er egentlig det l\u00f8pet jeg har v\u00e6rt mest sur p\u00e5 meg selv hittil i \u00e5r, sa Frey til TV2 etter rennet.<\/p>\n<p>        <img loading=\"lazy\" decoding=\"async\" src=\"https:\/\/www.europesays.com\/no\/wp-content\/uploads\/2026\/01\/84081026.webp.webp\" width=\"980\" height=\"559\" title=\"SLITT MED SYKDOM: Isak Leknes Frey har g\u00e5tt l\u00f8p med covid i kroppen. Foto: Amanda Pedersen Giske \/ NTB\" alt=\"\" class=\"\" style=\"--aspect-ratio-image: 1.75; \"\/><\/p>\n<p>\n        SLITT MED SYKDOM: Isak Leknes Frey har g\u00e5tt l\u00f8p med covid i kroppen. Foto: Amanda Pedersen Giske \/ NTB\n    <\/p>\n<p>Ole Einar Bj\u00f8rndalen mente f\u00f8r rennet at Leknes Frey m\u00e5tte komme p\u00e5 pallen for \u00e5 v\u00e6re aktuell til OL.<\/p>\n<p class=\"font-weight-bold m-font-weight-bold\" data-lab-font_weight=\"font-weight-bold\">&#8211; Han har her (Oberhof) og i Rupholding igjen. Det er eneste sjansen han har igjen n\u00e5, sa\u00a0Bj\u00f8rndalen til TV2 i forkant av l\u00f8pet.<\/p>\n<p>Leknes Frey har v\u00e6rt \u00e5pen om \u00e5 ha g\u00e5tt med covid i kroppen i det siste, noe skiskytterekspert Ole Einar Bj\u00f8rndalen er sv\u00e6rt kritisk til.<\/p>\n<p>&#8211; Jeg er sterkt kritisk til at l\u00f8perne v\u00e5re g\u00e5r med sykdom, i alle fall med s\u00e5nne talenter som Isak, sa Bj\u00f8rndalen f\u00f8r rennet.<\/p>\n<p>        <img loading=\"lazy\" decoding=\"async\" src=\"https:\/\/www.europesays.com\/no\/wp-content\/uploads\/2026\/01\/84080963.webp.webp\" width=\"667\" height=\"394\" title=\"KRITISK: Ole Einar Bj\u00f8rndalen er kritisk til den norske leiren. Foto: Pierre Teyssot \/ DPPI \/ Shutterstock \/ NTB\" alt=\"\" class=\"\" style=\"--aspect-ratio-image: 1.69; \"\/><\/p>\n<p>\n        KRITISK: Ole Einar Bj\u00f8rndalen er kritisk til den norske leiren. Foto: Pierre Teyssot \/ DPPI \/ Shutterstock \/ NTB\n    <\/p>\n<p>Johannes Dale-Skjevdal endte p\u00e5 fjerdeplass, mens Sverre Aspenes og Martin Nevland gikk i m\u00e5l som nummer 16 og 43. Vetle Sj\u00e5stad Christiansen ble nummer 64 p\u00e5 sprinten torsdag og gikk dermed ikke l\u00f8rdagens jaktstart.<\/p>\n<p> Verdenscupleder Johan-Olav Botn og Sturla Holm L\u00e6greid er frav\u00e6rende i Oberhof p\u00e5 grunn av sykdom. <\/p>\n<p>OL n\u00e6rmer seg med stormskritt for skiskytterne. Det starter 6. februar.<\/p>\n<p>        Det ble en spesiell start p\u00e5 \u00e5ret for skiskytterne n\u00e5r Sivert Guttorm Bakkens bortgang ble markert f\u00f8r sprintrennet torsdag.<\/p>\n<p>F\u00f8r den tid er det ventet at lagkameratene er til stede n\u00e5r Sivert Guttorm Bakken bisettes i Nordre \u00c5l kirke 13. januar.<\/p>\n","protected":false},"excerpt":{"rendered":"Skiskyting Tommaso Giacomel tok en ny seier p\u00e5 jaktstarten i Oberhof da de norske skj\u00f8t seg bort. Ole&hellip;\n","protected":false},"author":2,"featured_media":133966,"comment_status":"","ping_status":"","sticky":false,"template":"","format":"standard","meta":{"footnotes":""},"categories":[5],"tags":[20,21,24,25,15,19,22,23,17,18,13,30,28,29,14,16,769,83,26,27],"class_list":{"0":"post-133965","1":"post","2":"type-post","3":"status-publish","4":"format-standard","5":"has-post-thumbnail","7":"category-overskrifter","8":"tag-breaking-news","9":"tag-breakingnews","10":"tag-featured-news","11":"tag-featurednews","12":"tag-headlines","13":"tag-hovedoppslag","14":"tag-latest-news","15":"tag-latestnews","16":"tag-main-news","17":"tag-mainnews","18":"tag-news","19":"tag-no","20":"tag-norge","21":"tag-norway","22":"tag-nyheter","23":"tag-overskrifter","24":"tag-skiskyting","25":"tag-sport","26":"tag-top-stories","27":"tag-topstories"},"share_on_mastodon":{"url":"https:\/\/pubeurope.com\/@no\/115871770466085263","error":""},"_links":{"self":[{"href":"https:\/\/www.europesays.com\/no\/wp-json\/wp\/v2\/posts\/133965","targetHints":{"allow":["GET"]}}],"collection":[{"href":"https:\/\/www.europesays.com\/no\/wp-json\/wp\/v2\/posts"}],"about":[{"href":"https:\/\/www.europesays.com\/no\/wp-json\/wp\/v2\/types\/post"}],"author":[{"embeddable":true,"href":"https:\/\/www.europesays.com\/no\/wp-json\/wp\/v2\/users\/2"}],"replies":[{"embeddable":true,"href":"https:\/\/www.europesays.com\/no\/wp-json\/wp\/v2\/comments?post=133965"}],"version-history":[{"count":0,"href":"https:\/\/www.europesays.com\/no\/wp-json\/wp\/v2\/posts\/133965\/revisions"}],"wp:featuredmedia":[{"embeddable":true,"href":"https:\/\/www.europesays.com\/no\/wp-json\/wp\/v2\/media\/133966"}],"wp:attachment":[{"href":"https:\/\/www.europesays.com\/no\/wp-json\/wp\/v2\/media?parent=133965"}],"wp:term":[{"taxonomy":"category","embeddable":true,"href":"https:\/\/www.europesays.com\/no\/wp-json\/wp\/v2\/categories?post=133965"},{"taxonomy":"post_tag","embeddable":true,"href":"https:\/\/www.europesays.com\/no\/wp-json\/wp\/v2\/tags?post=133965"}],"curies":[{"name":"wp","href":"https:\/\/api.w.org\/{rel}","templated":true}]}}