{"id":133973,"date":"2026-01-10T16:40:12","date_gmt":"2026-01-10T16:40:12","guid":{"rendered":"https:\/\/www.europesays.com\/no\/133973\/"},"modified":"2026-01-10T16:40:12","modified_gmt":"2026-01-10T16:40:12","slug":"overvakningskamera-ved-ntnu-la-apent-tilgjengelig-i-over-seks-ar","status":"publish","type":"post","link":"https:\/\/www.europesays.com\/no\/133973\/","title":{"rendered":"Overv\u00e5knings\u00adkamera ved NTNU l\u00e5 \u00e5pent tilgjengelig i over seks \u00e5r"},"content":{"rendered":"<p class=\"kicker t14 tm15 align-left mobile_text_align_align-left\" style=\"\">Personvern<\/p>\n<p>    Et trettitalls kameraer beregnet p\u00e5 opptak av forelesninger ved NTNU kan potensielt ha ligget \u00e5pne p\u00e5 nett i over seks \u00e5r.<\/p>\n<p>\n        NTNUs forelesningssal R2 omtales som et innovativt l\u00e6ringsareal, og brukes ofte ogs\u00e5 til andre arrangementer, slik som i 2023 da NTNU var vertskap for \u00e5rsm\u00f8tet til Industriell bioteknologi, et senter for fremragende innovasjon ledet av Sintef.<br \/>\n        Foto: Aleksander B\u00e5tnes\/NTNU\n    <\/p>\n<p>I over seks \u00e5r kunne personer p\u00e5koblet Eduroam-nettverket ved NTNU komme seg inn p\u00e5, og styre, overv\u00e5kningskamera plassert i undervisningslokaler.\u00a0<\/p>\n<p>Det kommer frem av en avviksmelding universitetet har sendt til Datatilsynet.<\/p>\n<p>Der skriver NTNU at kameraet var ment benyttet i undervisningssammenheng, og p\u00e5peker at det var merket med \u00abKameraoverv\u00e5kning\u00bb b\u00e5de p\u00e5 d\u00f8rer og inne i lokalene.<\/p>\n<p>\u2014 Da vi oppdaget dette ble det beordret full gjennomgang, og vi fant et tredvetalls potensielle kameraer som potensielt kunne ha samme problem, sier Stian Husemoen, informasjonssikkerhetssjef ved NTNU.<\/p>\n<p>        <a itemprop=\"url\" class=\"\" href=\"https:\/\/www.khrono.no\/sendte-ut-opplysninger-om-studenter-til-feil-person-tre-ganger-pa-tre-uker\/973114\" data-k5a-url=\"https:\/\/www.khrono.no\/a\/973114\" rel=\"nofollow noopener\" target=\"_blank\"><\/p>\n<p>Personvern<\/p>\n<p>            Sendte opplysninger til feil person tre ganger p\u00e5 tre uker<\/p>\n<p>        <\/a><\/p>\n<p>Fordelt p\u00e5 alle byer<\/p>\n<p>Husemoen forteller at disse var fordelt p\u00e5 alle universitets tre byer, Trondheim, Gj\u00f8vik og \u00c5lesund.\u00a0<\/p>\n<p>\u2014 Dette er kamera som ble satt opp f\u00f8r 2020, og som ikke ble satt opp korrekt. Med en gang vi oppdaget det gikk vi gjennom alle kameraer og la inn krav om passord.<\/p>\n<p>Selve avviksmeldingen skal gjelde det \u00abInnovative l\u00e6ringsarealet\u00bb som g\u00e5r under navnet R2, og \u00e5rsaken skal v\u00e6re \u00abmanglende oppgradering p\u00e5 en type kamera i noen rom\u00bb.<\/p>\n<p>\u00abDet er ikke lagret opptak p\u00e5 kamera, men det kan ikke utelukkes at noen har gjort egne opptak hvis de har hatt tilgang\u00bb skriver NTNU.<\/p>\n<p>        <a itemprop=\"url\" class=\"\" href=\"https:\/\/www.khrono.no\/proveresultater-fra-990-forsokspersoner-pa-avveie\/895279\" data-k5a-url=\"https:\/\/www.khrono.no\/a\/895279\" rel=\"nofollow noopener\" target=\"_blank\"><\/p>\n<p>Personvern<\/p>\n<p>            Pr\u00f8ve\u00adresultater fra 990 fors\u00f8ks\u00adpersoner p\u00e5 avveie<\/p>\n<p>        <\/a><\/p>\n<p>Krevde teknisk kunnskap<\/p>\n<p>I tillegg til \u00e5 v\u00e6re p\u00e5koblet riktig nettverk med en NTNU-bruker m\u00e5 en ogs\u00e5 ha hatt nettadressen til de enkelte kameraene for \u00e5 f\u00e5 tilgang.<\/p>\n<p>Under punktet om mulige konsekvenser skriver NTNU:\u00a0<\/p>\n<p>\u00abPotensielt misbrukt overv\u00e5kningstjeneste hvor uautoriserte personer har kunnet se personer i sanntid.\u00bb<\/p>\n<p>De p\u00e5peker videre at de anser sannsynligheten for misbruk som lav.<\/p>\n<p>\u00ab \u2026 men det kan ikke utelukkes.\u00bb<\/p>\n<p>\u2014 Du skal ha god teknisk kunnskap for \u00e5 spore opp adressene og gj\u00f8re opptak, s\u00e5 vi anser det som lite sannsynlig. Men ettersom vi ikke klarte \u00e5 verifisere om noen har v\u00e6rt inne, s\u00e5 valgte vi \u00e5 melde, sier Husemoen.<\/p>\n<p>        <a itemprop=\"url\" class=\"\" href=\"https:\/\/www.khrono.no\/ntnu-rammet-av-dataangrep-113-passord-pa-avveie\/983397\" data-k5a-url=\"https:\/\/www.khrono.no\/a\/983397\" rel=\"nofollow noopener\" target=\"_blank\"><\/p>\n<p>HACKING<\/p>\n<p>            NTNU rammet av data\u00adangrep. 113 passord p\u00e5 avveie<\/p>\n<p>        <\/a><\/p>\n<p>Datatilsynet: Ett av fire sp\u00f8rsm\u00e5l om kamera<\/p>\n<p>Janne Stang Dahl, kommunikasjonsdirekt\u00f8r i Datatilsynet, forteller at sp\u00f8rsm\u00e5l om overv\u00e5kningskameraer er en gjenganger hos dem. Av de rundt 5000 sp\u00f8rsm\u00e5lene deres veiledningstjeneste f\u00e5r hvert \u00e5r, handler en fjerdedel om kameraoverv\u00e5kning.<\/p>\n<p>\u2014 Generelt er det nok varierende hvor bevisste virksomheter er p\u00e5 regelverket n\u00e5r de monterer kameraer i omr\u00e5der der mange ferdes, sier hun.<\/p>\n<p>Dahl p\u00e5peker at det er den enkelte virksomhets ansvar \u00e5 f\u00f8lge reglene, og sier at et kamera ikke skal fange opp mer enn n\u00f8dvendig, og at det skal v\u00e6re klare rutiner for opptak, tilgang og lagring. Behovet for \u00e5 sette opp kamera skal ogs\u00e5 veies opp mot den enkeltes personvern.<\/p>\n<p>\u2014 En forelesningssal er et rom der mange identifiserbare personer oppholder seg over tid, ofte i situasjoner som er tett knyttet til l\u00e6ring, ytring og akademisk frihet. Her veier selvsagt personvernet til b\u00e5de studenter og forelesere tungt. Man skal f\u00f8le seg fri i undervisningssituasjoner, sier kommunikasjonsdirekt\u00f8ren og legger til:<\/p>\n<p>\u2014 Det \u00e5 ha gode teknologiske og organisatoriske rutiner er viktig n\u00e5r kameraer for undervisningsform\u00e5l tas i bruk, og det er bra at NTNU har satt inn tiltak for oppgradering, tilgang og rutiner.\u00a0<\/p>\n<p>        <a itemprop=\"url\" class=\"\" href=\"https:\/\/www.khrono.no\/uit-forsker-skaffet-seg-sekretaer-i-ghana-universitetet-satte-ned-foten\/1012447\" data-k5a-url=\"https:\/\/www.khrono.no\/a\/1012447\" rel=\"nofollow noopener\" target=\"_blank\"><\/p>\n<p>personvern <\/p>\n<p>            UiT-forsker skaffet seg sekret\u00e6r i Ghana<\/p>\n<p>        <\/a><\/p>\n<p>\u2014 Blir aldri ferdig med bevisstgj\u00f8ring<\/p>\n<p>Informasjonssikkerhetssjefen forteller at de jevnlig skanner nettverkene som kameraene er koblet til for \u00e5 avdekke denne type feil, men at det her var snakk om kamera som var koblet p\u00e5 nettverk der det ikke skal v\u00e6re kameraer p\u00e5koblet. Det er ogs\u00e5 derfor det tok s\u00e5 lang tid f\u00f8r det ble avdekket.\u00a0<\/p>\n<p>\u2014 Og s\u00e5 antar jeg at de som satte opp kameraet ikke tenkte over at det kunne v\u00e6rt et problem. Det er jo kameraer satt opp for \u00e5 ta opp forelesninger som er rettet mot kateteret i et undervisningsrom, s\u00e5 stort sett vil det jo bare v\u00e6re forelesere som foreleser som vises.<\/p>\n<p class=\"italic m-italic\" data-lab-italic=\"italic\">\u2014 Er det en manglende bevissthet rundt slikt ute i organisasjonen?<\/p>\n<p>\u2014 Vi blir aldri ferdig med bevisstgj\u00f8ring og kulturbygging, men selv om vi har gode rutiner p\u00e5 oppl\u00e6ring glipper det innimellom.<\/p>\n","protected":false},"excerpt":{"rendered":"Personvern Et trettitalls kameraer beregnet p\u00e5 opptak av forelesninger ved NTNU kan potensielt ha ligget \u00e5pne p\u00e5 nett&hellip;\n","protected":false},"author":2,"featured_media":133974,"comment_status":"","ping_status":"","sticky":false,"template":"","format":"standard","meta":{"footnotes":""},"categories":[5],"tags":[20,21,24,25,15,19,22,23,17,18,13,30,28,29,14,16,26,27],"class_list":{"0":"post-133973","1":"post","2":"type-post","3":"status-publish","4":"format-standard","5":"has-post-thumbnail","7":"category-overskrifter","8":"tag-breaking-news","9":"tag-breakingnews","10":"tag-featured-news","11":"tag-featurednews","12":"tag-headlines","13":"tag-hovedoppslag","14":"tag-latest-news","15":"tag-latestnews","16":"tag-main-news","17":"tag-mainnews","18":"tag-news","19":"tag-no","20":"tag-norge","21":"tag-norway","22":"tag-nyheter","23":"tag-overskrifter","24":"tag-top-stories","25":"tag-topstories"},"share_on_mastodon":{"url":"","error":""},"_links":{"self":[{"href":"https:\/\/www.europesays.com\/no\/wp-json\/wp\/v2\/posts\/133973","targetHints":{"allow":["GET"]}}],"collection":[{"href":"https:\/\/www.europesays.com\/no\/wp-json\/wp\/v2\/posts"}],"about":[{"href":"https:\/\/www.europesays.com\/no\/wp-json\/wp\/v2\/types\/post"}],"author":[{"embeddable":true,"href":"https:\/\/www.europesays.com\/no\/wp-json\/wp\/v2\/users\/2"}],"replies":[{"embeddable":true,"href":"https:\/\/www.europesays.com\/no\/wp-json\/wp\/v2\/comments?post=133973"}],"version-history":[{"count":0,"href":"https:\/\/www.europesays.com\/no\/wp-json\/wp\/v2\/posts\/133973\/revisions"}],"wp:featuredmedia":[{"embeddable":true,"href":"https:\/\/www.europesays.com\/no\/wp-json\/wp\/v2\/media\/133974"}],"wp:attachment":[{"href":"https:\/\/www.europesays.com\/no\/wp-json\/wp\/v2\/media?parent=133973"}],"wp:term":[{"taxonomy":"category","embeddable":true,"href":"https:\/\/www.europesays.com\/no\/wp-json\/wp\/v2\/categories?post=133973"},{"taxonomy":"post_tag","embeddable":true,"href":"https:\/\/www.europesays.com\/no\/wp-json\/wp\/v2\/tags?post=133973"}],"curies":[{"name":"wp","href":"https:\/\/api.w.org\/{rel}","templated":true}]}}