{"id":133979,"date":"2026-01-10T16:47:17","date_gmt":"2026-01-10T16:47:17","guid":{"rendered":"https:\/\/www.europesays.com\/no\/133979\/"},"modified":"2026-01-10T16:47:17","modified_gmt":"2026-01-10T16:47:17","slug":"vil-heve-aldersgrensen-for-forerkort-til-20-ar-for-gutter-nrk-rogaland-lokale-nyheter-tv-og-radio","status":"publish","type":"post","link":"https:\/\/www.europesays.com\/no\/133979\/","title":{"rendered":"Vil heve aldersgrensen for f\u00f8rerkort til 20 \u00e5r for gutter \u2013 NRK Rogaland \u2013 Lokale nyheter, TV og radio"},"content":{"rendered":"<p>\u2013 Guttene er mer risikovillige enn jentene, sier Jarle Bruntveit.<\/p>\n<p>Han vet at forslaget hans er upopul\u00e6rt, men etter seks \u00e5r som fagl\u00e6rer i transport og logistikk p\u00e5 Haugaland videreg\u00e5ende skole i Haugesund mener Jarle Bruntveit at noe m\u00e5 gj\u00f8res.<\/p>\n<p><strong>\u2013 Aldersgrensen for \u00e5 f\u00e5 f\u00f8rerkort b\u00f8r heves til 20 \u00e5r for guttene. De utsetter seg stadig for fare, sier Bruntveit<\/strong>.\n<\/p>\n<p><img decoding=\"async\"   src=\"data:image\/gif;base64,R0lGODlhAQABAIAAAAAAAP\/\/\/yH5BAEAAAAALAAAAAABAAEAAAIBRAA7\" loading=\"eager\" alt=\"Jarle Bruntveit\" title=\"Foto: Gisle J\u00f8rgensen \/ NRK\"\/><\/p>\n<p class=\"\">Fagl\u00e6rer i transport og logistikk, Jarle Bruntveit, vil at gutter skal ha fylt 20 \u00e5r f\u00f8r de kan ta f\u00f8rerkortet.<\/p>\n<p>Foto: Gisle J\u00f8rgensen \/ NRK<\/p>\n<p>Statistikken viser at det er flere unge menn enn unge kvinner som er involvert i bilulykker.<\/p>\n<p>I en helt fersk rapport Statens vegvesen publiserte i desember er konklusjonen at gutter i alderen 16-24 \u00e5r er<a href=\"https:\/\/www.nrk.no\/ostfold\/sjokktal-fra-statens-vegvesen_-gutar-forarsakar-dodsulykker-ti-gonger-oftare-enn-jenter-1.17687154\" ec-id=\"pp:article:1.17687154\" ec-name=\"ti ganger mer utsatt for \u00e5 havne i en d\u00f8dsulykke enn jenter\" rel=\"nofollow noopener\" target=\"_blank\"> ti ganger mer utsatt for \u00e5 havne i en d\u00f8dsulykke enn jenter<\/a>.<\/p>\n<p><strong>Manglende modenhet og risikovurdering blir pekt p\u00e5 som \u00e5rsaker.<\/strong><\/p>\n<p>Bruntveit prater mye om risiko og trafikksikkerhet med elevene sine som planlegger \u00e5 bli tungtransportsj\u00e5f\u00f8rer.<\/p>\n<p>\u2013 Likevel er det hvert \u00e5r minst en gutt som mister f\u00f8rerkortet rett etter at han har f\u00e5tt det, sier fagl\u00e6reren.<\/p>\n<p>Urettferdig forslag<\/p>\n<p>Det er etter skoletid, og NRK er invitert av kj\u00f8reskolen Drive It for \u00e5 bli med p\u00e5 delkurset Bilkj\u00f8ringens risiko.<\/p>\n<p>Bilkj\u00f8ringens risiko er et av Statens vegvesens obligatoriske sikkerhetskurs som alle som skal ta f\u00f8rerkort m\u00e5 gjennom.<\/p>\n<p>Fem 17-\u00e5ringer er til stede.<\/p>\n<p><strong>Ingen synes noe om forslaget til Jarle Bruntveit.<\/strong><\/p>\n<p>    \u2190<\/p>\n<ul data-scroll-container=\"\" role=\"list\">\n<li><img alt=\"Eskil Skog\u00f8y W\u00e5ge\"  width=\"3840\" height=\"2160\" loading=\"lazy\"\/>\n<p>\n        Gisle J\u00f8rgensen \/ NRK\n      <\/p>\n<p>Eskil Skog\u00f8y W\u00e5ge<\/p>\n<p>\u2013 Forslaget er rart. Men det er kanskje sant at gutter tar mer risiko.<\/p>\n<p>Eskil Skog\u00f8y W\u00e5ge trenger f\u00f8rerkort for \u00e5 kunne kj\u00f8re til og fra fotballtrening. Og kj\u00f8re venner i helgene til og fra fest.<\/p>\n<p>\u2013 Oppl\u00e6ringen burde kanskje bli bedre slik gutter f\u00e5r vite mer om risikoen i trafikken.<\/p>\n<\/li>\n<li><img alt=\"Emilia Sehic\"  width=\"3840\" height=\"2160\" loading=\"lazy\"\/>\n<p>\n        Gisle J\u00f8rgensen \/ NRK\n      <\/p>\n<p>Emilia Sehic<\/p>\n<p>\u2013 Det er urettferdig \u00e5 straffe alle guttene fordi noen gutter har d\u00e5rligere impulskontroll enn andre.<\/p>\n<p>Emilia Sehic har venninner som ikke har turt \u00e5 gi beskjed n\u00e5r gutter har brutt fartsgrensen.<\/p>\n<p>\u2013 Det er viktig at vi jenter t\u00f8r \u00e5 gi beskjed n\u00e5r det g\u00e5r for fort.<\/p>\n<\/li>\n<li><img alt=\"Mateusz Pienkowski\"  width=\"3840\" height=\"2160\" loading=\"lazy\"\/>\n<p>\n        Gisle J\u00f8rgensen \/ NRK\n      <\/p>\n<p>Mateusz Pienkowski<\/p>\n<p>\u2013 Forslaget er tullete. Alle gleder seg til 18-\u00e5rsdagen. Det er en viktig dag for oss.<\/p>\n<p>Mateusz Pienkowski pr\u00f8ver \u00e5 f\u00f8lge godt med n\u00e5r han \u00f8velseskj\u00f8rer for \u00e5 l\u00e6re av andre sj\u00e5f\u00f8rer.<\/p>\n<p>\u2013 Jeg hadde blitt skikkelig deppa om jeg hadde m\u00e5ttet vente til 20-\u00e5rsdagen for \u00e5 ta f\u00f8rerkortet.<\/p>\n<\/li>\n<li><img alt=\"Ida Holgersen Warvik\"  width=\"3840\" height=\"2160\" loading=\"lazy\"\/>\n<p>\n        Gisle J\u00f8rgensen \/ NRK\n      <\/p>\n<p>Ida Holgersen Warvik<\/p>\n<p>\u2013 Det m\u00e5 v\u00e6re likt mellom guttene og jentene. Det blir helt feil hvis jentene kan ta f\u00f8rerkort n\u00e5r vi er 18 \u00e5r, mens guttene m\u00e5 vente til de blir 20.<\/p>\n<p>Ida Holgersen Warvik har sittet med gutter som har kj\u00f8rt uforsiktig.<\/p>\n<p>\u2013 Jeg har gitt beskjed, og det har g\u00e5tt fint.<\/p>\n<\/li>\n<\/ul>\n<p>\u2192<\/p>\n<p>Kj\u00f8reskoleeier Arnt Fredheim begynner undervisningen med \u00e5 vise til en nettsak i VG fra oktober i \u00e5r. VG skriver at <a href=\"https:\/\/www.vg.no\/nyheter\/i\/kwAgO6\/det-er-en-tragedie\" ec-id=\"https:\/\/www.vg.no\/nyheter\/i\/kwAgO6\/det-er-en-tragedie\" ec-name=\"siden juni er 18 unge menn og gutter drept i trafikken\" rel=\"nofollow noopener\" target=\"_blank\">siden juni er 18 unge menn og gutter drept i trafikken<\/a> (ekstern lenke). Ingen jenter.<\/p>\n<p>Han ber elevene reflektere over faktum, og sp\u00f8r om de vil dele tankene sine.<\/p>\n<p>Diskusjonen g\u00e5r.<\/p>\n<p><strong>\u2013 Guttene tar feil valg oftere i forhold til risiko. Jeg prater veldig mye om det i bilen n\u00e5r vi har vanlige kj\u00f8retimer ogs\u00e5, forteller Arnt Fredheim.<br \/>\n<\/strong><\/p>\n<p><img decoding=\"async\"   src=\"data:image\/gif;base64,R0lGODlhAQABAIAAAAAAAP\/\/\/yH5BAEAAAAALAAAAAABAAEAAAIBRAA7\" loading=\"eager\" alt=\"Arnt Fredheim\" title=\"Foto: Gisle J\u00f8rgensen \/ NRK\"\/><\/p>\n<p class=\"\">Kj\u00f8reskoleeier Arnt Fredheim i Drive It er opptatt av at ungdommene blir flinkere til \u00e5 vurdere risiko i trafikken.<\/p>\n<p>Foto: Gisle J\u00f8rgensen \/ NRK<\/p>\n<p>For ham er det viktige \u00e5 ha jentene p\u00e5 lag.<\/p>\n<p>\u2013 Guttene skal ofte t\u00f8ffe seg for jentene. Vi motiverer jentene til \u00e5 v\u00e6re litt t\u00f8ffere, og t\u00f8rre \u00e5 gi beskjed hvis de kj\u00f8rer med gutter.<\/p>\n<p>Ogs\u00e5 Jarle Bruntveit mener det er viktig \u00e5 f\u00e5 jentene med p\u00e5 lag for \u00e5 f\u00e5 guttene til \u00e5 forst\u00e5 risikoen.<\/p>\n<p><strong>\u2013 Hvis jenter t\u00f8r \u00e5 si til en gutt: \u00abStopp, dette g\u00e5r for fort, jeg vil av\u00bb, s\u00e5 kan de ringe til meg, s\u00e5 kommer jeg og henter dem, samme hvor de er. Jeg sender gjerne taxi, hvis jeg ikke kan hente de sj\u00f8l. Alternativet er at jeg m\u00e5 holde minnestund for dem p\u00e5 skolen, og det \u00f8nsker jeg ikke<\/strong><\/p>\n<p>\u2013 Hvor ofte har elevene ringt deg?<\/p>\n<p>\u2013 To ganger med jenter, og en gang med en gutt.<\/p>\n<p>Men der stanser ogs\u00e5 enigheten mellom de to.<\/p>\n<p><strong>Bruntveits forslag om at gutter m\u00e5 ha fylt 20 \u00e5r f\u00f8r de kan ta f\u00f8rerkortet, er Fredheim uenig i.<\/strong><\/p>\n<p>\u2013 Myndighetsalder er 18 \u00e5r, og vi kan ikke straffe alle selv om noen ikke klarer \u00e5 ta de rette valgene. Det m\u00e5 jobbes mer med risikoforst\u00e5else b\u00e5de hjemme og p\u00e5 videreg\u00e5ende skole, s\u00e5 f\u00e5r vi se om det kan hjelpe, sier Fredheim.<\/p>\n<p>Politikerne sier nei<\/p>\n<p>P\u00e5 Stortinget er det transport- og kommunikasjonskomiteen som har ansvar for f\u00f8rerkortoppl\u00e6ringen.<\/p>\n<p>Leder av komiteen, B\u00e5rd Hoksrud fra Fremskrittspartiet, er, bokstavelige talt, p\u00e5 kollisjonskurs med Jarle Bruntveit.<\/p>\n<p><strong>\u2013 Jeg mener det er helt feil \u00e5 heve aldersgrensen, eller innf\u00f8re egne regler for gutter. Skal vi f\u00e5 tryggere sj\u00e5f\u00f8rer, m\u00e5 vi gi unge erfaring tidlig, og ikke stenge dem ute.<\/strong><\/p>\n<p>Hoksrud er s\u00e6rlig opptatt av ungdom i distriktene, hvor man er avhengig av f\u00f8rerkort for \u00e5 komme seg rundt.<\/p>\n<p>Han ser heller til Danmark, <a href=\"https:\/\/www.nrk.no\/urix\/danske-17-aringer-far-kjore-bil-alene-1.17430198\" ec-id=\"pp:article:1.17430198\" ec-name=\"der aldersgrensen er senket til 17 \u00e5r.\" rel=\"nofollow noopener\" target=\"_blank\">der aldersgrensen er senket til 17 \u00e5r.<\/a><\/p>\n<p>\u2013 De har gode resultater med det. Du f\u00e5r bare lov \u00e5 kj\u00f8re mellom fem om morgenen og \u00e5tte p\u00e5 kvelden. Nettopp for \u00e5 hindre kj\u00f8ring p\u00e5 tidspunkt hvor det ofte, dessverre, skjer ulykker med unge.\n<\/p>\n<ul class=\"dhpg__gallery__list\">\n<li class=\"dhpg__gallery__listItem\"><img alt=\"B\u00e5rd Hoksrud med briller og blazer\"  width=\"2400\" height=\"2400\" loading=\"lazy\"\/>B\u00e5rd Hoksrud\n<ul>\n<li>Leder i transport- og kommunikasjonskomiteen p\u00e5 Stortinget<\/li>\n<li>Fremskrittspartiet<\/li>\n<\/ul>\n<\/li>\n<li class=\"dhpg__gallery__listItem\"><img alt=\"Kamzy Gunaratnam\"  width=\"2400\" height=\"2400\" loading=\"lazy\"\/>Kamzy Gunaratnam\n<ul>\n<li>Nestleder i transport- og kommunikasjonskomiteen p\u00e5 Stortinget<\/li>\n<li>Arbeiderpartiet<\/li>\n<\/ul>\n<\/li>\n<\/ul>\n<p>Nestleder i komiteen, Kamzy Gunaratnam fra Arbeiderpartiet, er enig med Hoksrud.<\/p>\n<p><strong>\u2013 Vi kan ikke lage ulike aldersgrenser eller regler basert p\u00e5 kj\u00f8nn. Det riktige er \u00e5 se p\u00e5 oppl\u00e6ring, kj\u00f8ret\u00f8y, modenhet og risiko, og lage tiltak som gjelder for alle, og som faktisk redder liv.<\/strong><\/p>\n<p>Gunaratnam viser blant annet til Statens havarikommisjon som foresl\u00e5r \u00e5 \u00f8ke aldersgrensen for lett motorsykkel. Aldersgrensen i dag er 16 \u00e5r.<\/p>\n<p>\u2013 Vi tar imot alle gode faglige innspill som skal danne v\u00e5re universelle lover og regler, som for eksempel rapporten fra Statens havarikommisjon.<\/p>\n<p>Vil endre f\u00f8rerkortpr\u00f8ven<\/p>\n<p>For \u00e5 \u00f8ke den reelle kompetansen til de nye sj\u00e5f\u00f8rene, mener Jarle Bruntveit at f\u00f8rerkortpr\u00f8ven m\u00e5 endres.<\/p>\n<p>Han ser en tendens blant elevene sine i m\u00e5ten de \u00f8ver p\u00e5 som gj\u00f8r de faktisk ikke l\u00e6rer seg det de skal.<\/p>\n<p><strong>\u2013 I dag er det \u00e5 ta f\u00f8rerpr\u00f8ven en gjettelek, det er en avkrysning. Elevene \u00f8ver p\u00e5 \u00e5 kjenne igjen svar, og h\u00e5per at de kan kjenne igjen nok til \u00e5 f\u00e5 f\u00f8rerkortet, sier Bruntveit.<\/strong>\n<\/p>\n<p><img decoding=\"async\"   src=\"data:image\/gif;base64,R0lGODlhAQABAIAAAAAAAP\/\/\/yH5BAEAAAAALAAAAAABAAEAAAIBRAA7\" loading=\"eager\" alt=\"Boka Veien til f\u00f8rerkortet\" title=\"Foto: Gisle J\u00f8rgensen \/ NRK\"\/><\/p>\n<p class=\"\">Pensumet er fint, men f\u00f8rerkortpr\u00f8ven er en gjettelek og m\u00e5 endres, mener Jarle Bruntveit.<\/p>\n<p>Foto: Gisle J\u00f8rgensen \/ NRK<\/p>\n<p>Dette f\u00f8rer til at de som best\u00e5r f\u00f8rerpr\u00f8ver har for d\u00e5rlig kunnskap, mener Bruntveit.<\/p>\n<p>\u2013 \u00c5 f\u00e5 f\u00f8rerkortet er kanskje for lett. Det m\u00e5 handle mer om kunnskap, ikke om at det skal v\u00e6re lett \u00e5 rette.<\/p>\n<p><strong>L\u00f8sningen til Bruntveit er \u00e5 kutte svaralternativene p\u00e5 selve f\u00f8rerkortpr\u00f8ven.<\/strong><\/p>\n<p>\u2013 Da tror jeg mange flere hadde str\u00f8ket.<\/p>\n<p>P\u00e5 dette forslaget f\u00e5r Bruntveit mer geh\u00f8r hos politikerne.<\/p>\n<p><strong>\u2013 Vi kan godt kan se p\u00e5 og diskutere hvordan f\u00f8rerkortpr\u00f8ven skal v\u00e6re. Jeg vet ikke om jeg er enig med ham, men det er viktige at han l\u00f8fter debatten, sier B\u00e5rd Hoksrud.<\/strong><\/p>\n<p>Kamzy Gunaratnam g\u00e5r enda lenger.<\/p>\n<p>\u2013 \u00c5 s\u00f8rge for at f\u00f8rerkortpr\u00f8ven er faglig begrunnet og forbereder v\u00e5re unge til \u00e5 g\u00e5 ut p\u00e5 veien, det er viktig. Det \u00e5 hele tiden pr\u00f8ve \u00e5 gj\u00f8re det bedre, er jo et m\u00e5l i seg selv. Det skal vi selvsagt se p\u00e5.<\/p>\n<p>Publisert<\/p>\n<p>10.01.2026, kl. 16.20<\/p>\n","protected":false},"excerpt":{"rendered":"\u2013 Guttene er mer risikovillige enn jentene, sier Jarle Bruntveit. Han vet at forslaget hans er upopul\u00e6rt, men&hellip;\n","protected":false},"author":2,"featured_media":133980,"comment_status":"","ping_status":"","sticky":false,"template":"","format":"standard","meta":{"footnotes":""},"categories":[5],"tags":[20,21,24,25,15,19,22,23,17,18,13,30,28,29,14,16,26,27],"class_list":{"0":"post-133979","1":"post","2":"type-post","3":"status-publish","4":"format-standard","5":"has-post-thumbnail","7":"category-overskrifter","8":"tag-breaking-news","9":"tag-breakingnews","10":"tag-featured-news","11":"tag-featurednews","12":"tag-headlines","13":"tag-hovedoppslag","14":"tag-latest-news","15":"tag-latestnews","16":"tag-main-news","17":"tag-mainnews","18":"tag-news","19":"tag-no","20":"tag-norge","21":"tag-norway","22":"tag-nyheter","23":"tag-overskrifter","24":"tag-top-stories","25":"tag-topstories"},"share_on_mastodon":{"url":"https:\/\/pubeurope.com\/@no\/115871825498803015","error":""},"_links":{"self":[{"href":"https:\/\/www.europesays.com\/no\/wp-json\/wp\/v2\/posts\/133979","targetHints":{"allow":["GET"]}}],"collection":[{"href":"https:\/\/www.europesays.com\/no\/wp-json\/wp\/v2\/posts"}],"about":[{"href":"https:\/\/www.europesays.com\/no\/wp-json\/wp\/v2\/types\/post"}],"author":[{"embeddable":true,"href":"https:\/\/www.europesays.com\/no\/wp-json\/wp\/v2\/users\/2"}],"replies":[{"embeddable":true,"href":"https:\/\/www.europesays.com\/no\/wp-json\/wp\/v2\/comments?post=133979"}],"version-history":[{"count":0,"href":"https:\/\/www.europesays.com\/no\/wp-json\/wp\/v2\/posts\/133979\/revisions"}],"wp:featuredmedia":[{"embeddable":true,"href":"https:\/\/www.europesays.com\/no\/wp-json\/wp\/v2\/media\/133980"}],"wp:attachment":[{"href":"https:\/\/www.europesays.com\/no\/wp-json\/wp\/v2\/media?parent=133979"}],"wp:term":[{"taxonomy":"category","embeddable":true,"href":"https:\/\/www.europesays.com\/no\/wp-json\/wp\/v2\/categories?post=133979"},{"taxonomy":"post_tag","embeddable":true,"href":"https:\/\/www.europesays.com\/no\/wp-json\/wp\/v2\/tags?post=133979"}],"curies":[{"name":"wp","href":"https:\/\/api.w.org\/{rel}","templated":true}]}}