{"id":133982,"date":"2026-01-10T16:50:12","date_gmt":"2026-01-10T16:50:12","guid":{"rendered":"https:\/\/www.europesays.com\/no\/133982\/"},"modified":"2026-01-10T16:50:12","modified_gmt":"2026-01-10T16:50:12","slug":"uanmeldt-life-is-strange-prosjekt-far-aldersgrense-i-europa-og-vil-bringe-chloe-price-og-max-caulfield-sammen-igjen","status":"publish","type":"post","link":"https:\/\/www.europesays.com\/no\/133982\/","title":{"rendered":"Uanmeldt Life is Strange-prosjekt f\u00e5r aldersgrense i Europa, og vil bringe Chloe Price og Max Caulfield sammen igjen &#8211;"},"content":{"rendered":"<p>Det ser ut til at vi snart vender tilbake til Life is Strange -serien, ettersom det har blitt lagt merke til at et nytt kapittel i den bredere serien har f\u00e5tt aldersgrense i Europa. Nettstedet Pan European Game Information (PEGI) har avsl\u00f8rt at et prosjekt kalt Life is Strange: Reunion har f\u00e5tt en vurdering av &laquo;16&raquo;, som samsvarer med kapitlene som kom f\u00f8r det.<\/p>\n<p>Fangsten til denne vurderingen er at den siden har blitt fjernet fra det offentlige omr\u00e5det p\u00e5 nettstedet, men <a href=\"https:\/\/www.gematsu.com\/2026\/01\/life-is-strange-reunion-rated-in-europe\" target=\"_blank\" rel=\"nofollow noopener\">Gematsu<\/a> klarte \u00e5 knipse bevis f\u00f8r dette skjedde. Den andre bisarre biten til denne utviklingen er at vurderingen ble lagt ut tilbake i mars 2025 for PlayStation 5, selv om den medf\u00f8lgende beskrivelsen i stor grad legger grunnlaget for en del vi enn\u00e5 ikke har sett.<\/p>\n<p>&laquo;Chloe Price var Max Caulfields partner i tiden. \u00c5 miste henne er det Max angrer mest p\u00e5. N\u00e5 har Chloe kommet til Caledon University. Chloe hjems\u00f8kes av mareritt og umulige minner, og hun trenger Max&#8217; hjelp. Men Max er allerede i krise: om tre dager vil et d\u00f8delig inferno \u00f8delegge campus.&raquo;<\/p>\n<p>S\u00e5 ja, det ser ut til at vi i fremtiden kan forvente \u00e5 se Max Caulfield tilbake i fokus etter nylig \u00e5 ha v\u00e6rt hovedperson p\u00e5 Life is Strange: Double Exposure, men da sammen med sin tidligere partner Chloe Price, som m\u00f8tte en skjebnesvanger slutt (i noen tilfeller) i det f\u00f8rste spillet i serien.<\/p>\n<p>N\u00e5r vi f\u00e5r h\u00f8re mer offisielt om dette spillet er uklart, men ettersom Double Exposure debuterte i 2024 og True Colors kom i 2021, n\u00e6rmer vi oss tiden da vi forventer at flere Life is Strange vil dukke opp p\u00e5 PC og konsoller.<\/p>\n<p><img loading=\"lazy\" decoding=\"async\" id=\"img-1953073-3708203\" data-fullsize=\"\/media\/82\/lifeisstrange_3708203b.jpg\" data-lazy=\"\" src=\"https:\/\/www.gamereactor.nohttps:\/\/www.gamereactor.no\/media\/82\/lifeisstrange_3708203_650x.jpg\" width=\"650\" onclick=\"if (!window.__cfRLUnblockHandlers) return false; gallery_openmodal('1953073','3708203',false,'6f7a92aa67a1f52d4f16a9884623e206');\" height=\"413\" alt=\"Uanmeldt Life is Strange-prosjekt f\u00e5r aldersgrense i Europa, og vil bringe Chloe Price og Max Caulfield sammen igjen\" class=\"rwd_col_content lazy\" data-cf-modified-07d6910fb30a46a6ca06ccde-=\"\"\/><\/p>\n","protected":false},"excerpt":{"rendered":"Det ser ut til at vi snart vender tilbake til Life is Strange -serien, ettersom det har blitt&hellip;\n","protected":false},"author":2,"featured_media":133983,"comment_status":"","ping_status":"","sticky":false,"template":"","format":"standard","meta":{"footnotes":""},"categories":[57],"tags":[30,28,29,65,63,64,66,70,69,67,68],"class_list":{"0":"post-133982","1":"post","2":"type-post","3":"status-publish","4":"format-standard","5":"has-post-thumbnail","7":"category-vitenskap-og-teknologi","8":"tag-no","9":"tag-norge","10":"tag-norway","11":"tag-science","12":"tag-science-and-technology","13":"tag-scienceandtechnology","14":"tag-technology","15":"tag-teknologi","16":"tag-vitenskap","17":"tag-vitenskap-og-teknologi","18":"tag-vitenskapteknologi"},"share_on_mastodon":{"url":"https:\/\/pubeurope.com\/@no\/115871837469957493","error":""},"_links":{"self":[{"href":"https:\/\/www.europesays.com\/no\/wp-json\/wp\/v2\/posts\/133982","targetHints":{"allow":["GET"]}}],"collection":[{"href":"https:\/\/www.europesays.com\/no\/wp-json\/wp\/v2\/posts"}],"about":[{"href":"https:\/\/www.europesays.com\/no\/wp-json\/wp\/v2\/types\/post"}],"author":[{"embeddable":true,"href":"https:\/\/www.europesays.com\/no\/wp-json\/wp\/v2\/users\/2"}],"replies":[{"embeddable":true,"href":"https:\/\/www.europesays.com\/no\/wp-json\/wp\/v2\/comments?post=133982"}],"version-history":[{"count":0,"href":"https:\/\/www.europesays.com\/no\/wp-json\/wp\/v2\/posts\/133982\/revisions"}],"wp:featuredmedia":[{"embeddable":true,"href":"https:\/\/www.europesays.com\/no\/wp-json\/wp\/v2\/media\/133983"}],"wp:attachment":[{"href":"https:\/\/www.europesays.com\/no\/wp-json\/wp\/v2\/media?parent=133982"}],"wp:term":[{"taxonomy":"category","embeddable":true,"href":"https:\/\/www.europesays.com\/no\/wp-json\/wp\/v2\/categories?post=133982"},{"taxonomy":"post_tag","embeddable":true,"href":"https:\/\/www.europesays.com\/no\/wp-json\/wp\/v2\/tags?post=133982"}],"curies":[{"name":"wp","href":"https:\/\/api.w.org\/{rel}","templated":true}]}}