{"id":133986,"date":"2026-01-10T16:53:14","date_gmt":"2026-01-10T16:53:14","guid":{"rendered":"https:\/\/www.europesays.com\/no\/133986\/"},"modified":"2026-01-10T16:53:14","modified_gmt":"2026-01-10T16:53:14","slug":"hvem-har-det-beste-spokelset-nrk-trondelag-lokale-nyheter-tv-og-radio","status":"publish","type":"post","link":"https:\/\/www.europesays.com\/no\/133986\/","title":{"rendered":"Hvem har det beste sp\u00f8kelset? \u2013 NRK Tr\u00f8ndelag \u2013 Lokale nyheter, TV og radio"},"content":{"rendered":"<p>Det har oppst\u00e5tt en \u00abbeef\u00bb mellom H\u00f8yre-ordf\u00f8rerne i Trondheim og Oslo om hvem som har nasjonalsp\u00f8kelset i Norge.<\/p>\n<p>Det begynte med en <a href=\"https:\/\/www.aftenposten.no\/trender\/i\/zOLVwK\/sagnet-om-spoekelseshunden-skaper-splid-mellom-oslo-og-trondheim-her-bor-nasjonalspoekelset\" ec-id=\"https:\/\/www.aftenposten.no\/trender\/i\/zOLVwK\/sagnet-om-spoekelseshunden-skaper-splid-mellom-oslo-og-trondheim-her-bor-nasjonalspoekelset\" ec-name=\"sak i Aftenposten\" rel=\"nofollow noopener\" target=\"_blank\">sak i Aftenposten<\/a> der Oslo-ordf\u00f8rer Anne Lindboe uttalte at historien fra Trondheim er for kjedelig, at sp\u00f8kelset er for ungt og at Oslo har Norges nasjonalsp\u00f8kelse.<\/p>\n<p>    <img alt=\"Anne Lindboe\"  loading=\"lazy\"\/><img alt=\"Kent Ranum\"  loading=\"lazy\"\/><\/p>\n<p>Ordf\u00f8rerne i Oslo og Trondheim mener de begge har Norges nasjonalsp\u00f8kelse.<\/p>\n<p>\u2013 De fleste gamle kulturland har nasjonalsp\u00f8kelser, sier Anne Lindboe.<\/p>\n<p>Det mener hun Norge ogs\u00e5 b\u00f8r ha, og at det ligger i Oslo.<\/p>\n<p><strong>\u2013 Det spesielle hos oss er at gjenferdet er en hund som er observert gjennom snart 600 \u00e5r. All historiel\u00f8sheten i Trondheim havner i nytt lys n\u00e5. Der i byen m\u00e5 min kollega ordne opp: Tr\u00f8nderne p\u00e5st\u00e5r at noe s\u00e5 vanlig som gjenferdet av en munk, er interessant for hele landet. Munken ble ikke engang sett for f\u00f8rste gang f\u00f8r i 1924. Hallo og lykke til, sier jeg.<\/strong><\/p>\n<p><img decoding=\"async\"   src=\"data:image\/gif;base64,R0lGODlhAQABAIAAAAAAAP\/\/\/yH5BAEAAAAALAAAAAABAAEAAAIBRAA7\" loading=\"eager\" alt=\"Ordf\u00f8rer i Oslo Anne Lindboe (H).\" title=\"Foto: Mette Ballovara \/ NRK\"\/><\/p>\n<p class=\"\">Ordf\u00f8rer i Oslo pr\u00f8ver \u00e5 terge p\u00e5 seg trondheimsordf\u00f8reren om at de er historiel\u00f8se. <\/p>\n<p>Foto: Mette Ballovara \/ NRK<\/p>\n<p>Hund vs. munk<\/p>\n<p><strong>\u2013 Rundt 1500-tallet hadde de mye rart for seg. S\u00e5 angivelig skal de ha murt inn en hund som skulle beskytte mot onde krefter, sier Lindboe.<\/strong><\/p>\n<p>Hun mener dette er mye mer spektakul\u00e6rt enn den mer kjente munken i Nidarosdomen.<\/p>\n<p>\u2013 Vi er veldig stolte av at vi har nasjonalsp\u00f8kelset her.<\/p>\n<p>    \u2190<\/p>\n<ul data-scroll-container=\"\" role=\"list\">\n<li><img alt=\"Sp\u00f8kelse\"  width=\"3840\" height=\"2157\" loading=\"lazy\"\/>Hvem har Norges nasjonalsp\u00f8kelse?\n<p>Hund vs. munk<\/p>\n<\/li>\n<li><img alt=\"en bygning med t\u00e5rn\"  width=\"3840\" height=\"2158\" loading=\"lazy\"\/>\n<p>\n        Ukjent\n      <\/p>\n<p>Sp\u00f8kelseshunden<\/p>\n<p>En grand danois som tilh\u00f8rte kong Christian IV. <\/p>\n<p>Hunden ble begravd levende med eieren sin i det kongelige mausoleet under festningen, som straff for en ubekjent synd. Siden har den vandret rastl\u00f8st utend\u00f8rs, spesielt rett nedenfor mausoleet.<\/p>\n<p>Vitner beskriver en stor, svart hund med gl\u00f8dende \u00f8yne som dukker opp i m\u00e5neskinnet, pesende og bjeffende mot tomme vegger.<\/p>\n<\/li>\n<li><img alt=\"Nidarosdomen.\"  width=\"3840\" height=\"2160\" loading=\"lazy\"\/>\n<p>\n        Bent Lindsetmo \/ NRK\n      <\/p>\n<p>Munken i Nidarosdomen<\/p>\n<p>Munken i Nidarosdomen er et av Norges mest ber\u00f8mte gjenferd. <\/p>\n<p>Det finnes mange historier om folk som har sett, h\u00f8rt eller f\u00f8lt ham p\u00e5 kroppen.<\/p>\n<p>Sagnet fikk for alvor fotfeste etter bispinnen Marie Gleditsch&#8217; observasjon i 1924, hvor hun beskrev en skikkelse i munkekappe med et s\u00e5r p\u00e5 halsen.<\/p>\n<p>Beskrivelsene er en skikkelse kledd i munkekappe og kalott p\u00e5 hodet, og noen sier de f\u00e5r kvelningsfornemmelser.<\/p>\n<\/li>\n<\/ul>\n<p>\u2192<\/p>\n<p>Prepubertalt sp\u00f8kelse<\/p>\n<p><strong>\u2013 Munkesp\u00f8kelse er prepubertalt. Det er knapt hundre \u00e5r gammelt, da har du ikke passert sp\u00f8kelsespuberteten engang. Kanskje om en 4\u2013500 \u00e5r, kan vi snakke om munken som nasjonalsp\u00f8kelse, mener Lindboe.<\/strong><\/p>\n<p>Ordf\u00f8reren i Trondheim skj\u00f8nner at Oslo-ordf\u00f8reren s\u00f8ker statusen \u00e5 eie nasjonalsp\u00f8kelset, men sier det er ett problem.<\/p>\n<p><strong>\u2013 Stolen er tatt, den er ikke ledig. Anne Lindboe har et poeng i veldig mye, men akkurat her har hun bomma litt.<\/strong><\/p>\n<p>Lindboe sier at selv om hun er veldig glad i Trondheim, er hun ikke enig.<\/p>\n<p>\u2013 Nidarosdomen er helt fantastisk, Trondheim har mye historie og jeg er helt enig i at Trondheim er en fantastisk by. Men det er ikke nok \u00e5 v\u00e6re en hundre\u00e5ring som nasjonalsp\u00f8kelse. Det er egentlig litt dr\u00f8yt. Nice try, Kent, sier Lindboe om at han hevder \u00e5 allerede ha Norges nasjonalsp\u00f8kelse.<\/p>\n<p><img decoding=\"async\"   src=\"data:image\/gif;base64,R0lGODlhAQABAIAAAAAAAP\/\/\/yH5BAEAAAAALAAAAAABAAEAAAIBRAA7\" loading=\"eager\" alt=\"Nidarosdomen 1857\" title=\"Foto: ukjent fotograf \/ Wiikimedia commons\"\/><\/p>\n<p class=\"\">Slik s\u00e5 Nidarosdomen ut i 1857. <\/p>\n<p>Foto: ukjent fotograf \/ Wiikimedia commons<\/p>\n<p>Ranum mener munken har v\u00e6rt her lengre enn noen har sett den.<\/p>\n<p><strong>\u2013 Den har sikkert ligget og dorma og fulgt med Nidarosdomens utvikling fra 1030.<\/strong> <strong>Debatten hvor nasjonalsp\u00f8kelset holder til, den vinner vi.<\/strong><\/p>\n<p><img decoding=\"async\"   src=\"data:image\/gif;base64,R0lGODlhAQABAIAAAAAAAP\/\/\/yH5BAEAAAAALAAAAAABAAEAAAIBRAA7\" loading=\"eager\" alt=\"Kent Ranum utenfor Nidarosdomen f\u00f8r H\u00e5kon Bleken sin begravelse\" title=\"Foto: NTB\"\/><\/p>\n<p class=\"\">Kent Ranum utenfor Nidarosdomen. <\/p>\n<p>Foto: NTB<\/p>\n<p>        Hva er Norges nasjonalsp\u00f8kelse?<\/p>\n<p>        Hunden p\u00e5 Akershus slott\ud83d\udc15\ud83c\udff0<\/p>\n<p>        Munken i Nidarosdomen\u26ea\ud83d\udc7b<\/p>\n<p>        Skuespillerinnen Octavia Sperati p\u00e5 Den Nationale Scene i Bergen\ud83c\udfad<\/p>\n<p>        Det er nord i landet vi har de beste sp\u00f8kelsene\u2b06\ufe0f<\/p>\n<p>        Et annet sp\u00f8kelse fortjener tittelen Norges nasjonalsp\u00f8kelse\ud83c\udfc6<\/p>\n<p>      Vis resultat<\/p>\n<p class=\"pin-nrkno-poll__disclaimer\">\n    Denne avstemningen viser ikke hva befolkningen mener om sp\u00f8rsm\u00e5let.<br \/>\n    Resultatet viser hva de som selv har valgt \u00e5 stemme mener,<br \/>\n    og avstemningen har ikke et utvalg som gj\u00f8r den representativ for alle som bor i landet.\n  <\/p>\n<p>Ikke sett ham<\/p>\n<p>Da Kent Ranum var med NRKs reporter i Nidarosdomen p\u00e5 sp\u00f8kelsesjakt m\u00e5tte han likevel innr\u00f8mme noe.<\/p>\n<p><strong>\u2013 Jeg har aldri hils p\u00e5 ham og jeg f\u00f8ler han ikke n\u00e5 heller. Jeg m\u00e5 v\u00e6re helt \u00e6rlig, i hver fall i det huset her, sier han der han st\u00e5r midt i nasjonalhelligdommen.<\/strong><\/p>\n<p>\u2013 Det er nok litt tidlig p\u00e5 morgenen til han, tenker jeg.<\/p>\n<p>\u2013 Det skal mye til<\/p>\n<p><strong>\u2013 Personlig ville jeg nok stemt for Nidaros-munken. <\/strong><\/p>\n<p>Det sier forfatter Tom Egeland som har skrevet flere b\u00f8ker om paranormale fenomener og mystikk.<\/p>\n<p>Egeland er ikke enig med sin egen ordf\u00f8rer.<\/p>\n<p>\u2013 En stor svart hund med gl\u00f8dende \u00f8yne p\u00e5 Akershus har ikke samme schwung som en munk som g\u00e5r igjen i Nidarosdomen.<\/p>\n<p>\u00d8stlandssendingen til NRK hadde en uoffisiell meningsm\u00e5ling p\u00e5 radio om hvem av de to sp\u00f8kelsene som fortjener tittelen som nasjonalsp\u00f8kelse.<\/p>\n<p>Selv om sendingen f\u00f8rst og fremst henvender seg til et lytterpublikum i Stor-Oslo, ble de overrasket over at s\u00e5 mange som 38 prosent stemte p\u00e5 Trondheims-sp\u00f8kelset istedenfor deres eget.<\/p>\n<p><img decoding=\"async\"   src=\"data:image\/gif;base64,R0lGODlhAQABAIAAAAAAAP\/\/\/yH5BAEAAAAALAAAAAABAAEAAAIBRAA7\" loading=\"eager\" alt=\"Krimforfatter Tom Egeland\" title=\"Foto: Privat\"\/><\/p>\n<p class=\"\">Krimforfatter om Egeland bor i Oslo, men gir sin stemme til Trondheims-sp\u00f8kelset. <\/p>\n<p>Foto: Privat<\/p>\n<p>Ikke f\u00f8rste beef<\/p>\n<p>Det er ikke f\u00f8rste gang de to ordf\u00f8rerne har hatt en beef.<\/p>\n<p>\u2013 Det er mye konkurranser og veddem\u00e5l. Da det var cupfinale mellom V\u00e5lerenga og Rosenborg kvinner i 2023 sa Kent at han skulle sykle Trondheim \u2013 Oslo om Rosenborg tapte, sier Lindboe.<\/p>\n<p><strong>\u2013 Jeg tenkte det var veldig usannsynlig, s\u00e5 jeg sa ja til veddem\u00e5let. Det tok meg tre dager \u00e5 sykle, og jeg har aldri hatt s\u00e5 vondt i rumpa noensinne.<\/strong><\/p>\n<p>Men tross veddem\u00e5l og terging om nasjonalsp\u00f8kelser, er tonen god mellom de to ordf\u00f8rerne.<\/p>\n<p><strong>\u2013 Det sp\u00f8ker ikke for vennskapet v\u00e5rt, smiler Kent Ranum. <\/strong><\/p>\n<p>Publisert<\/p>\n<p>10.01.2026, kl. 14.43<\/p>\n","protected":false},"excerpt":{"rendered":"Det har oppst\u00e5tt en \u00abbeef\u00bb mellom H\u00f8yre-ordf\u00f8rerne i Trondheim og Oslo om hvem som har nasjonalsp\u00f8kelset i Norge.&hellip;\n","protected":false},"author":2,"featured_media":133987,"comment_status":"","ping_status":"","sticky":false,"template":"","format":"standard","meta":{"footnotes":""},"categories":[10],"tags":[20,21,24,25,15,22,23,13,30,28,29,14,16,26,27],"class_list":{"0":"post-133986","1":"post","2":"type-post","3":"status-publish","4":"format-standard","5":"has-post-thumbnail","7":"category-norge","8":"tag-breaking-news","9":"tag-breakingnews","10":"tag-featured-news","11":"tag-featurednews","12":"tag-headlines","13":"tag-latest-news","14":"tag-latestnews","15":"tag-news","16":"tag-no","17":"tag-norge","18":"tag-norway","19":"tag-nyheter","20":"tag-overskrifter","21":"tag-top-stories","22":"tag-topstories"},"share_on_mastodon":{"url":"https:\/\/pubeurope.com\/@no\/115871849408809418","error":""},"_links":{"self":[{"href":"https:\/\/www.europesays.com\/no\/wp-json\/wp\/v2\/posts\/133986","targetHints":{"allow":["GET"]}}],"collection":[{"href":"https:\/\/www.europesays.com\/no\/wp-json\/wp\/v2\/posts"}],"about":[{"href":"https:\/\/www.europesays.com\/no\/wp-json\/wp\/v2\/types\/post"}],"author":[{"embeddable":true,"href":"https:\/\/www.europesays.com\/no\/wp-json\/wp\/v2\/users\/2"}],"replies":[{"embeddable":true,"href":"https:\/\/www.europesays.com\/no\/wp-json\/wp\/v2\/comments?post=133986"}],"version-history":[{"count":0,"href":"https:\/\/www.europesays.com\/no\/wp-json\/wp\/v2\/posts\/133986\/revisions"}],"wp:featuredmedia":[{"embeddable":true,"href":"https:\/\/www.europesays.com\/no\/wp-json\/wp\/v2\/media\/133987"}],"wp:attachment":[{"href":"https:\/\/www.europesays.com\/no\/wp-json\/wp\/v2\/media?parent=133986"}],"wp:term":[{"taxonomy":"category","embeddable":true,"href":"https:\/\/www.europesays.com\/no\/wp-json\/wp\/v2\/categories?post=133986"},{"taxonomy":"post_tag","embeddable":true,"href":"https:\/\/www.europesays.com\/no\/wp-json\/wp\/v2\/tags?post=133986"}],"curies":[{"name":"wp","href":"https:\/\/api.w.org\/{rel}","templated":true}]}}