{"id":133988,"date":"2026-01-10T16:54:32","date_gmt":"2026-01-10T16:54:32","guid":{"rendered":"https:\/\/www.europesays.com\/no\/133988\/"},"modified":"2026-01-10T16:54:32","modified_gmt":"2026-01-10T16:54:32","slug":"brast-i-tarer","status":"publish","type":"post","link":"https:\/\/www.europesays.com\/no\/133988\/","title":{"rendered":"Brast i t\u00e5rer"},"content":{"rendered":"<p class=\"kicker t20 tm20\" style=\"\">Sivert Guttorm Bakken 1998-2025<\/p>\n<p>    Det ble en f\u00f8lelsesladd start p\u00e5 \u00e5ret for skiskytterne da Sivert Guttorm Bakkens bortgang ble markert f\u00f8r sprintrennet i Oberhof torsdag.<\/p>\n<p>OBERHOF (Dagbladet): \u00c5rets f\u00f8rste renn ble en f\u00f8lelsesladd opplevelse for ut\u00f8verne i det som var den f\u00f8rste gangen p\u00e5 startstreken etter Sivert Guttorm Bakkens d\u00f8dsfall.<\/p>\n<p class=\"font-weight-bold m-font-weight-bold\" data-lab-font_weight=\"font-weight-bold\">Bakkens treningskompis Tommaso Giacomel tok seieren foran tyske Philip Nawrath. Giacomel pekte opp mot himmelen da han gikk i m\u00e5l og ble raskt omfavnet da han gikk over m\u00e5lstreken.<\/p>\n<p>&#8211; Denne var for Sivert, sa italieneren til pallkollega Johannes Dale-Skjevdal etter m\u00e5lpassering if\u00f8lge <a href=\"https:\/\/x.com\/biathlonworld\/status\/2009226854750695677\" target=\"_blank\" rel=\"nofollow\">X<\/a>-kontoen til Det internasjonale skiskytterforbundet (IBU).<\/p>\n<p>        <img loading=\"lazy\" decoding=\"async\" src=\"https:\/\/www.europesays.com\/no\/wp-content\/uploads\/2026\/01\/84072352.webp.webp\" width=\"980\" height=\"559\" title=\"HYLLET KOMPISEN: Tommaso Giacomel pekte mot himmelen ved m\u00e5lgang. Foto: Matthew Childs \/ Reuters \/ NTB\" alt=\"\" class=\"\" style=\"--aspect-ratio-image: 1.75; \"\/><\/p>\n<p>\n        HYLLET KOMPISEN: Tommaso Giacomel pekte mot himmelen ved m\u00e5lgang. Foto: Matthew Childs \/ Reuters \/ NTB\n    <\/p>\n<p>Han fortsatte hyllesten i intervju etter rennet.<\/p>\n<p>&#8211; Det er fint \u00e5 vinne et renn, men det er fortsatt en trist dag og ingenting \u00e5 feire. Det har v\u00e6rt en spesiell dag og fin stemning mellom oss. De siste ukene har v\u00e6rt de verste i mitt liv. For \u00f8yeblikket er det ikke noe morsomt. Jeg tenkte p\u00e5 Sivert p\u00e5 sisterunden. Jeg vil alltid b\u00e6re med meg Sivert i hjertet mitt, sa Giacomel til TV 2 <\/p>\n<p>    <a itemprop=\"url\" href=\"https:\/\/www.dagbladet.no\/sport\/brast-i-grat-forferdelig\/84066636\" rel=\"nofollow noopener\" target=\"_blank\"><\/p>\n<p>        <img loading=\"lazy\" decoding=\"async\" src=\"https:\/\/www.europesays.com\/no\/wp-content\/uploads\/2026\/01\/84066944.webp.webp\" width=\"980\" height=\"441\" title=\"Brast i gr\u00e5t: - Forferdelig\" alt=\"\" class=\"lazyload\" style=\"--aspect-ratio-image: 2.22; \"\/><\/p>\n<p>        Brast i gr\u00e5t: &#8211; Forferdelig<\/p>\n<p>    <\/a><\/p>\n<p> De norske ut\u00f8verne n\u00e5dde ikke helt opp til toppen, men Johannes Dale-Skjevdal sikret tredjeplassen.<\/p>\n<p>&#8211; Det har v\u00e6rt en brutal dag. Jeg var ikke helt klar for \u00e5 g\u00e5 skirenn i dag merket jeg, s\u00e5 jeg bestemte meg bare for \u00e5 g\u00e5 et skirenn jeg ikke kom til \u00e5 angre p\u00e5 og det fikk jeg til,\u00a0sier han til Dagbladet etter rennet. <\/p>\n<p>T\u00e5rev\u00e5tt\t<\/p>\n<p>F\u00f8r rennet ble det holdt en minneseremoni for den avd\u00f8de skiskytteren, som ble funnet livl\u00f8s p\u00e5 et hotellrom i Lavaze i Italia lille julaften. <\/p>\n<p class=\"font-weight-bold m-font-weight-bold\" data-lab-font_weight=\"font-weight-bold\"> Bakken ble gitt startnummer 1 og alle ut\u00f8verne g\u00e5r med s\u00f8rgeb\u00e5nd. De norske ut\u00f8verne var tydelig preget og holdt rundt hverandre da Bakken ble hedret f\u00f8r rennet. En video fra Bakkens karriere ble vist over storskjermen etterfulgt av stor applaus blant b\u00e5de publikum, ut\u00f8vere og st\u00f8tteapparat.<\/p>\n<p>        <img loading=\"lazy\" decoding=\"async\" src=\"https:\/\/www.europesays.com\/no\/wp-content\/uploads\/2026\/01\/84071401.webp.webp\" width=\"667\" height=\"487\" title=\"PREGET: De norske ut\u00f8verne var tydelig preget under markeringen av lagkompisen. Foto: Stian With \/ Dagbladet\" alt=\"\" class=\"\" style=\"--aspect-ratio-image: 1.37; \"\/><\/p>\n<p>\n        PREGET: De norske ut\u00f8verne var tydelig preget under markeringen av lagkompisen. Foto: Stian With \/ Dagbladet\n    <\/p>\n<p>Alllerede i starten av TV2s sending br\u00f8t Tiril Eckhoff sammen da hun snakket om Bakken f\u00f8r rennstart.<\/p>\n<p>&#8211; Jeg tror det fortsatt ikke. Han var en fantastisk mann, sa Eckhoff f\u00f8r rennet.<\/p>\n<p>T\u00e5rene presset tydelig p\u00e5:<\/p>\n<p class=\"font-weight-bold m-font-weight-bold\" data-lab-font_weight=\"font-weight-bold\">&#8211; Han var en skikkelig lagspiller som bare var god og snill. Det er skikkelig trist, fortsetter hun gr\u00e5tkvalt.<\/p>\n<p>        <img loading=\"lazy\" decoding=\"async\" src=\"https:\/\/www.europesays.com\/no\/wp-content\/uploads\/2026\/01\/84071237.webp.webp\" width=\"980\" height=\"559\" title=\"EKSPERT: Tidligere skiskytter Tiril Eckhoff er ekspert for TV2. Foto: Terje Bendiksby \/ NTB\" alt=\"\" class=\"\" style=\"--aspect-ratio-image: 1.75; \"\/><\/p>\n<p>\n        EKSPERT: Tidligere skiskytter Tiril Eckhoff er ekspert for TV2. Foto: Terje Bendiksby \/ NTB\n    <\/p>\n<p>Blandede f\u00f8lelser\t<\/p>\n<p>Det var blandede f\u00f8lelser ogs\u00e5 blant ut\u00f8verne f\u00f8r minneseremonien og sprintrennet.<\/p>\n<p class=\"font-weight-bold m-font-weight-bold\" data-lab-font_weight=\"font-weight-bold\">&#8211; Jeg gruer meg noe j\u00e6vlig. Det blir fint, men vanskelig, sa Vetle Sj\u00e5stad Christiansen til TV2 mens t\u00e5rene presser p\u00e5 f\u00f8r rennet.<\/p>\n<p>Lagkamerat Johannes Dale-Skjevdal stilte seg bak lagkompisens uttalelser:<\/p>\n<p>&#8211; Jeg tror det blir veldig, veldig fint. Det er en fin m\u00e5te \u00e5 gj\u00f8re det p\u00e5. Jeg tror det er det beste man kunne ha gjort. Det blir fint og sterkt, s\u00e5 det blir nok en f\u00f8lelsesrik dag, sa Johannes Dale-Skjevdal.<\/p>\n<p>    <a itemprop=\"url\" href=\"https:\/\/www.dagbladet.no\/sport\/jeg-far-nesten-litt-darlig-samvittighet\/84067717\" rel=\"nofollow noopener\" target=\"_blank\"><\/p>\n<p>        <img loading=\"lazy\" decoding=\"async\" src=\"https:\/\/www.europesays.com\/no\/wp-content\/uploads\/2026\/01\/84067891.webp.webp\" width=\"980\" height=\"441\" title=\"- Jeg f\u00e5r nesten litt d\u00e5rlig samvittighet\" alt=\"\" class=\"lazyload\" style=\"--aspect-ratio-image: 2.22; \"\/><\/p>\n<p>        &#8211; Jeg f\u00e5r nesten litt d\u00e5rlig samvittighet<\/p>\n<p>    <\/a><\/p>\n<p>Martin Uldal gikk inn til femteplass, mens\u00a0Isak Leknes Frey ble nummer 13, Sverre Dahlen Aspenes nummer 19. Martin Nevland gikk inn til en 20. plass i verdenscupdebuten og Vetle Sj\u00e5stad Christiansen ble nummer 64 og f\u00e5r dermed ikke g\u00e5 l\u00f8rdagens jaktstart.<\/p>\n<p>Verdenscupleder Johan-Olav Botn og Sturla Holm L\u00e6greid gikk ikke p\u00e5 grunn av sykdom.<\/p>\n<p>&#8211; Skammelig\t<\/p>\n<p>Mange av ut\u00f8verne har v\u00e6rt sterkt preget av hendelsen de siste ukene.<\/p>\n<p>Blant andre snakket verdenscupleder og kamerat Johan-Olav Botn (26) om sjokket da han\u00a0<a href=\"https:\/\/www.dagbladet.no\/sport\/fant-bakken-livlos\/84049701\" target=\"_blank\" rel=\"nofollow noopener\">fant kompisen p\u00e5 hotellrommet<\/a>, mens Vetle Sj\u00e5stad Christiansen beskrev jula som\u00a0\u00abden j\u00e6vligste jula noensinne\u00bb. I tillegg gikk sistnevnte\u00a0<a href=\"https:\/\/www.dagbladet.no\/sport\/skammelig-a-vaere-vitne-til\/84037717\" target=\"_blank\" rel=\"nofollow noopener\">hardt ut mot alle spekulasjonene<\/a> som fulgte etter kompisens bortgang.<\/p>\n<p> Rett etter at d\u00f8dsfallet ble kjent, ble nemlig X og andre kommentarfelt fylt av spekulasjoner om at d\u00f8dsfallet kunne knyttes til helseproblemene Bakken opplevde etter covid-vaksinen. <\/p>\n<p class=\"font-weight-bold m-font-weight-bold\" data-lab-font_weight=\"font-weight-bold\">&#8211; At man bruker et d\u00f8dsfall s\u00e5 tidlig \u2026 Gutten har ikke kommet hjem til Norge engang, han er ikke obdusert. Og s\u00e5 skal man spekulere i et d\u00f8dsfall for \u00e5 argumentere for en mening man allerede hadde fra f\u00f8r, bare dager etter at en ung gutt har d\u00f8dd. Det synes jeg er skammelig \u00e5 v\u00e6re vitne til, sa Sj\u00e5stad Christiansen til Dagbladet i romjula.<\/p>\n<p>    <a itemprop=\"url\" href=\"https:\/\/www.dagbladet.no\/sport\/bekrefter-reiser-tilbake\/84066388\" rel=\"nofollow noopener\" target=\"_blank\"><\/p>\n<p>        <img loading=\"lazy\" decoding=\"async\" src=\"https:\/\/www.europesays.com\/no\/wp-content\/uploads\/2026\/01\/1768064072_249_84066427.webp.webp\" width=\"980\" height=\"441\" title=\"Bekrefter: Reiser tilbake\" alt=\"\" class=\"lazyload\" style=\"--aspect-ratio-image: 2.22; \"\/><\/p>\n<p>        Bekrefter: Reiser tilbake<\/p>\n<p>    <\/a><\/p>\n<p>D\u00f8ds\u00e5rsaken til Bakken er fortsatt ikke kjent, men er under etterforskning av italiensk politi.<\/p>\n<p>P\u00e5talemyndigheten i Italia har gitt rettsmedisinerne frist til 7. mars med \u00e5 ferdigstille sine unders\u00f8kelser og avgi sin rapport. De vil ikke utarbeide en forel\u00f8pig rapport, i motsetning til hva som er vanlig i Norge.\u00a0<\/p>\n<p>N\u00e5r den rettsmedisinske rapporten foreligger vil politiets etterforskning fortsette, og det er ikke kjent n\u00e5r konklusjonen fra denne vil foreligge.<\/p>\n<p>Sivert Guttorm Bakken\u00a0bisettes fra Nordre \u00c5l kirke 13. januar.<\/p>\n","protected":false},"excerpt":{"rendered":"Sivert Guttorm Bakken 1998-2025 Det ble en f\u00f8lelsesladd start p\u00e5 \u00e5ret for skiskytterne da Sivert Guttorm Bakkens bortgang&hellip;\n","protected":false},"author":2,"featured_media":133989,"comment_status":"","ping_status":"","sticky":false,"template":"","format":"standard","meta":{"footnotes":""},"categories":[5],"tags":[20,21,24,25,15,19,22,23,17,18,13,30,28,29,14,16,13042,769,83,26,27],"class_list":{"0":"post-133988","1":"post","2":"type-post","3":"status-publish","4":"format-standard","5":"has-post-thumbnail","7":"category-overskrifter","8":"tag-breaking-news","9":"tag-breakingnews","10":"tag-featured-news","11":"tag-featurednews","12":"tag-headlines","13":"tag-hovedoppslag","14":"tag-latest-news","15":"tag-latestnews","16":"tag-main-news","17":"tag-mainnews","18":"tag-news","19":"tag-no","20":"tag-norge","21":"tag-norway","22":"tag-nyheter","23":"tag-overskrifter","24":"tag-sivert-guttorm-bakken","25":"tag-skiskyting","26":"tag-sport","27":"tag-top-stories","28":"tag-topstories"},"share_on_mastodon":{"url":"https:\/\/pubeurope.com\/@no\/115871853110391071","error":""},"_links":{"self":[{"href":"https:\/\/www.europesays.com\/no\/wp-json\/wp\/v2\/posts\/133988","targetHints":{"allow":["GET"]}}],"collection":[{"href":"https:\/\/www.europesays.com\/no\/wp-json\/wp\/v2\/posts"}],"about":[{"href":"https:\/\/www.europesays.com\/no\/wp-json\/wp\/v2\/types\/post"}],"author":[{"embeddable":true,"href":"https:\/\/www.europesays.com\/no\/wp-json\/wp\/v2\/users\/2"}],"replies":[{"embeddable":true,"href":"https:\/\/www.europesays.com\/no\/wp-json\/wp\/v2\/comments?post=133988"}],"version-history":[{"count":0,"href":"https:\/\/www.europesays.com\/no\/wp-json\/wp\/v2\/posts\/133988\/revisions"}],"wp:featuredmedia":[{"embeddable":true,"href":"https:\/\/www.europesays.com\/no\/wp-json\/wp\/v2\/media\/133989"}],"wp:attachment":[{"href":"https:\/\/www.europesays.com\/no\/wp-json\/wp\/v2\/media?parent=133988"}],"wp:term":[{"taxonomy":"category","embeddable":true,"href":"https:\/\/www.europesays.com\/no\/wp-json\/wp\/v2\/categories?post=133988"},{"taxonomy":"post_tag","embeddable":true,"href":"https:\/\/www.europesays.com\/no\/wp-json\/wp\/v2\/tags?post=133988"}],"curies":[{"name":"wp","href":"https:\/\/api.w.org\/{rel}","templated":true}]}}