{"id":133990,"date":"2026-01-10T16:55:11","date_gmt":"2026-01-10T16:55:11","guid":{"rendered":"https:\/\/www.europesays.com\/no\/133990\/"},"modified":"2026-01-10T16:55:11","modified_gmt":"2026-01-10T16:55:11","slug":"ikke-skjedd-pa-over-600-dager-2","status":"publish","type":"post","link":"https:\/\/www.europesays.com\/no\/133990\/","title":{"rendered":"Ikke skjedd p\u00e5 over 600 dager"},"content":{"rendered":"<ul>\n<li class=\"lab-bodytext-line font-weight-bold m-font-weight-bold\" data-lab-font_weight=\"font-weight-bold\">Manchester City &#8211; Exeter 10-1<\/li>\n<\/ul>\n<p>Manchester fikk en sv\u00e6rt god start p\u00e5 oppgj\u00f8ret mot League One-laget Exeter i den tredje runden i FA-cupen.<\/p>\n<p>    <a itemprop=\"url\" href=\"https:\/\/www.dagbladet.no\/sport\/fotballsjokk-i-england\/84081358\" rel=\"nofollow noopener\" target=\"_blank\"><\/p>\n<p>        <img loading=\"lazy\" decoding=\"async\" src=\"https:\/\/www.europesays.com\/no\/wp-content\/uploads\/2026\/01\/84081365.webp.webp\" width=\"980\" height=\"441\" title=\"Fotballsjokk i England\" alt=\"\" class=\"lazyload\" style=\"--aspect-ratio-image: 2.22; \"\/><\/p>\n<p>        Fotballsjokk i England<\/p>\n<p>    <\/a><\/p>\n<p>Til pause ledet de lysebl\u00e5 4-0 etter scoringer fra Max Elleyne, Rodri og to selvm\u00e5l fra Jake Doyle-Hayes og Jack Fitzwater.<\/p>\n<p> M\u00e5lscorer Rodri har v\u00e6rt ute med skade i lang tid, men virker endelig \u00e5 v\u00e6re tilbake. Spanjolens forrige m\u00e5l for Manchester City var mot West Ham helt tilbake til 19. mai 2024. Det er over 600 dager siden. <\/p>\n<p>\u00abErling Braut Haaland var sv\u00e6rt glad p\u00e5 lagkameratens vegne\u00bb, meldte ESPN.<\/p>\n<p>Simon Bajkowski, sjefsskribent i Manchester Evening News, tok ikke i da han f\u00f8r hvilen skrev p\u00e5 X at\u00a0\u00abdenne kampen er trolig over\u00bb.<\/p>\n<p>For i den andre omgangen la Rico Lewis (2), nysigneringen Antoine Semenyo, Tijjani Reijnders, Nico O&#8217;Reilly og Ryan McAidoo p\u00e5 til 10-0.<\/p>\n<p>Rett f\u00f8r slutt reduserte George Birch for bortelaget. Det var 19-\u00e5ringens f\u00f8rste seniorm\u00e5l.<\/p>\n<p> &#8211; Det er feige lag, sa Viaplay-ekspert Kristoffer L\u00f8kberg. <\/p>\n<p>    <a itemprop=\"url\" href=\"https:\/\/www.dagbladet.no\/sport\/nadelos-beskjed\/84080557\" rel=\"nofollow noopener\" target=\"_blank\"><\/p>\n<p>        <img loading=\"lazy\" decoding=\"async\" src=\"https:\/\/www.europesays.com\/no\/wp-content\/uploads\/2026\/01\/84080563.webp.webp\" width=\"980\" height=\"441\" title=\"N\u00e5del\u00f8s beskjed\" alt=\"\" class=\"lazyload\" style=\"--aspect-ratio-image: 2.22; \"\/><\/p>\n<p>        N\u00e5del\u00f8s beskjed<\/p>\n<p>    <\/a><\/p>\n<p>Manchester Citys st\u00f8rste seier gjennom tidene kom tilbake i 1987. Da ble Huddersfield sl\u00e5tt 10-1. Den rekorden ble tangert i kveld.<\/p>\n<p>En m\u00e5ll\u00f8s Erling Braut Haaland ble tatt av til pause. Trolig et klokt grep med tanke p\u00e5 det hektiske programmet.<\/p>\n","protected":false},"excerpt":{"rendered":"Manchester City &#8211; Exeter 10-1 Manchester fikk en sv\u00e6rt god start p\u00e5 oppgj\u00f8ret mot League One-laget Exeter i&hellip;\n","protected":false},"author":2,"featured_media":133941,"comment_status":"","ping_status":"","sticky":false,"template":"","format":"standard","meta":{"footnotes":""},"categories":[59],"tags":[810,92,671,30,28,29,83,82],"class_list":{"0":"post-133990","1":"post","2":"type-post","3":"status-publish","4":"format-standard","5":"has-post-thumbnail","7":"category-sport","8":"tag-erling-braut-haaland","9":"tag-fotball","10":"tag-manchester-city","11":"tag-no","12":"tag-norge","13":"tag-norway","14":"tag-sport","15":"tag-sports"},"share_on_mastodon":{"url":"https:\/\/pubeurope.com\/@no\/115871857067638475","error":""},"_links":{"self":[{"href":"https:\/\/www.europesays.com\/no\/wp-json\/wp\/v2\/posts\/133990","targetHints":{"allow":["GET"]}}],"collection":[{"href":"https:\/\/www.europesays.com\/no\/wp-json\/wp\/v2\/posts"}],"about":[{"href":"https:\/\/www.europesays.com\/no\/wp-json\/wp\/v2\/types\/post"}],"author":[{"embeddable":true,"href":"https:\/\/www.europesays.com\/no\/wp-json\/wp\/v2\/users\/2"}],"replies":[{"embeddable":true,"href":"https:\/\/www.europesays.com\/no\/wp-json\/wp\/v2\/comments?post=133990"}],"version-history":[{"count":0,"href":"https:\/\/www.europesays.com\/no\/wp-json\/wp\/v2\/posts\/133990\/revisions"}],"wp:featuredmedia":[{"embeddable":true,"href":"https:\/\/www.europesays.com\/no\/wp-json\/wp\/v2\/media\/133941"}],"wp:attachment":[{"href":"https:\/\/www.europesays.com\/no\/wp-json\/wp\/v2\/media?parent=133990"}],"wp:term":[{"taxonomy":"category","embeddable":true,"href":"https:\/\/www.europesays.com\/no\/wp-json\/wp\/v2\/categories?post=133990"},{"taxonomy":"post_tag","embeddable":true,"href":"https:\/\/www.europesays.com\/no\/wp-json\/wp\/v2\/tags?post=133990"}],"curies":[{"name":"wp","href":"https:\/\/api.w.org\/{rel}","templated":true}]}}