{"id":133991,"date":"2026-01-10T16:56:08","date_gmt":"2026-01-10T16:56:08","guid":{"rendered":"https:\/\/www.europesays.com\/no\/133991\/"},"modified":"2026-01-10T16:56:08","modified_gmt":"2026-01-10T16:56:08","slug":"hadde-glemt-hvor-mange-sinte-mennesker-som-sitter-der-ute","status":"publish","type":"post","link":"https:\/\/www.europesays.com\/no\/133991\/","title":{"rendered":"\u2013 Hadde glemt hvor mange sinte mennesker som sitter der ute"},"content":{"rendered":"\n<ul class=\"_list_o9xde_3 _list_64s2r_85 _unordered_o9xde_106 text-sans-m\">\n<li class=\"_item_o9xde_30\">Henriette Lien (56) tar et oppgj\u00f8r med netthets.<\/li>\n<li class=\"_item_o9xde_30\">Lien lar ikke kommentarene p\u00e5virke seg, men synes det er trist at noen bruker s\u00e5 mye energi p\u00e5 \u00e5 v\u00e6re sinte.<\/li>\n<li class=\"_item_o9xde_30\">Hun har ogs\u00e5 f\u00e5tt mye st\u00f8tte og ros, ogs\u00e5 fra andre kjendiser.<\/li>\n<\/ul>\n<p>Vis mer <\/p>\n<p class=\"_paragraph_o9xde_4 _paragraph_xtcu6_10 layout-component text-serif-m layout-normal text-serif-m layout-padded\">\u2013 Jeg har v\u00e6rt ute en vinternatt f\u00f8r, sier Henriette Lien til VG mens hun sitter p\u00e5 flyplassen i Kenya.<\/p>\n<p class=\"_paragraph_o9xde_4 _paragraph_xtcu6_10 layout-component text-serif-m layout-normal text-serif-m layout-padded\">Hun har nemlig base b\u00e5de i Kenya og Norge, og n\u00e5 venter et to uker langt opphold i varmere str\u00f8k.<\/p>\n<p class=\"_paragraph_o9xde_4 _paragraph_xtcu6_10 layout-component text-serif-m layout-normal text-serif-m layout-padded\">F\u00f8r Lien satte seg p\u00e5 flyet her hjemme fredag, lettet hun hjertet sitt i et langt innlegg p\u00e5 <a href=\"https:\/\/www.facebook.com\/HenrietteLienBusiness\/\" class=\"_link_o9xde_39\" rel=\"nofollow noopener\" target=\"_blank\">Facebook<\/a> og <a href=\"https:\/\/www.instagram.com\/p\/DTSluFQCKe-\/?hl=te\" class=\"_link_o9xde_39\" rel=\"nofollow noopener\" target=\"_blank\">Instagram<\/a> \u2013 om netthets.<\/p>\n<p class=\"_paragraph_o9xde_4 _paragraph_xtcu6_10 layout-component text-serif-m layout-normal text-serif-m layout-padded\">\u00abDenne morgenen tenker jeg p\u00e5 hvordan jeg hadde glemt hvor mange sinte mennesker som sitter der ute i dette langstrakte landet. Ikke med h\u00f8ygaffel, men med tastatur\u00bb skriver Lien.<\/p>\n<p class=\"_paragraph_o9xde_4 _paragraph_xtcu6_10 layout-component text-serif-m layout-normal text-serif-m layout-padded\"><strong class=\"_strong_o9xde_25\">De siste dagene har hun nemlig f\u00e5tt passet p\u00e5skrevet fra mange.<\/strong><\/p>\n<p class=\"_paragraph_o9xde_4 _paragraph_xtcu6_10 layout-component text-serif-m layout-normal text-serif-m layout-padded\">\u00abEtter en snau uke p\u00e5 skjermen, leser jeg alt fra at jeg burde v\u00e6rt kastet ut som en sutrete kjerring, til at jeg ser syk ut fordi jeg har ringer under \u00f8ynene \u2013 at jeg er for tynn og at dette helt \u00e5penbart er s\u00e5nn veganere ser ut.\u00bb<\/p>\n<p><img alt=\"Henriette Lien inne p\u00e5 g\u00e5rden f\u00f8rste uken av \u00abFarmen kjendis\u00bb.  Foto: Anton Suggio\/TV 2\" class=\"_image_qp4xg_65 layout-component layout-normal\" data-fullscreen- data-track-element-type=\"Article image fullscreen\" data-track-name=\"ImageFullscreen\" decoding=\"async\" loading=\"lazy\" height=\"2784\" itemprop=\"image\"  src=\"https:\/\/www.europesays.com\/no\/wp-content\/uploads\/2026\/01\/711610d5-299c-4699-9697-b3019f0e9827.jpeg\"  style=\"object-position:0% 0%\" width=\"4176\"\/>Henriette Lien inne p\u00e5 g\u00e5rden f\u00f8rste uken av \u00abFarmen kjendis\u00bb.  Foto: Anton Suggio\/TV 2<\/p>\n<p class=\"_paragraph_o9xde_4 _paragraph_xtcu6_10 layout-component text-serif-m layout-normal text-serif-m layout-padded\">VG har sett flere eksempler p\u00e5 slike kommentarer.<\/p>\n<p class=\"_paragraph_o9xde_4 _paragraph_xtcu6_10 layout-component text-serif-m layout-normal text-serif-m layout-padded\">Lien sier hun var 100 prosent forberedt p\u00e5 at det ville komme stygge meldinger. <\/p>\n<p class=\"_paragraph_o9xde_4 _paragraph_xtcu6_10 layout-component text-serif-m layout-normal text-serif-m layout-padded\">\u2013 Men dette f\u00e5r veldig lite plass i mitt liv. Jeg synes bare det er veldig trist at noen har behov for \u00e5 hamre l\u00f8s p\u00e5 tastaturet, sier hun til VG.<\/p>\n<p class=\"_paragraph_o9xde_4 _paragraph_xtcu6_10 layout-component text-serif-m layout-normal text-serif-m layout-padded\">De siste \u00e5rene har skuespilleren, best kjent fra \u00abHotel C\u00e6sar\u00bb, levd tilbaketrukket fra rampelyset. Hun jobber i dag som yogal\u00e6rer, og deler refleksjoner fra hverdagen til sine 80.000 f\u00f8lgere p\u00e5 Facebook og 43.000 f\u00f8lgere p\u00e5 Instagram.<\/p>\n<p class=\"_paragraph_o9xde_4 _paragraph_xtcu6_10 layout-component text-serif-m layout-normal text-serif-m layout-padded\">Og n\u00e5 er hun alts\u00e5 <a href=\"https:\/\/www.vg.no\/rampelys\/i\/V6ldrW\/dette-er-deltagerne-i-farmen-kjendis-2026\" data-track-element-type=\"Link\" data-track-id=\"link:V6ldrW\" class=\"_link_o9xde_39\" rel=\"nofollow noopener\" target=\"_blank\">blant kjendisene<\/a> som kjemper om seier i \u00ab<a href=\"https:\/\/www.vg.no\/tag\/farmen-kjendis?utm_source=vg-article&amp;utm_medium=auto-tagger&amp;utm_campaign=9pOKBd\" class=\"_link_o9xde_39\" rel=\"nofollow noopener\" target=\"_blank\">Farmen kjendis<\/a>\u00bb.<\/p>\n<p class=\"_paragraph_o9xde_4 _paragraph_xtcu6_10 layout-component text-serif-m layout-normal text-serif-m layout-padded\">\u2013 Jeg f\u00e5r egentlig aldri med meg noe av kommentarfelt, for jeg er lite p\u00e5 sosiale medier og lite p\u00e5 telefonen. Jeg leser ikke kommentarer under mine egne poster engang, sier Lien til VG.<\/p>\n<p class=\"_paragraph_o9xde_4 _paragraph_xtcu6_10 layout-component text-serif-m layout-normal text-serif-m layout-padded\">\u2013 Men denne uken, siden det var starten p\u00e5 \u00abFarmen\u00bb, tenkte jeg at n\u00e5 ville jeg faktisk inn og se.<\/p>\n<p class=\"_paragraph_o9xde_4 _paragraph_xtcu6_10 layout-component text-serif-m layout-normal text-serif-m layout-padded\">Hun tror det blir med det.<\/p>\n<p class=\"_paragraph_o9xde_4 _paragraph_xtcu6_10 layout-component text-serif-m layout-normal text-serif-m layout-padded\">\u2013 Jeg fortsetter nok vanen med ikke \u00e5 lese kommentarer, sier hun og ler litt.<\/p>\n<p><img alt=\"Henriette Lien, her p\u00e5 en selfie hun tok nytt\u00e5rsaften.  Foto: PRIVAT\" class=\"_image_qp4xg_65 layout-component layout-normal\" data-fullscreen- data-track-element-type=\"Article image fullscreen\" data-track-name=\"ImageFullscreen\" decoding=\"async\" loading=\"lazy\" height=\"1440\" itemprop=\"image\"  src=\"https:\/\/www.europesays.com\/no\/wp-content\/uploads\/2026\/01\/937e9e34-4e5c-41f7-93f8-4c69e17348f0.jpeg\"  style=\"object-position:0% 0%\" width=\"1080\"\/>Henriette Lien, her p\u00e5 en selfie hun tok nytt\u00e5rsaften.  Foto: PRIVAT<\/p>\n<p class=\"_paragraph_o9xde_4 _paragraph_xtcu6_10 layout-component text-serif-m layout-normal text-serif-m layout-padded\">I kommentarfeltene f\u00e5r Lien blant annet h\u00f8re at hun \u00abburde holde kjeft og vite bedre, siden hun har v\u00e6rt p\u00e5 TV f\u00f8r\u00bb, og at hun praktiserer hersketeknikker.<\/p>\n<p class=\"_paragraph_o9xde_4 _paragraph_xtcu6_10 layout-component text-serif-m layout-normal text-serif-m layout-padded\">Lien, som er denne ukens f\u00f8rstekjempe i \u00abFarmen\u00bb, synes det er fascinerende hvor mye energi folk legger i \u00e5 v\u00e6re sinte.<\/p>\n<p class=\"_paragraph_o9xde_4 _paragraph_xtcu6_10 layout-component text-serif-m layout-normal text-serif-m layout-padded\">\u00abSom om de sitter og venter p\u00e5 at noen skal si \u00e9n \u00abfeil\u00bb setning, s\u00e5 de endelig kan spy ut litt g\u00f8rr og galle. F\u00e5 ut livsfrustrasjonen sin, ventilere i det offentlige rom\u00bb, skriver hun \u2013 og trekker sammenligningen med grevlinger.<\/p>\n<p class=\"_paragraph_o9xde_4 _paragraph_xtcu6_10 layout-component text-serif-m layout-normal text-serif-m layout-padded\"><strong class=\"_strong_o9xde_25\">\u2013 Hvorfor er det viktig for deg \u00e5 komme ut med dette budskapet?<\/strong><\/p>\n<p class=\"_paragraph_o9xde_4 _paragraph_xtcu6_10 layout-component text-serif-m layout-normal text-serif-m layout-padded\">\u2013 Det er ikke viktig for meg, og det er heller ikke noe budskap. Det er bare atter en refleksjon over alt det rare som skjer i denne verden, svarer hun.<\/p>\n<p class=\"_paragraph_o9xde_4 _paragraph_xtcu6_10 layout-component text-serif-m layout-normal text-serif-m layout-padded\">\u2013 Ingen av oss kommer til bunns i nettroll uansett.<\/p>\n<p class=\"_paragraph_o9xde_4 _paragraph_xtcu6_10 layout-component text-serif-m layout-normal text-serif-m layout-padded\">Lien presiserer at hun ikke lar kommentarene g\u00e5 inn p\u00e5 seg.<\/p>\n<p class=\"_paragraph_o9xde_4 _paragraph_xtcu6_10 layout-component text-serif-m layout-normal text-serif-m layout-padded\">\u2013 Nei, ikke i det hele tatt. Det gj\u00f8r ikke noe med meg. Men n\u00e5r jeg leser disse tingene, tenker jeg at verden er et litt fattig sted, kanskje? sier 56-\u00e5ringen.<\/p>\n<p class=\"_paragraph_o9xde_4 _paragraph_xtcu6_10 layout-component text-serif-m layout-normal text-serif-m layout-padded\">\u2013 Jeg vet veldig godt hvem jeg er, og st\u00e5r godt i egne sko og vet akkurat hvordan jeg ser ut og hva jeg mener. Hvis det trigger noen, ja, da f\u00e5r det trigge. <\/p>\n<p>\u2013 Fra s\u00f8t til slitsom<\/p>\n<p class=\"_paragraph_o9xde_4 _paragraph_xtcu6_10 layout-component text-serif-m layout-normal text-serif-m layout-padded\">Lien mener at menn ikke opplever det samme trykket som kvinner. <\/p>\n<p class=\"_paragraph_o9xde_4 _paragraph_xtcu6_10 layout-component text-serif-m layout-normal text-serif-m layout-padded\">Hun forteller at da hun var med i \u00abHotel C\u00e6sar\u00bb, ble skuespillerne bedt om \u00e5 styre unna kommentarfeltene, fordi noe av det som ble skrevet, var s\u00e5 stygt.<\/p>\n<p><img alt=\"Kim Kolstad og Henriette Lien som Jens August og Ninni  i \u00abHotel C\u00e6sar\u00bb i 2002. N\u00e5 er begge med i \u00abFarmen kjendis\u00bb.  Foto: TV 2\" class=\"_image_qp4xg_65 layout-component layout-normal\" data-fullscreen- data-track-element-type=\"Article image fullscreen\" data-track-name=\"ImageFullscreen\" decoding=\"async\" loading=\"lazy\" height=\"954\" itemprop=\"image\"  src=\"https:\/\/www.europesays.com\/no\/wp-content\/uploads\/2026\/01\/8681f279-1dba-4004-bf9b-cb6d0a41ba6e.jpeg\"  style=\"object-position:0% 0%\" width=\"1273\"\/>Kim Kolstad og Henriette Lien som Jens August og Ninni  i \u00abHotel C\u00e6sar\u00bb i 2002. N\u00e5 er begge med i \u00abFarmen kjendis\u00bb.  Foto: TV 2<\/p>\n<p class=\"_paragraph_o9xde_4 _paragraph_xtcu6_10 layout-component text-serif-m layout-normal text-serif-m layout-padded\">Lien sier at mye er likt, men at noe har forandret seg. For Lien er ikke lenger den unge kvinnen TV-seerne stiftet bekjentskap med.<\/p>\n<p class=\"_paragraph_o9xde_4 _paragraph_xtcu6_10 layout-component text-serif-m layout-normal text-serif-m layout-padded\">\u00abN\u00e5, 25 \u00e5r senere \u2013 25 \u00e5r med levd liv \u2013 handler det mer om \u00e5 \u00abf\u00e5 r\u00f8ya ut\u00bb, skriver hun.<\/p>\n<p class=\"_paragraph_o9xde_4 _paragraph_xtcu6_10 layout-component text-serif-m layout-normal text-serif-m layout-padded\"><strong class=\"_strong_o9xde_25\">Da hun var ung og lovende, s\u00f8t og yndig, ikke like \u00e6rlig og gikk stillere i d\u00f8rene, var kommentarene ofte mer seksualiserte.<\/strong><\/p>\n<p class=\"_paragraph_o9xde_4 _paragraph_xtcu6_10 layout-component text-serif-m layout-normal text-serif-m layout-padded\">\u00abS\u00e5nn er det \u00e5 bli eldre i offentligheten. Man g\u00e5r fra pynt til problem. Fra s\u00f8t til slitsom.<br \/>Fra interessant og yndig til irriterende og \u00abnaggete\u00bb\u00bb.<\/p>\n<p>Mange st\u00f8tter<\/p>\n<p class=\"_paragraph_o9xde_4 _paragraph_xtcu6_10 layout-component text-serif-m layout-normal text-serif-m layout-padded\">Lien har ogs\u00e5 f\u00e5tt masse ros, st\u00f8tte og sympatierkl\u00e6ringer. Innlegget p\u00e5 Facebook har i skrivende stund f\u00e5tt over 16.000 likerklikk, over 1300 kommentarer og er delt 89 ganger.<\/p>\n<p class=\"_paragraph_o9xde_4 _paragraph_xtcu6_10 layout-component text-serif-m layout-normal text-serif-m layout-padded\">Kjendiskvinner som skuespiller Mia Gundersen (64) og spaltist, journalist og forfatter Ingeborg Senneset (40) har kommentert:<\/p>\n<p class=\"_paragraph_o9xde_4 _paragraph_xtcu6_10 layout-component text-serif-m layout-normal text-serif-m layout-padded\">\u00abSamfunnet v\u00e5rt trenger voksne kvinner som deg. Drit i underutviklede nettroll\u00bb, skriver Gundersen.<\/p>\n<p class=\"_paragraph_o9xde_4 _paragraph_xtcu6_10 layout-component text-serif-m layout-normal text-serif-m layout-padded\"><strong class=\"_strong_o9xde_25\">Senneset skriver at \u00abfolk m\u00e5 skjerpe seg\u00bb og etterlyser folkeskikk. <\/strong><\/p>\n<p class=\"_paragraph_o9xde_4 _paragraph_xtcu6_10 layout-component text-serif-m layout-normal text-serif-m layout-padded\">Hun og Lien var under pandemien sv\u00e6rt uenige n\u00e5r det gjaldt vaksinering, siden Lien er uttalt vaksineskeptiker.<\/p>\n<p class=\"_paragraph_o9xde_4 _paragraph_xtcu6_10 layout-component text-serif-m layout-normal text-serif-m layout-padded\">\u00abMen det var og er kritikk p\u00e5 sak, ikke person. Det gj\u00f8r meg s\u00e5 forbanna at folk g\u00e5r etter utseende, alder, vekt og alt som er s\u00e5 uendelig irrelevant\u00bb, skriver Senneset.<\/p>\n<p>TV 2: \u2013 Leit<\/p>\n<p class=\"_paragraph_o9xde_4 _paragraph_xtcu6_10 layout-component text-serif-m layout-normal text-serif-m layout-padded\">Lien har sittet timevis p\u00e5 flyet etter at hun la ut innlegget, s\u00e5 hun har ikke f\u00e5tt med seg all st\u00f8tten.<\/p>\n<p class=\"_paragraph_o9xde_4 _paragraph_xtcu6_10 layout-component text-serif-m layout-normal text-serif-m layout-padded\">\u2013 Men jeg har f\u00e5tt masse mail. Jeg drukner i mail fra folk. Det er koselig at folk engasjerer seg, og det veier opp at det er litt lys og kj\u00e6rlighet der ute i verden.<\/p>\n<p><img decoding=\"async\" alt=\"Bilde av Jan-Petter Dahl\" class=\"_image_ygndg_42\" height=\"27\" itemprop=\"image\" loading=\"lazy\"  src=\"https:\/\/www.europesays.com\/no\/wp-content\/uploads\/2026\/01\/333357de-8a97-42af-9e60-caea8c44aef7.jpeg\"  width=\"40\"\/><strong class=\"_name_ygndg_51 title-serif-xs\">Jan-Petter Dahl<\/strong><\/p>\n<p class=\"_paragraph_o9xde_4 text-sans-m _description_ygndg_56\">Pressesjef i TV 2<\/p>\n<p class=\"_paragraph_o9xde_4 _paragraph_xtcu6_10 layout-component text-serif-m layout-normal text-serif-m layout-padded\">\u2013 Det er leit \u00e5 h\u00f8re at Henriette og andre \u00abFarmen kjendis\u00bb-deltagere opplever denne typen kommentarer i sosiale medier, skriver pressesjef i kanalen, Jan-Petter Dahl, i en SMS til VG.<\/p>\n<p class=\"_paragraph_o9xde_4 _paragraph_xtcu6_10 layout-component text-serif-m layout-normal text-serif-m layout-padded\">\u2013 Vi m\u00e5 bare oppfordre alle til \u00e5 holde engasjementet p\u00e5 et saklig niv\u00e5 og holde seg unna alle typer av hets og hatefulle ytringer.<\/p>\n<p class=\"_paragraph_o9xde_4 _paragraph_xtcu6_10 layout-component text-serif-m layout-normal text-serif-m layout-padded\"><strong class=\"_strong_o9xde_25\">Fikk du med deg dette nakenstuntet i episode to? se VGTV:<\/strong><\/p>\n<p>Les ogs\u00e5<br \/>\n    <script async src=\"\/\/www.instagram.com\/embed.js\"><\/script><\/p>\n","protected":false},"excerpt":{"rendered":"Henriette Lien (56) tar et oppgj\u00f8r med netthets. Lien lar ikke kommentarene p\u00e5virke seg, men synes det er&hellip;\n","protected":false},"author":2,"featured_media":133992,"comment_status":"","ping_status":"","sticky":false,"template":"","format":"standard","meta":{"footnotes":""},"categories":[58],"tags":[71,9467,12633,30,28,29,3222,72],"class_list":{"0":"post-133991","1":"post","2":"type-post","3":"status-publish","4":"format-standard","5":"has-post-thumbnail","7":"category-underholdning","8":"tag-entertainment","9":"tag-farmen-kjendis","10":"tag-henriette-lien","11":"tag-no","12":"tag-norge","13":"tag-norway","14":"tag-sosiale-medier","15":"tag-underholdning"},"share_on_mastodon":{"url":"https:\/\/pubeurope.com\/@no\/115871860865074174","error":""},"_links":{"self":[{"href":"https:\/\/www.europesays.com\/no\/wp-json\/wp\/v2\/posts\/133991","targetHints":{"allow":["GET"]}}],"collection":[{"href":"https:\/\/www.europesays.com\/no\/wp-json\/wp\/v2\/posts"}],"about":[{"href":"https:\/\/www.europesays.com\/no\/wp-json\/wp\/v2\/types\/post"}],"author":[{"embeddable":true,"href":"https:\/\/www.europesays.com\/no\/wp-json\/wp\/v2\/users\/2"}],"replies":[{"embeddable":true,"href":"https:\/\/www.europesays.com\/no\/wp-json\/wp\/v2\/comments?post=133991"}],"version-history":[{"count":0,"href":"https:\/\/www.europesays.com\/no\/wp-json\/wp\/v2\/posts\/133991\/revisions"}],"wp:featuredmedia":[{"embeddable":true,"href":"https:\/\/www.europesays.com\/no\/wp-json\/wp\/v2\/media\/133992"}],"wp:attachment":[{"href":"https:\/\/www.europesays.com\/no\/wp-json\/wp\/v2\/media?parent=133991"}],"wp:term":[{"taxonomy":"category","embeddable":true,"href":"https:\/\/www.europesays.com\/no\/wp-json\/wp\/v2\/categories?post=133991"},{"taxonomy":"post_tag","embeddable":true,"href":"https:\/\/www.europesays.com\/no\/wp-json\/wp\/v2\/tags?post=133991"}],"curies":[{"name":"wp","href":"https:\/\/api.w.org\/{rel}","templated":true}]}}