{"id":134003,"date":"2026-01-10T17:13:08","date_gmt":"2026-01-10T17:13:08","guid":{"rendered":"https:\/\/www.europesays.com\/no\/134003\/"},"modified":"2026-01-10T17:13:08","modified_gmt":"2026-01-10T17:13:08","slug":"stale-solbakken-fikk-salen-til-a-le-for-idrettsgallaen-jeg-har-flexbillett","status":"publish","type":"post","link":"https:\/\/www.europesays.com\/no\/134003\/","title":{"rendered":"St\u00e5le Solbakken fikk salen til \u00e5 le f\u00f8r Idrettsgallaen: \u2013 Jeg har flexbillett"},"content":{"rendered":"\n<p class=\"_lead_o9xde_2 _lead_xtcu6_50 layout-component text-serif-m layout-normal text-serif-l layout-component layout-wide layout-padded _wide_17hqh_1 layout-padded\">Landslagssjefen har kommet seg etter nyrestein-anfallet. I kveld kan han vinne priser p\u00e5 Idrettsgallaen.<\/p>\n<p><img alt=\" Foto: Bj\u00f8rn S. Delebekk \/ VG\" class=\"_image_qp4xg_65 layout-component layout-wide\" data-fullscreen- data-track-element-type=\"Article image fullscreen\" data-track-name=\"ImageFullscreen\" fetchpriority=\"high\" decoding=\"sync\" loading=\"eager\" height=\"1812\" itemprop=\"image\"  src=\"https:\/\/www.europesays.com\/no\/wp-content\/uploads\/2026\/01\/88eacd24-8924-419d-a49d-dcbc90f466af.png\"  style=\"object-position:0% 0%\" width=\"2699\"\/> Foto: Bj\u00f8rn S. Delebekk \/ VG<\/p>\n<ul aria-hidden=\"true\" class=\"_images_ntbth_112\">\n<li><a class=\"_link_ntbth_117\" href=\"https:\/\/www.vg.no\/forfatter\/jostein-overvik\" style=\"z-index:2\" title=\"Jostein Overvik\" rel=\"nofollow noopener\" target=\"_blank\"><img alt=\"Bilde av Jostein Overvik\" class=\"_image_ntbth_93\" fetchpriority=\"low\" loading=\"lazy\" decoding=\"async\" itemprop=\"image\"  src=\"https:\/\/www.europesays.com\/no\/wp-content\/uploads\/2026\/01\/1768065188_519_9167fa6a-7320-4d6f-b3c9-6c4ecb8beb8c.jpeg\"  width=\"480\"\/><\/a><\/li>\n<li><a class=\"_link_ntbth_117\" href=\"https:\/\/www.vg.no\/forfatter\/bjoern-s-delebekk-foto\" style=\"z-index:1\" title=\"Bj\u00f8rn S. Delebekk (foto)\" rel=\"nofollow noopener\" target=\"_blank\"><img alt=\"Bilde av Bj\u00f8rn S. Delebekk (foto)\" class=\"_image_ntbth_93\" fetchpriority=\"low\" loading=\"lazy\" decoding=\"async\" itemprop=\"image\"  src=\"https:\/\/www.europesays.com\/no\/wp-content\/uploads\/2026\/01\/0951ae87-c959-48ff-9f15-211b75525be1.png\"  width=\"480\"\/><\/a><\/li>\n<\/ul>\n<p>Hamar Oppdatert l\u00f8rdag 10. januar kl. 17:35    <\/p>\n<ul class=\"_list_o9xde_3 _list_64s2r_85 _unordered_o9xde_106 text-sans-m\">\n<li class=\"_item_o9xde_30\">St\u00e5le Solbakken har kommet seg etter nyrestein-anfallet og kan vinne priser p\u00e5 Idrettsgallaen.<\/li>\n<li class=\"_item_o9xde_30\">Solbakken fleipet med egen karriere p\u00e5 Idrettsforbundets seminar f\u00f8r gallaen.<\/li>\n<li class=\"_item_o9xde_30\">Fotballandslaget og spillere som Erling Braut Haaland er nominert til flere priser.<\/li>\n<li class=\"_item_o9xde_30\">Gallaen sendes direkte p\u00e5 NRK1 l\u00f8rdag kveld.<\/li>\n<\/ul>\n<p>Vis mer <\/p>\n<p class=\"_paragraph_o9xde_4 _paragraph_xtcu6_10 layout-component text-serif-m layout-normal text-serif-m layout-padded\">Sammen med sjefen for sykkellaget Uno-X Mobility, Thor Hushovd, snakket Solbakken tidligere l\u00f8rdag om suksessen i 2025 p\u00e5 Idrettsforbundets seminar f\u00f8r gallaen p\u00e5 Hamar.<\/p>\n<p class=\"_paragraph_o9xde_4 _paragraph_xtcu6_10 layout-component text-serif-m layout-normal text-serif-m layout-padded\">Hushovd ville gjerne vite n\u00e5r Solbakken har bestilt returfly fra USA-VM til sommer<\/p>\n<p class=\"_paragraph_o9xde_4 _paragraph_xtcu6_10 layout-component text-serif-m layout-normal text-serif-m layout-padded\">\u2013 Jeg har flexbillett, avv\u00e6pnet Solbakken til latter i den humoristiske sekvensen ledet at tidligere skiskytter Marte Olsbu R\u00f8iseland.<\/p>\n<p class=\"_paragraph_o9xde_4 _paragraph_xtcu6_10 layout-component text-serif-m layout-normal text-serif-m layout-padded\">Solbakken fleipet med egen spillerkarriere og sa at Drillo bare tok ham ut \u00abn\u00e5r Myggen var p\u00e5 byen\u00bb.<\/p>\n<p class=\"_paragraph_o9xde_4 _paragraph_xtcu6_10 layout-component text-serif-m layout-normal text-serif-m layout-padded\">\u2013 Jeg har f\u00e5tt sp\u00f8rsm\u00e5l om at 39 prosent av befolkningen under 25 \u00e5r tror at vi vinner VM. Det er akkurat de samme som stemmer Fremskrittspartiet, sa den trofaste Ap-velgeren humoristisk og la til:<\/p>\n<p class=\"_paragraph_o9xde_4 _paragraph_xtcu6_10 layout-component text-serif-m layout-normal text-serif-m layout-padded\">\u2013 Det g\u00e5r over.<\/p>\n<p><img alt=\"Foto: Bj\u00f8rn S. Delebekk \/ VG\" class=\"_image_qp4xg_65 layout-component layout-normal\" data-fullscreen- data-track-element-type=\"Article image fullscreen\" data-track-name=\"ImageFullscreen\" decoding=\"async\" loading=\"lazy\" height=\"4833\" itemprop=\"image\"  src=\"https:\/\/www.europesays.com\/no\/wp-content\/uploads\/2026\/01\/e85c4c29-5d4c-4914-aecd-5b044a18b2a9.png\"  style=\"object-position:0% 0%\" width=\"7457\"\/>Foto: Bj\u00f8rn S. Delebekk \/ VG<\/p>\n<p class=\"_paragraph_o9xde_4 _paragraph_xtcu6_10 layout-component text-serif-m layout-normal text-serif-m layout-padded\">Thor Hushovd forklarte fra scenen at Uno-X-laget har hatt en lengre og vanskeligere vei fordi sykkellaget vil dyrke den danske og norske identiteten.<\/p>\n<p class=\"_paragraph_o9xde_4 _paragraph_xtcu6_10 layout-component text-serif-m layout-normal text-serif-m layout-padded\">\u2013 Det gir oss mange f\u00e6rre ryttere \u00e5 ta av, fremholdt Hushovd.<\/p>\n<p class=\"_paragraph_o9xde_4 _paragraph_xtcu6_10 layout-component text-serif-m layout-normal text-serif-m layout-padded\">\u2013 Vi kan bare ha norske, repliserte Solbakken til stor latter.<strong class=\"_strong_o9xde_25\"> <\/strong><\/p>\n<p class=\"_paragraph_o9xde_4 _paragraph_xtcu6_10 layout-component text-serif-m layout-normal text-serif-m layout-padded\"><strong class=\"_strong_o9xde_25\">Det kan bli et prisdryss over fotballandslaget l\u00f8rdag kveld. Gallaen starter p\u00e5 NRK1 kl. 19.45. VG sender fra r\u00f8d l\u00f8per fra kl. 18.30.<\/strong><\/p>\n<p class=\"_paragraph_o9xde_4 _paragraph_xtcu6_10 layout-component text-serif-m layout-normal text-serif-m layout-padded\"><a href=\"https:\/\/www.vg.no\/tag\/staale-solbakken?utm_source=vg-article&amp;utm_medium=auto-tagger&amp;utm_campaign=0pKGW2\" class=\"_link_o9xde_39\" rel=\"nofollow noopener\" target=\"_blank\">St\u00e5le Solbakken<\/a> m\u00e5tte onsdag avbryte et videom\u00f8te med blant andre Hushovd <a href=\"https:\/\/www.vg.no\/sport\/i\/k0RJMB\/landslagssjef-staale-solbakken-ble-innlagt-paa-sykehus-jeg-er-ok-naa\" data-track-element-type=\"Link\" data-track-id=\"link:k0RJMB\" class=\"_link_o9xde_39\" rel=\"nofollow noopener\" target=\"_blank\">Han hadde fikk store smerter p\u00e5 grunn av nyrestein og havnet p\u00e5 sykehus<\/a>. Men forteller til VG at han er klart bedre og satser p\u00e5 \u00e5 gjennomf\u00f8r Idrettsgallaen som planlagt.<\/p>\n<p class=\"_paragraph_o9xde_4 _paragraph_xtcu6_10 layout-component text-serif-m layout-normal text-serif-m layout-padded\">Han er selv nominert som \u00c5rets trener. B\u00e5de Erling Braut Haaland og Martin \u00d8degaard er nominert som \u00e5rets mannlige ut\u00f8ver. Fotballandslaget er nominert som b\u00e5de \u00c5rets lag og \u00c5rets navn.<\/p>\n<p class=\"_paragraph_o9xde_4 _paragraph_xtcu6_10 layout-component text-serif-m layout-normal text-serif-m layout-padded\">Haaland er ogs\u00e5 nominert som \u00c5rets navn, som bestemmes av en folkejury.<\/p>\n<p>De nominerte<\/p>\n<p>\u00c5rets kvinnelige ut\u00f8ver<\/p>\n<ul class=\"_list_o9xde_3 _list_xtcu6_9 _list_16v91_9 _unordered_o9xde_106 layout-component text-serif-m layout-normal text-sans-m layout-padded\" itemprop=\"text\">\n<li class=\"_item_o9xde_30\">Grace Bullen, bryting<\/li>\n<li class=\"_item_o9xde_30\">Kari Brattset Dale, h\u00e5ndball\u00a0<\/li>\n<li class=\"_item_o9xde_30\">Jeanette Hegg Duestad, skyting<\/li>\n<li class=\"_item_o9xde_30\">Marte Elverum, styrkel\u00f8ft<\/li>\n<li class=\"_item_o9xde_30\">Caroline Graham Hansen, fotball<\/li>\n<li class=\"_item_o9xde_30\">Gyda Westvold Hansen, kombinert<\/li>\n<li class=\"_item_o9xde_30\">Therese Johaug, langrenn<\/li>\n<li class=\"_item_o9xde_30\">Henriette J\u00e6ger, friidrett<\/li>\n<li class=\"_item_o9xde_30\">Solfrid Koanda, vektl\u00f8fting<\/li>\n<li class=\"_item_o9xde_30\">Solveig L\u00f8vseth, triatlon<\/li>\n<li class=\"_item_o9xde_30\">Henny Reistad, h\u00e5ndball<\/li>\n<li class=\"_item_o9xde_30\">Ragne Wiklund, sk\u00f8yter<\/li>\n<\/ul>\n<p>\u00c5rets mannlige ut\u00f8ver<\/p>\n<ul class=\"_list_o9xde_3 _list_xtcu6_9 _list_16v91_9 _unordered_o9xde_106 layout-component text-serif-m layout-normal text-sans-m layout-padded\" itemprop=\"text\">\n<li class=\"_item_o9xde_30\">Johannes Thingnes B\u00f8, skiskyting\u00a0<\/li>\n<li class=\"_item_o9xde_30\">Sander Eitrem, sk\u00f8yter<\/li>\n<li class=\"_item_o9xde_30\">Kasper Harlem Fosser, orientering<\/li>\n<li class=\"_item_o9xde_30\">Erling Braut Haaland, fotball\u00a0<\/li>\n<li class=\"_item_o9xde_30\">Jakob Ingebrigtsen, friidrett<\/li>\n<li class=\"_item_o9xde_30\">Johannes H\u00f8sflot Kl\u00e6bo, langrenn <\/li>\n<li class=\"_item_o9xde_30\">Peder Kongshaug, sk\u00f8yter<\/li>\n<li class=\"_item_o9xde_30\">Sturla Holm L\u00e6greid<\/li>\n<li class=\"_item_o9xde_30\">Kristoffer Reitan, golf<\/li>\n<li class=\"_item_o9xde_30\">Jarl Magnus Riiber, kombinert<\/li>\n<li class=\"_item_o9xde_30\">Birk Ruud, freeski<\/li>\n<li class=\"_item_o9xde_30\">Sander Aae Skotheim, friidrett<\/li>\n<li class=\"_item_o9xde_30\">Casper Stornes, triatlon<\/li>\n<li class=\"_item_o9xde_30\">Martin \u00d8degaard, fotball<\/li>\n<\/ul>\n<p>\u00c5rets lag<\/p>\n<ul class=\"_list_o9xde_3 _list_xtcu6_9 _list_16v91_9 _unordered_o9xde_106 layout-component text-serif-m layout-normal text-sans-m layout-padded\" itemprop=\"text\">\n<li class=\"_item_o9xde_30\">Beachvolleygutta, sandvolleyball<\/li>\n<li class=\"_item_o9xde_30\">Bod\u00f8\/Glimt, fotball<\/li>\n<li class=\"_item_o9xde_30\">Fotballandslaget, herrer, fotball<\/li>\n<li class=\"_item_o9xde_30\">H\u00e5ndballjentene, h\u00e5ndball<\/li>\n<li class=\"_item_o9xde_30\">Uno-X, sykkellag, sykkel<\/li>\n<\/ul>\n<p>\u00c5rets gjennombrudd<\/p>\n<ul class=\"_list_o9xde_3 _list_xtcu6_9 _list_16v91_9 _unordered_o9xde_106 layout-component text-serif-m layout-normal text-sans-m layout-padded\" itemprop=\"text\">\n<li class=\"_item_o9xde_30\">H\u00e5kon Moe Berg, friidrett<\/li>\n<li class=\"_item_o9xde_30\">Einar Hedegart, langrenn<\/li>\n<li class=\"_item_o9xde_30\">Maren Hjelmeset Kirkeeide, skiskyting<\/li>\n<li class=\"_item_o9xde_30\">Nicolai Budkov Kj\u00e6r, tennis\u00a0<\/li>\n<\/ul>\n<p>\u00c5rets kvinnelige paraut\u00f8ver<\/p>\n<ul class=\"_list_o9xde_3 _list_xtcu6_9 _list_16v91_9 _unordered_o9xde_106 layout-component text-serif-m layout-normal text-sans-m layout-padded\" itemprop=\"text\">\n<li class=\"_item_o9xde_30\">Vilde Nilsen, langrenn<\/li>\n<li class=\"_item_o9xde_30\">Helle Sofie Sag\u00f8y, badminton<\/li>\n<li class=\"_item_o9xde_30\">Lena Schr\u00f8der, ishockey<\/li>\n<li class=\"_item_o9xde_30\">Suzanna Tangen, sykkel<\/li>\n<\/ul>\n<p>\u00c5rets mannlige paraut\u00f8ver<\/p>\n<ul class=\"_list_o9xde_3 _list_xtcu6_9 _list_16v91_9 _unordered_o9xde_106 layout-component text-serif-m layout-normal text-sans-m layout-padded\" itemprop=\"text\">\n<li class=\"_item_o9xde_30\">Salum Kashafali, friidrett<\/li>\n<li class=\"_item_o9xde_30\">Thomas Karb\u00f8l Oxaal, langrenn<\/li>\n<li class=\"_item_o9xde_30\">Jesper Saltvik Pedersen, alpint<\/li>\n<li class=\"_item_o9xde_30\">Kim Rishaug, klatring<\/li>\n<li class=\"_item_o9xde_30\">Fredrik Solberg, sv\u00f8mming<\/li>\n<li class=\"_item_o9xde_30\">Vegard Sverd, friidrett<\/li>\n<\/ul>\n<p>\u00c5rets trener<\/p>\n<ul class=\"_list_o9xde_3 _list_xtcu6_9 _list_16v91_9 _unordered_o9xde_106 layout-component text-serif-m layout-normal text-sans-m layout-padded\" itemprop=\"text\">\n<li class=\"_item_o9xde_30\">Ole Gustav Gjekstad, h\u00e5ndball<\/li>\n<li class=\"_item_o9xde_30\">Unn Merete Lie J\u00e6ger, friidrett<\/li>\n<li class=\"_item_o9xde_30\">Kjetil Knutsen, fotball<\/li>\n<li class=\"_item_o9xde_30\">Siegfried Mazet\/Egil Kristiansen, skiskyting<\/li>\n<li class=\"_item_o9xde_30\">Arild Monsen og Eirik Myhr Nossum, langrenn<\/li>\n<li class=\"_item_o9xde_30\">Bjarne Rykkje, sk\u00f8yter<\/li>\n<li class=\"_item_o9xde_30\">Janne Salmi, orientering<\/li>\n<li class=\"_item_o9xde_30\">St\u00e5le Solbakken, fotball<\/li>\n<\/ul>\n<p>\u00c5rets ildsjel<\/p>\n<ul class=\"_list_o9xde_3 _list_xtcu6_9 _list_16v91_9 _unordered_o9xde_106 layout-component text-serif-m layout-normal text-sans-m layout-padded\" itemprop=\"text\">\n<li class=\"_item_o9xde_30\">Hans-Erik Steinsnes, Skibotn IL<\/li>\n<li class=\"_item_o9xde_30\">Kari Fjellhammer, Furuset IF ishockey<\/li>\n<li class=\"_item_o9xde_30\">Syn\u00f8ve Hopen, Sola Turn- og Idrettsforening.<\/li>\n<\/ul>\n<p>\u00c5rets navn (folkejury)<\/p>\n<ul class=\"_list_o9xde_3 _list_xtcu6_9 _list_16v91_9 _unordered_o9xde_106 layout-component text-serif-m layout-normal text-sans-m layout-padded\" itemprop=\"text\">\n<li class=\"_item_o9xde_30\">Bod\u00f8\/Glimt, fotball<\/li>\n<li class=\"_item_o9xde_30\">Johannes Thingnes B\u00f8, skiskyting<\/li>\n<li class=\"_item_o9xde_30\">Jeanette Hegg Duestad, skyting<\/li>\n<li class=\"_item_o9xde_30\">Fotballandslaget, herrer, fotball<\/li>\n<li class=\"_item_o9xde_30\">Erling Braut Haaland, fotball<\/li>\n<li class=\"_item_o9xde_30\">H\u00e5ndballjentene, h\u00e5ndball<\/li>\n<li class=\"_item_o9xde_30\">Jakob Ingebrigtsen, friidrett<\/li>\n<li class=\"_item_o9xde_30\">Therese Johaug, langrenn<\/li>\n<li class=\"_item_o9xde_30\">Salum Kashafali, friidrett<\/li>\n<li class=\"_item_o9xde_30\">Johannes H\u00f8sflot Kl\u00e6bo, langrenn<\/li>\n<li class=\"_item_o9xde_30\">Solfrid Koanda, vektl\u00f8fting<\/li>\n<li class=\"_item_o9xde_30\">Katrine Lunde, h\u00e5ndball<\/li>\n<li class=\"_item_o9xde_30\">Solveig L\u00f8vseth, triatlon<\/li>\n<li class=\"_item_o9xde_30\">Frida Maanum, fotball<\/li>\n<li class=\"_item_o9xde_30\">Vilde Nilsen, langrenn<\/li>\n<li class=\"_item_o9xde_30\">Jarl Magnus Riiber, kombinert<\/li>\n<li class=\"_item_o9xde_30\"\/>\n<li class=\"_item_o9xde_30\">Kandidatene til \u00c5rets forbilde, Ut\u00f8vernes pris og Idrettsgallaens Hederspris er ikke offentliggjort p\u00e5 forh\u00e5nd.<\/li>\n<\/ul>\n<p class=\"_paragraph_o9xde_4 _paragraph_xtcu6_10 layout-component text-serif-m layout-normal text-serif-m layout-padded\">St\u00e5le Solbakken ble spurt om hvordan Norge forbereder seg et halvt \u00e5r f\u00f8r det smeller i VM.<\/p>\n<p class=\"_paragraph_o9xde_4 _paragraph_xtcu6_10 layout-component text-serif-m layout-normal text-serif-m layout-padded\">\u2013 For det f\u00f8rste h\u00e5per vi at Haaland ikke blir skadet, svarte Solbakken kjapt til ny latter.<\/p>\n<p class=\"_paragraph_o9xde_4 _paragraph_xtcu6_10 layout-component text-serif-m layout-normal text-serif-m layout-padded\">Han fortsatte.<\/p>\n<p class=\"_paragraph_o9xde_4 _paragraph_xtcu6_10 layout-component text-serif-m layout-normal text-serif-m layout-padded\">\u2013 Vi jobber i disse dager med \u00e5 f\u00e5 en god basecamp. Vi skal v\u00e6re borte veldig, veldig lenge. Vi starter VM-samlingen 27.\u201328. mai og spiller en kamp her 1. juni. S\u00e5 drar vi over til USA.<\/p>\n<p class=\"_paragraph_o9xde_4 _paragraph_xtcu6_10 layout-component text-serif-m layout-normal text-serif-m layout-padded\">Gruppespillet g\u00e5r mot Irak\/Bolivia\/Surinam 16. juni, Senegal 23. juni og Frankrike 26. juni.<\/p>\n<p><img alt=\"Foto: Bj\u00f8rn S. Delebekk \/ VG\" class=\"_image_qp4xg_65 layout-component layout-normal\" data-fullscreen- data-track-element-type=\"Article image fullscreen\" data-track-name=\"ImageFullscreen\" decoding=\"async\" loading=\"lazy\" height=\"3790\" itemprop=\"image\"  src=\"https:\/\/www.europesays.com\/no\/wp-content\/uploads\/2026\/01\/c0d67a74-3107-4b80-9137-03cf0cad478e.jpeg\"  style=\"object-position:0% 0%\" width=\"5507\"\/>Foto: Bj\u00f8rn S. Delebekk \/ VG<\/p>\n<p class=\"_paragraph_o9xde_4 _paragraph_xtcu6_10 layout-component text-serif-m layout-normal text-serif-m layout-padded\">\u2013 G\u00e5r videre s\u00e5 blir det enda lenger. Det er noe vi ikke er vante til, sier Solbakken. Han jobber n\u00e5 med \u00e5 utvide st\u00f8tteapparatet rundt laget.<\/p>\n<p class=\"_paragraph_o9xde_4 _paragraph_xtcu6_10 layout-component text-serif-m layout-normal text-serif-m layout-padded\">Han forteller at han er oppmerksom p\u00e5 utfordringen med \u00e5 ha bortimot 10 spillere i troppen som kanskje ikke f\u00e5r spille opp til fem VM-uker. Solbakkene r ogs\u00e5 sv\u00e6rt opptatt av at st\u00f8tteapparatet rundt laget skal t\u00e5le en lang periode under uvante forhold.<\/p>\n<p class=\"_paragraph_o9xde_4 _paragraph_xtcu6_10 layout-component text-serif-m layout-normal text-serif-m layout-padded\">\u2013 Da du kommer p\u00e5 dag 30 kommer det verste i deres personlighet frem. Mange vil da kanskje helst ligger p\u00e5 en strand. Men vi m\u00e5 v\u00e6re forberedt p\u00e5 \u00e5 v\u00e6re i VM lengst mulig uten at noen klikker og blir hentet av Trump &amp; co., spissformulerte Solbakken fra scenen.<\/p>\n<p class=\"_paragraph_o9xde_4 _paragraph_xtcu6_10 layout-component text-serif-m layout-normal text-serif-m layout-padded\">\u2013 Det er viktig. Vi m\u00e5 bygge en enda sterkere kultur. Vi er veldig n\u00f8ye p\u00e5 hvem vi plukker for ut for \u00e5 ha med oss ekstra, sier Solbakken og opplyste at n\u00e5 foreg\u00e5r intervjurunder.<\/p>\n<p class=\"_paragraph_o9xde_4 _paragraph_xtcu6_10 layout-component text-serif-m layout-normal text-serif-m layout-padded\">\u2013 Vi m\u00e5 v\u00e6re sikre p\u00e5 at vi har med oss de rette folkene.<\/p>\n","protected":false},"excerpt":{"rendered":"Landslagssjefen har kommet seg etter nyrestein-anfallet. I kveld kan han vinne priser p\u00e5 Idrettsgallaen. Foto: Bj\u00f8rn S. Delebekk&hellip;\n","protected":false},"author":2,"featured_media":134004,"comment_status":"","ping_status":"","sticky":false,"template":"","format":"standard","meta":{"footnotes":""},"categories":[59],"tags":[13569,30,28,29,83,82,1387,348],"class_list":{"0":"post-134003","1":"post","2":"type-post","3":"status-publish","4":"format-standard","5":"has-post-thumbnail","7":"category-sport","8":"tag-idrettsgallaen","9":"tag-no","10":"tag-norge","11":"tag-norway","12":"tag-sport","13":"tag-sports","14":"tag-stale-solbakken","15":"tag-thor-hushovd"},"share_on_mastodon":{"url":"https:\/\/pubeurope.com\/@no\/115871927725814031","error":""},"_links":{"self":[{"href":"https:\/\/www.europesays.com\/no\/wp-json\/wp\/v2\/posts\/134003","targetHints":{"allow":["GET"]}}],"collection":[{"href":"https:\/\/www.europesays.com\/no\/wp-json\/wp\/v2\/posts"}],"about":[{"href":"https:\/\/www.europesays.com\/no\/wp-json\/wp\/v2\/types\/post"}],"author":[{"embeddable":true,"href":"https:\/\/www.europesays.com\/no\/wp-json\/wp\/v2\/users\/2"}],"replies":[{"embeddable":true,"href":"https:\/\/www.europesays.com\/no\/wp-json\/wp\/v2\/comments?post=134003"}],"version-history":[{"count":0,"href":"https:\/\/www.europesays.com\/no\/wp-json\/wp\/v2\/posts\/134003\/revisions"}],"wp:featuredmedia":[{"embeddable":true,"href":"https:\/\/www.europesays.com\/no\/wp-json\/wp\/v2\/media\/134004"}],"wp:attachment":[{"href":"https:\/\/www.europesays.com\/no\/wp-json\/wp\/v2\/media?parent=134003"}],"wp:term":[{"taxonomy":"category","embeddable":true,"href":"https:\/\/www.europesays.com\/no\/wp-json\/wp\/v2\/categories?post=134003"},{"taxonomy":"post_tag","embeddable":true,"href":"https:\/\/www.europesays.com\/no\/wp-json\/wp\/v2\/tags?post=134003"}],"curies":[{"name":"wp","href":"https:\/\/api.w.org\/{rel}","templated":true}]}}