{"id":134005,"date":"2026-01-10T17:19:11","date_gmt":"2026-01-10T17:19:11","guid":{"rendered":"https:\/\/www.europesays.com\/no\/134005\/"},"modified":"2026-01-10T17:19:11","modified_gmt":"2026-01-10T17:19:11","slug":"beiarn-og-bardu-tapte-saken-om-fjelloven-i-tingretten-nrk-nordland","status":"publish","type":"post","link":"https:\/\/www.europesays.com\/no\/134005\/","title":{"rendered":"Beiarn og Bardu tapte saken om fjelloven i Tingretten \u2013 NRK Nordland"},"content":{"rendered":"<p>Millioner av kroner stod p\u00e5 spill n\u00e5r to kommuner i Nordland og Troms tok staten til retten i sp\u00f8rsm\u00e5l rundt jakt-, fiske- og beiterettigheter.<\/p>\n<p><strong>N\u00e5 har dommen kommet. De f\u00e5r ikke endret p\u00e5 fjelloven.<\/strong><\/p>\n<p><img decoding=\"async\"   src=\"data:image\/gif;base64,R0lGODlhAQABAIAAAAAAAP\/\/\/yH5BAEAAAAALAAAAAABAAEAAAIBRAA7\" loading=\"eager\" alt=\"kart om fjelloven\" title=\"Foto: Egil Ursin \/ NRK\"\/><\/p>\n<p>Foto: Egil Ursin \/ NRK<\/p>\n<p>Skog og fjellomr\u00e5der i store deler av S\u00f8r-Norge forvaltes i dag av s\u00e5kalte fjellstyrer, lokale organer som samarbeider med staten.<\/p>\n<p>Det gj\u00f8r de med hjemmel i fjelloven av 1975, som gir kommunene rett til \u00e5 oppnevne styrer for statsallmenninger.<\/p>\n<p>Men i Nordland og Troms har ikke dette v\u00e6rt tilfelle.<\/p>\n<p>Der har Statskog, et statlig foretak, forvaltet statsgrunnen alene.<\/p>\n<p>Hva er fjelloven?<\/p>\n<p>Fjelloven regulerer bruk og forvaltning av statsallmenninger \u2013 statseid utmark der lokalbefolkningen har visse rettigheter. Den gjelder i dag bare fra Tr\u00f8ndelag og s\u00f8rover, og inneb\u00e6rer:<\/p>\n<ul>\n<li>Forvaltning av jakt og fiske gjennom kommunalt oppnevnte fjellstyrer<\/li>\n<li>At inntektene g\u00e5r til fjellkassen, brukt lokalt<\/li>\n<li>Ikke gjeldende i Nordland, Troms og Finnmark<\/li>\n<\/ul>\n<p>Dette ville kommunene Beiarn og Bardu, i Nordland og Troms, endre p\u00e5. De saks\u00f8kte rett og slett Landbruks- og matdepartementet og Statskog SF.<\/p>\n<p>\u2013 Veldig skuffet<\/p>\n<p>Fjelloven av 1975 gjelder ikke i Beiarn og Bardu kommuner, og dermed ikke i Nordland og Troms. Hvorvidt fjelloven skal gis anvendelse for Nordland og Troms, h\u00f8rer inn under Kongens fullmakt i fjelloven \u00a7 1, annet ledd, sl\u00e5r dommen fra Tingretten fast.<\/p>\n<p>\u2013 Jeg er veldig skuffet, og f\u00f8ler at vi blir forskjellsbehandlet fra resten av Norge n\u00e5r vi ikke kan f\u00e5 den samme r\u00e5deretten som alle kommunene s\u00f8r for Nordland har, sier Andre Kristoffersen, ordf\u00f8rer i Beiarn.<\/p>\n<p><img decoding=\"async\"   src=\"data:image\/gif;base64,R0lGODlhAQABAIAAAAAAAP\/\/\/yH5BAEAAAAALAAAAAABAAEAAAIBRAA7\" loading=\"eager\" alt=\"Skallet mann i skjorte og dressjakke\" title=\"Foto: Mathis Eira \/ NRK\"\/><\/p>\n<p class=\"\">Andre Kristoffersen, ordf\u00f8rer i Beiarn, sier han er skuffet over at loven ikke er lik nord og s\u00f8r for Nordlandsgrensa.<\/p>\n<p>Foto: Mathis Eira \/ NRK<\/p>\n<p>Han kan ikke forst\u00e5 at staten har kommet til denne slutninga. Men hans partner i retten er uenig.<\/p>\n<p>\u2013 Jeg er p\u00e5 ingen m\u00e5te overraska over at samme domstol kommer til samme slutning som sist da vi snakket om de prosessuelle sidene ved saken, sier Toralf Heimdal, ordf\u00f8rer i Bardu.<\/p>\n<p>N\u00e5r Fjelloven ble innf\u00f8rt kom ikke lovforslaget lenger enn til Tr\u00f8ndelag. Der stoppet jobben. S\u00e5 fikk Statskog anledning til \u00e5 forvalte all statsgrunn. Slik ble Statskog oppbygd.<\/p>\n<p>\u2013 Faktum i denne saken er at det Staten gj\u00f8r er \u00e5 trekke vel 120 millioner ut av Nordland og Troms for \u00e5 finansiere Statskog, i stedet for at kommunene f\u00e5r dette til egen r\u00e5derett, sier Kristoffersen.<\/p>\n<p>\u2013 Mange kommuner taper mye. I Beiarn ansl\u00e5r vi at det \u00e5rlige tapet er p\u00e5 om lag en halv million.<\/p>\n<p>Juridisk strid \u2013 H\u00f8yesterett \u00e5pnet d\u00f8ra<\/p>\n<p>Saken gikk i Salten og Lofoten tingrett, etter at H\u00f8yesterett i juni 2023 slo fast at kommunene har rettslig interesse i \u00e5 f\u00e5 pr\u00f8vd sp\u00f8rsm\u00e5let.<\/p>\n<p>Det betyr ikke at fjelloven skulle gjelde i nord \u2013 men at domstolene kunne avgj\u00f8re sp\u00f8rsm\u00e5let.<\/p>\n<p>\u2013 Vi har pr\u00f8vd \u00e5 opprette fjellstyre to ganger i Beiarn. F\u00f8rst fikk vi beskjed om at vi ikke var kompetente nok. Siste gang var i 2017 \u2013 da bestemte vi oss for \u00e5 g\u00e5 til sak sammen med Bardu, sier Kristoffersen.<\/p>\n<p><img decoding=\"async\"   src=\"data:image\/gif;base64,R0lGODlhAQABAIAAAAAAAP\/\/\/yH5BAEAAAAALAAAAAABAAEAAAIBRAA7\" loading=\"eager\" alt=\"To personer sitter i kontormilj\u00f8, den ene i dressjakke og skjorte, den andre i blazer og skjorte. De ser alvorlige ut og er begge i en sitteposisjon. Bakgrunnen er n\u00f8ytral med lyse vegger og lydabsorberende paneler.\" title=\"Foto: Lars-Bj\u00f8rn Martinsen \/ NRK\"\/><\/p>\n<p class=\"\">Senterparti-ordf\u00f8rerne i Beiarn og Bardu m\u00f8tte i november staten i retten.<\/p>\n<p>Foto: Lars-Bj\u00f8rn Martinsen \/ NRK<\/p>\n<p>Kommunenes advokat, Caroline Lund, mener staten bevisst har holdt Nord-Norge utenfor fjelloven \u2013 i strid med b\u00e5de Stortingets intensjon og tidligere rettsavgj\u00f8relser<\/p>\n<p>\u2013 Staten har bare sagt at verdiene er deres, men vi mener de tilh\u00f8rer lokalsamfunnene, ogs\u00e5 i nord. Fjelloven har fungert utmerket i s\u00f8r i over hundre \u00e5r, sier hun.<\/p>\n<p><img decoding=\"async\"   src=\"data:image\/gif;base64,R0lGODlhAQABAIAAAAAAAP\/\/\/yH5BAEAAAAALAAAAAABAAEAAAIBRAA7\" loading=\"eager\" alt=\"Caroline Lund, advokat for Aukra i rettssaka der Gassco krev tilbakebetaling av eigedomsskatt.\" title=\"Foto: NRK\"\/><\/p>\n<p class=\"\">Advokat Caroline Lund representerer kommunene.<\/p>\n<p>Foto: NRK<\/p>\n<p>Staten, representert ved regjeringsadvokat Anders Blakstvedt, avviser at det er snakk om usaklig forskjellsbehandling mellom nord og s\u00f8r.<\/p>\n<p>\u2013 Vi vil i hovedsak argumentere med at Stortinget i 1975 vedtok en lov som fastsl\u00e5r at forvaltningen skal v\u00e6re noe annerledes i Nordland og Troms enn i fjellomr\u00e5dene og utmarksomr\u00e5dene lenger s\u00f8r.<\/p>\n<p>Han viser til flere grunner \u2013 dels av historisk art, men ogs\u00e5 p\u00e5 grunn av rettighetsforholdene.<\/p>\n<p><img decoding=\"async\"   src=\"data:image\/gif;base64,R0lGODlhAQABAIAAAAAAAP\/\/\/yH5BAEAAAAALAAAAAABAAEAAAIBRAA7\" loading=\"eager\" alt=\"en mann som st\u00e5r foran et skrivebord med en datamaskin\" title=\"Foto: Ellinor Halvari \/ NRK\"\/><\/p>\n<p class=\"\">Regjeringsadvokat Anders Blakstvedt f\u00f8rte saken for staten.<\/p>\n<p>Foto: Ellinor Halvari \/ NRK<\/p>\n<p>\u2013 Det er s\u00e6rlig dette med hogstrettigheter og det samiske innslaget som er helt annerledes i disse fylkene enn lenger s\u00f8r. Selv om man ogs\u00e5 der har samisk reindriftsrett.<\/p>\n<p>Mener kampen ikke er over<\/p>\n<p>Selv om ordf\u00f8rerne for de to kommunene tapte i denne omgang, mener de fremdeles at slaget ikke er tapt. Det er andre kanaler de kan kjempe videre i, mener de.<\/p>\n<p>\u2013 Vi kommer til \u00e5 anke dette og har hele tiden v\u00e6rt forberedt p\u00e5 at dette kom til \u00e5 g\u00e5 gjennom hele rettssystemet, sier Heimdal i Bardu.<\/p>\n<p>\u2013 Jeg har veldig tro p\u00e5 at vi vil vinne i Lagmannsretten eller H\u00f8yesterett. Det er et veldig komplisert rettslik sp\u00f8rsm\u00e5l. Det er ikke sikkert det er s\u00e5 lett \u00e5 tolke og forst\u00e5 for en sorenskriver.<\/p>\n<p>Saken hadde saksomkostninger p\u00e5 omkring 500.000 kr. Dette er det kommunene som m\u00e5 betale.<\/p>\n<p>Publisert<\/p>\n<p>10.01.2026, kl. 17.14<\/p>\n<p>Oppdatert<\/p>\n<p>10.01.2026, kl. 17.20<\/p>\n","protected":false},"excerpt":{"rendered":"Millioner av kroner stod p\u00e5 spill n\u00e5r to kommuner i Nordland og Troms tok staten til retten i&hellip;\n","protected":false},"author":2,"featured_media":134006,"comment_status":"","ping_status":"","sticky":false,"template":"","format":"standard","meta":{"footnotes":""},"categories":[10],"tags":[20,21,24,25,15,22,23,13,30,28,29,14,16,26,27],"class_list":{"0":"post-134005","1":"post","2":"type-post","3":"status-publish","4":"format-standard","5":"has-post-thumbnail","7":"category-norge","8":"tag-breaking-news","9":"tag-breakingnews","10":"tag-featured-news","11":"tag-featurednews","12":"tag-headlines","13":"tag-latest-news","14":"tag-latestnews","15":"tag-news","16":"tag-no","17":"tag-norge","18":"tag-norway","19":"tag-nyheter","20":"tag-overskrifter","21":"tag-top-stories","22":"tag-topstories"},"share_on_mastodon":{"url":"https:\/\/pubeurope.com\/@no\/115871951391516275","error":""},"_links":{"self":[{"href":"https:\/\/www.europesays.com\/no\/wp-json\/wp\/v2\/posts\/134005","targetHints":{"allow":["GET"]}}],"collection":[{"href":"https:\/\/www.europesays.com\/no\/wp-json\/wp\/v2\/posts"}],"about":[{"href":"https:\/\/www.europesays.com\/no\/wp-json\/wp\/v2\/types\/post"}],"author":[{"embeddable":true,"href":"https:\/\/www.europesays.com\/no\/wp-json\/wp\/v2\/users\/2"}],"replies":[{"embeddable":true,"href":"https:\/\/www.europesays.com\/no\/wp-json\/wp\/v2\/comments?post=134005"}],"version-history":[{"count":0,"href":"https:\/\/www.europesays.com\/no\/wp-json\/wp\/v2\/posts\/134005\/revisions"}],"wp:featuredmedia":[{"embeddable":true,"href":"https:\/\/www.europesays.com\/no\/wp-json\/wp\/v2\/media\/134006"}],"wp:attachment":[{"href":"https:\/\/www.europesays.com\/no\/wp-json\/wp\/v2\/media?parent=134005"}],"wp:term":[{"taxonomy":"category","embeddable":true,"href":"https:\/\/www.europesays.com\/no\/wp-json\/wp\/v2\/categories?post=134005"},{"taxonomy":"post_tag","embeddable":true,"href":"https:\/\/www.europesays.com\/no\/wp-json\/wp\/v2\/tags?post=134005"}],"curies":[{"name":"wp","href":"https:\/\/api.w.org\/{rel}","templated":true}]}}