{"id":134007,"date":"2026-01-10T17:20:09","date_gmt":"2026-01-10T17:20:09","guid":{"rendered":"https:\/\/www.europesays.com\/no\/134007\/"},"modified":"2026-01-10T17:20:09","modified_gmt":"2026-01-10T17:20:09","slug":"handballgutta-halte-i-land-33-30-seier-over-nederland-i-em-generalproven-vond-smell-for-torbjorn-bergerud","status":"publish","type":"post","link":"https:\/\/www.europesays.com\/no\/134007\/","title":{"rendered":"H\u00e5ndballgutta halte i land 33-30-seier over Nederland i EM-generalpr\u00f8ven \u2013 vond smell for Torbj\u00f8rn Bergerud"},"content":{"rendered":"\n<p class=\"_lead_o9xde_2 _lead_xtcu6_50 layout-component text-serif-m layout-normal text-serif-l layout-component layout-wide layout-padded _wide_17hqh_1 layout-padded\">Torbj\u00f8rn Bergerud fikk ballen rett i ansiktet under EM-generalpr\u00f8ven mot Nederland. Laget slet lenge, men halte i land seieren med 33-30.<\/p>\n<ul class=\"_gallery_1qa3s_23\" tabindex=\"0\">\n<li class=\"_item_1qa3s_37\" data-index=\"0\"><img fetchpriority=\"high\" decoding=\"async\" class=\"_image_foru8_23 _introGallery_foru8_43\" data-fullscreen- width=\"5953\" height=\"3968\" itemprop=\"image\" loading=\"eager\"  src=\"https:\/\/www.europesays.com\/no\/wp-content\/uploads\/2026\/01\/7d3bb3ff-76f5-4502-aede-f1d19fb491ca.png\"  style=\"object-position:50% 50%;aspect-ratio:var(--gallery-aspect-ratio, 16 \/ 9)\"\/>Torbj\u00f8rn Bergerud  f\u00e5r ballen i ansiktet under EM-generalpr\u00f8ven mot Nederland.  Foto: Patrick Post  \/ NTB<\/li>\n<li class=\"_item_1qa3s_37\" data-index=\"1\"><img decoding=\"async\" class=\"_image_foru8_23 _introGallery_foru8_43\" data-fullscreen- width=\"6391\" height=\"4261\" itemprop=\"image\" loading=\"lazy\"  src=\"https:\/\/www.europesays.com\/no\/wp-content\/uploads\/2026\/01\/3cee0c49-8590-47b0-8b6d-1194ce6518b4.png\"  style=\"object-position:50% 50%;aspect-ratio:var(--gallery-aspect-ratio, 16 \/ 9)\"\/>Tobias Gr\u00f8ndahl sto fram i EM-generalpr\u00f8ven mot Nederland.  Foto: Patrick Post  \/ NTB<\/li>\n<li class=\"_item_1qa3s_37\" data-index=\"2\"><img decoding=\"async\" class=\"_image_foru8_23 _introGallery_foru8_43\" data-fullscreen- width=\"6450\" height=\"4299\" itemprop=\"image\" loading=\"lazy\"  src=\"https:\/\/www.europesays.com\/no\/wp-content\/uploads\/2026\/01\/ab32b192-8130-4941-af13-a91306c84b82.png\"  style=\"object-position:50% 50%;aspect-ratio:var(--gallery-aspect-ratio, 16 \/ 9)\"\/>Torbj\u00f8rn Bergerud hadde mange gode redninger mot Nederland l\u00f8rdag.  Foto: Patrick Post  \/ NTB<\/li>\n<\/ul>\n<p>Torbj\u00f8rn Bergerud  f\u00e5r ballen i ansiktet under EM-generalpr\u00f8ven mot Nederland.  Foto: Patrick Post  \/ NTB<\/p>\n<ul aria-hidden=\"true\" class=\"_images_ntbth_112\">\n<li><a class=\"_link_ntbth_117\" href=\"https:\/\/www.vg.no\/forfatter\/ntb\" style=\"z-index:1\" title=\"NTB\" rel=\"nofollow noopener\" target=\"_blank\"><img alt=\"Bilde av NTB\" class=\"_image_ntbth_93\" fetchpriority=\"low\" loading=\"lazy\" decoding=\"async\" itemprop=\"image\"  src=\"https:\/\/www.europesays.com\/no\/wp-content\/uploads\/2026\/01\/1768065609_635_c33980b0-5d07-4027-84a1-813f90a7c8d6.png\"  width=\"480\"\/><\/a><\/li>\n<\/ul>\n<p> Oppdatert l\u00f8rdag 10. januar kl. 17:51     <\/p>\n<p class=\"_paragraph_o9xde_4 _paragraph_xtcu6_10 layout-component text-serif-m layout-normal text-serif-m layout-padded\">Jonas Willes lag har m\u00e5ttet t\u00e5le tap etter tap siden VM-skuffelsen p\u00e5 hjemmebane i fjor, men fikk en etterlengtet opptur i siste kamp f\u00f8r \u00e5rets EM-sluttspill.<\/p>\n<p class=\"_paragraph_o9xde_4 _paragraph_xtcu6_10 layout-component text-serif-m layout-normal text-serif-m layout-padded\">Tobias Gr\u00f8ndahl sto fram og scoret ti ganger p\u00e5 like mange avslutninger, hvorav fem straffekast. Bergerud var ogs\u00e5 god.<\/p>\n<p class=\"_paragraph_o9xde_4 _paragraph_xtcu6_10 layout-component text-serif-m layout-normal text-serif-m layout-padded\">Norge scoret kampens to f\u00f8rste m\u00e5l og ledet 5-3, men s\u00e5 gikk det i st\u00e5 for Willes menn. Nederland scoret sju av de \u00e5tte neste m\u00e5lene. Bergerud hadde mange gode redninger, men p\u00e5 7-6 til Nederland fikk han et skudd rett i ansiktet og bl\u00f8dde neseblod. Robin Haug kom inn mens stjernekeeperen fikk behandling.<\/p>\n<p class=\"_paragraph_o9xde_4 _paragraph_xtcu6_10 layout-component text-serif-m layout-normal text-serif-m layout-padded\">P\u00e5 10-6 tok Wille timeout. Det fikk \u00f8nsket effekt, og noen minutter senere sto det 10-10. Da var det nederlendernes tur til \u00e5 be om timeout.<\/p>\n<p class=\"_paragraph_o9xde_4 _paragraph_xtcu6_10 layout-component text-serif-m layout-normal text-serif-m layout-padded\">Deretter fulgte lagene hverandre fram til pause, men halvveis sto det 15-14 til Nederland. Noge hadde hele ni tekniske feil i den f\u00f8rste omgangen.<\/p>\n<p class=\"_paragraph_o9xde_4 _paragraph_xtcu6_10 layout-component text-serif-m layout-normal text-serif-m layout-padded\">\u2013 Det er mye bra angrepsspill, men det er litt slurv og noen tekniske feil som gj\u00f8r at de f\u00e5r enkle kontringsm\u00e5l og noen i \u00e5pent m\u00e5l. Bakover er Torbj\u00f8rn bra i dag ogs\u00e5, men vi m\u00e5 f\u00e5 vekk feilene, sa Simen Lyse til TV 2 i pausen.<\/p>\n<p class=\"_paragraph_o9xde_4 _paragraph_xtcu6_10 layout-component text-serif-m layout-normal text-serif-m layout-padded\">Lagene fortsatte \u00e5 f\u00f8lge hverandre tett i den andre omgangen, lenge med Nederland i ledelse. Etter hvert greide Norge \u00e5 tilrive seg overtaket og halte seieren i land.<\/p>\n<p class=\"_paragraph_o9xde_4 _paragraph_xtcu6_10 layout-component text-serif-m layout-normal text-serif-m layout-padded\">Norge tapte torsdag 26-34 for Danmark i den f\u00f8rste kampen i Golden League-turneringen i Almere, der lagene spilte to kamper hver.<\/p>\n<p class=\"_paragraph_o9xde_4 _paragraph_xtcu6_10 layout-component text-serif-m layout-normal text-serif-m layout-padded\">Norges gruppekamper i EM spilles p\u00e5 Fornebu, f\u00f8r hovedrunden og cupspillet er i Danmark. Norge m\u00f8ter Ukraina torsdag, Tsjekkia l\u00f8rdag og Frankrike mandag.<\/p>\n","protected":false},"excerpt":{"rendered":"Torbj\u00f8rn Bergerud fikk ballen rett i ansiktet under EM-generalpr\u00f8ven mot Nederland. Laget slet lenge, men halte i land&hellip;\n","protected":false},"author":2,"featured_media":134008,"comment_status":"","ping_status":"","sticky":false,"template":"","format":"standard","meta":{"footnotes":""},"categories":[5],"tags":[20,21,24,25,105,15,19,22,23,17,18,13,30,28,29,14,16,26,27,15442],"class_list":{"0":"post-134007","1":"post","2":"type-post","3":"status-publish","4":"format-standard","5":"has-post-thumbnail","7":"category-overskrifter","8":"tag-breaking-news","9":"tag-breakingnews","10":"tag-featured-news","11":"tag-featurednews","12":"tag-handball","13":"tag-headlines","14":"tag-hovedoppslag","15":"tag-latest-news","16":"tag-latestnews","17":"tag-main-news","18":"tag-mainnews","19":"tag-news","20":"tag-no","21":"tag-norge","22":"tag-norway","23":"tag-nyheter","24":"tag-overskrifter","25":"tag-top-stories","26":"tag-topstories","27":"tag-torbjorn-bergerud"},"share_on_mastodon":{"url":"https:\/\/pubeurope.com\/@no\/115871955357042106","error":""},"_links":{"self":[{"href":"https:\/\/www.europesays.com\/no\/wp-json\/wp\/v2\/posts\/134007","targetHints":{"allow":["GET"]}}],"collection":[{"href":"https:\/\/www.europesays.com\/no\/wp-json\/wp\/v2\/posts"}],"about":[{"href":"https:\/\/www.europesays.com\/no\/wp-json\/wp\/v2\/types\/post"}],"author":[{"embeddable":true,"href":"https:\/\/www.europesays.com\/no\/wp-json\/wp\/v2\/users\/2"}],"replies":[{"embeddable":true,"href":"https:\/\/www.europesays.com\/no\/wp-json\/wp\/v2\/comments?post=134007"}],"version-history":[{"count":0,"href":"https:\/\/www.europesays.com\/no\/wp-json\/wp\/v2\/posts\/134007\/revisions"}],"wp:featuredmedia":[{"embeddable":true,"href":"https:\/\/www.europesays.com\/no\/wp-json\/wp\/v2\/media\/134008"}],"wp:attachment":[{"href":"https:\/\/www.europesays.com\/no\/wp-json\/wp\/v2\/media?parent=134007"}],"wp:term":[{"taxonomy":"category","embeddable":true,"href":"https:\/\/www.europesays.com\/no\/wp-json\/wp\/v2\/categories?post=134007"},{"taxonomy":"post_tag","embeddable":true,"href":"https:\/\/www.europesays.com\/no\/wp-json\/wp\/v2\/tags?post=134007"}],"curies":[{"name":"wp","href":"https:\/\/api.w.org\/{rel}","templated":true}]}}