{"id":134018,"date":"2026-01-10T17:35:08","date_gmt":"2026-01-10T17:35:08","guid":{"rendered":"https:\/\/www.europesays.com\/no\/134018\/"},"modified":"2026-01-10T17:35:08","modified_gmt":"2026-01-10T17:35:08","slug":"tv-stjernen-timothy-busfield-siktet-for-overgrep-mot-barn","status":"publish","type":"post","link":"https:\/\/www.europesays.com\/no\/134018\/","title":{"rendered":"TV-stjernen Timothy Busfield siktet for overgrep mot barn"},"content":{"rendered":"\n<p class=\"_lead_o9xde_2 _lead_xtcu6_50 layout-component text-serif-m layout-normal text-serif-l layout-component layout-wide layout-padded _wide_17hqh_1 layout-padded\">Politiet i Albuquerque har utstedt arrestordre mot \u00abWest Wing\u00bb-skuespilleren (68).<\/p>\n<p><img alt=\"Timothy Busfield, her p\u00e5 en NFL-kamp i Detroit i september i fjor. Foto: Paul Sancya \/ AP \/ NTB\" class=\"_image_qp4xg_65 layout-component layout-wide\" data-fullscreen- data-track-element-type=\"Article image fullscreen\" data-track-name=\"ImageFullscreen\" fetchpriority=\"high\" decoding=\"sync\" loading=\"eager\" height=\"2933\" itemprop=\"image\"  src=\"https:\/\/www.europesays.com\/no\/wp-content\/uploads\/2026\/01\/f50ff197-fea9-4d44-a572-e336144668f0.jpeg\"  style=\"object-position:0% 0%\" width=\"4399\"\/>Timothy Busfield, her p\u00e5 en NFL-kamp i Detroit i september i fjor. Foto: Paul Sancya \/ AP \/ NTB<\/p>\n<ul aria-hidden=\"true\" class=\"_images_ntbth_112\">\n<li><a class=\"_link_ntbth_117\" href=\"https:\/\/www.vg.no\/forfatter\/catherine-gonsholt-ighanian\" style=\"z-index:1\" title=\"Catherine Gonsholt Ighanian\" rel=\"nofollow noopener\" target=\"_blank\"><img alt=\"Bilde av Catherine Gonsholt Ighanian\" class=\"_image_ntbth_93\" fetchpriority=\"low\" loading=\"lazy\" decoding=\"async\" itemprop=\"image\"  src=\"https:\/\/www.europesays.com\/no\/wp-content\/uploads\/2026\/01\/1768066508_255_72dca32d-ee6f-474c-a50e-72a9bb49f38a.jpeg\"  width=\"480\"\/><\/a><\/li>\n<\/ul>\n<p> Oppdatert l\u00f8rdag 10. januar kl. 17:25    <\/p>\n<ul class=\"_list_o9xde_3 _list_64s2r_85 _unordered_o9xde_106 text-sans-m\">\n<li class=\"_item_o9xde_30\">Politiet i Albuquerque har utstedt arrestordre mot \u00abWest Wing\u00bb-skuespilleren Timothy Busfield (68) for seksuelle overgrep.<\/li>\n<li class=\"_item_o9xde_30\">Busfield er anklaget for seksuell kontakt med to 11 \u00e5r gamle br\u00f8dre og har en historie med tidligere anklager.<\/li>\n<li class=\"_item_o9xde_30\">Overgrepene skal ha skjedd p\u00e5 settet til FOX-serien \u00abThe Cleaning Lady\u00bb.<\/li>\n<li class=\"_item_o9xde_30\">Warner Bros. Television samarbeider med politiet og tar anklagene p\u00e5 alvor.<\/li>\n<\/ul>\n<p>Vis mer <\/p>\n<p class=\"_paragraph_o9xde_4 _paragraph_xtcu6_10 layout-component text-serif-m layout-normal text-serif-m layout-padded\">Timothy Busfield anklages for seksuelle overgrep mot to 11 \u00e5r gamle br\u00f8dre.<\/p>\n<p class=\"_paragraph_o9xde_4 _paragraph_xtcu6_10 layout-component text-serif-m layout-normal text-serif-m layout-padded\">Han er siktet for to tilfeller av seksuell kontakt med mindre\u00e5rige og ett tilfelle av barnemishandling, melder <a href=\"https:\/\/people.com\/west-wing-actor-timothy-busfield-arrest-warrant-issued-for-alleged-child-sex-abuse-11882932\" class=\"_link_o9xde_39\" rel=\"nofollow noopener\" target=\"_blank\">People<\/a>., som viser til rettsdokumenter.<\/p>\n<p class=\"_paragraph_o9xde_4 _paragraph_xtcu6_10 layout-component text-serif-m layout-normal text-serif-m layout-padded\">En rekke andre medier omtaler saken, som <a href=\"https:\/\/www.nytimes.com\/2026\/01\/10\/arts\/television\/timothy-busfield-child-sex-abuse.html\" class=\"_link_o9xde_39\" rel=\"nofollow noopener\" target=\"_blank\">The New York Times<\/a> og <a href=\"https:\/\/www.rollingstone.com\/tv-movies\/tv-movie-news\/timothy-busfield-accused-child-sex-abuse-arrest-warrant-1235497201\/\" class=\"_link_o9xde_39\" rel=\"nofollow noopener\" target=\"_blank\">Rolling Stone<\/a>.<\/p>\n<p class=\"_paragraph_o9xde_4 _paragraph_xtcu6_10 layout-component text-serif-m layout-normal text-serif-m layout-padded\">Busfields advokat og management har i skrivende stund ikke besvart henvendelser fra amerikanske medier.<\/p>\n<p class=\"_paragraph_o9xde_4 _paragraph_xtcu6_10 layout-component text-serif-m layout-normal text-serif-m layout-padded\">De p\u00e5st\u00e5tte overgrepene skal ha skjedd p\u00e5 settet til FOX-serien \u00abThe Cleaning Lady\u00bb, hvor Busfield jobbet som b\u00e5de skuespiller og regiss\u00f8r. Br\u00f8drene var barneskuespillere i serien.<\/p>\n<p>Ferske anklager<\/p>\n<p class=\"_paragraph_o9xde_4 _paragraph_xtcu6_10 layout-component text-serif-m layout-normal text-serif-m layout-padded\">If\u00f8lge arrestordren skal overgrepene ha p\u00e5g\u00e5tt fra november 2022 til v\u00e5ren 2024. Ett av ofrene hevder at overgrepene begynte da han var syv \u00e5r gammel.<\/p>\n<p class=\"_paragraph_o9xde_4 _paragraph_xtcu6_10 layout-component text-serif-m layout-normal text-serif-m layout-padded\">Etterforskningen startet i november 2024 etter at en lege ved University of New Mexico Hospital meldte fra om mulige seksuelle overgrep. <\/p>\n<p class=\"_paragraph_o9xde_4 _paragraph_xtcu6_10 layout-component text-serif-m layout-normal text-serif-m layout-padded\">Foreldrene til barna fortalte politiet at Busfield hadde kommet tett p\u00e5 ungene, og at han skal ha bedt dem kalle ham \u00abonkel Tim\u00bb.<\/p>\n<p>Warner Bros. uttaler seg<\/p>\n<p class=\"_paragraph_o9xde_4 _paragraph_xtcu6_10 layout-component text-serif-m layout-normal text-serif-m layout-padded\">Warner Bros. Television, produsenten bak serien, sier i en uttalelse til People at de tar alle anklager om overgrep p\u00e5 alvor og samarbeider med politiet.<\/p>\n<p class=\"_paragraph_o9xde_4 _paragraph_xtcu6_10 layout-component text-serif-m layout-normal text-serif-m layout-padded\">\u00abHelse og sikkerhet for v\u00e5re skuespillere og ansatte er alltid v\u00e5r h\u00f8yeste prioritet, spesielt n\u00e5r det gjelder sikkerheten til mindre\u00e5rige i v\u00e5re produksjoner. Vi tar alle p\u00e5stander om upassende oppf\u00f8rsel sv\u00e6rt alvorlig, og har rutiner p\u00e5 plass for \u00e5 raskt og grundig unders\u00f8ke slike saker, og iverksette n\u00f8dvendige tiltak n\u00e5r det er p\u00e5krevd\u00bb, heter det i uttalelsen.<\/p>\n<p class=\"_paragraph_o9xde_4 _paragraph_xtcu6_10 layout-component text-serif-m layout-normal text-serif-m layout-padded\">Busfield har tidligere v\u00e6rt anklaget for seksuelle overgrep, b\u00e5de i 1994 og <a href=\"https:\/\/www.vg.no\/rampelys\/i\/QGmRA\/tv-stjerne-etterforskes-for-sex-mishandling\" data-track-element-type=\"Link\" data-track-id=\"link:QGmRA\" class=\"_link_o9xde_39\" rel=\"nofollow noopener\" target=\"_blank\">i 2012<\/a>. <\/p>\n<p class=\"_paragraph_o9xde_4 _paragraph_xtcu6_10 layout-component text-serif-m layout-normal text-serif-m layout-padded\">Han har v\u00e6rt gift med \u00abHuset p\u00e5 pr\u00e6rien\u00bb-skuespilleren Melissa Gilbert (61) siden 2013.<\/p>\n<p class=\"_paragraph_o9xde_4 _paragraph_xtcu6_10 layout-component text-serif-m layout-normal text-serif-m layout-padded\">Busfield har spilt i en rekke TV-serier. I tillegg til \u00abThe West Wing (Presidenten\u00bb) har han hatt roller i blant annet \u00abEntourage\u00bb og \u00abLaw &amp; Order\u00bb.<\/p>\n<p class=\"_paragraph_o9xde_4 _paragraph_xtcu6_10 layout-component text-serif-m layout-normal text-serif-m layout-padded\">Han har ogs\u00e5 spilt i \u00abThirtysomething\u00bb, \u00abThe Quiz Show\u00bb og \u00abThe Independent\u00bb.<\/p>\n<p>Les ogs\u00e5<\/p>\n","protected":false},"excerpt":{"rendered":"Politiet i Albuquerque har utstedt arrestordre mot \u00abWest Wing\u00bb-skuespilleren (68). Timothy Busfield, her p\u00e5 en NFL-kamp i Detroit&hellip;\n","protected":false},"author":2,"featured_media":134019,"comment_status":"","ping_status":"","sticky":false,"template":"","format":"standard","meta":{"footnotes":""},"categories":[12],"tags":[20,21,24,25,460,15,22,23,13,30,28,29,14,16,26,27,207,42,46,43,44,45],"class_list":{"0":"post-134018","1":"post","2":"type-post","3":"status-publish","4":"format-standard","5":"has-post-thumbnail","7":"category-verden","8":"tag-breaking-news","9":"tag-breakingnews","10":"tag-featured-news","11":"tag-featurednews","12":"tag-film","13":"tag-headlines","14":"tag-latest-news","15":"tag-latestnews","16":"tag-news","17":"tag-no","18":"tag-norge","19":"tag-norway","20":"tag-nyheter","21":"tag-overskrifter","22":"tag-top-stories","23":"tag-topstories","24":"tag-tv","25":"tag-verden","26":"tag-vgai","27":"tag-world","28":"tag-world-news","29":"tag-worldnews"},"share_on_mastodon":{"url":"https:\/\/pubeurope.com\/@no\/115872014317355762","error":""},"_links":{"self":[{"href":"https:\/\/www.europesays.com\/no\/wp-json\/wp\/v2\/posts\/134018","targetHints":{"allow":["GET"]}}],"collection":[{"href":"https:\/\/www.europesays.com\/no\/wp-json\/wp\/v2\/posts"}],"about":[{"href":"https:\/\/www.europesays.com\/no\/wp-json\/wp\/v2\/types\/post"}],"author":[{"embeddable":true,"href":"https:\/\/www.europesays.com\/no\/wp-json\/wp\/v2\/users\/2"}],"replies":[{"embeddable":true,"href":"https:\/\/www.europesays.com\/no\/wp-json\/wp\/v2\/comments?post=134018"}],"version-history":[{"count":0,"href":"https:\/\/www.europesays.com\/no\/wp-json\/wp\/v2\/posts\/134018\/revisions"}],"wp:featuredmedia":[{"embeddable":true,"href":"https:\/\/www.europesays.com\/no\/wp-json\/wp\/v2\/media\/134019"}],"wp:attachment":[{"href":"https:\/\/www.europesays.com\/no\/wp-json\/wp\/v2\/media?parent=134018"}],"wp:term":[{"taxonomy":"category","embeddable":true,"href":"https:\/\/www.europesays.com\/no\/wp-json\/wp\/v2\/categories?post=134018"},{"taxonomy":"post_tag","embeddable":true,"href":"https:\/\/www.europesays.com\/no\/wp-json\/wp\/v2\/tags?post=134018"}],"curies":[{"name":"wp","href":"https:\/\/api.w.org\/{rel}","templated":true}]}}