{"id":134020,"date":"2026-01-10T17:36:24","date_gmt":"2026-01-10T17:36:24","guid":{"rendered":"https:\/\/www.europesays.com\/no\/134020\/"},"modified":"2026-01-10T17:36:24","modified_gmt":"2026-01-10T17:36:24","slug":"skatt-rente-nobelprisvinner-hyller-norge-dere-burde-gratulere-dere-selv","status":"publish","type":"post","link":"https:\/\/www.europesays.com\/no\/134020\/","title":{"rendered":"Skatt, Rente | Nobelprisvinner hyller Norge: \u2013\u00a0Dere burde gratulere dere selv"},"content":{"rendered":"\n<p>LILLESTR\u00d8M (Nettavisen): \u2013 Dere b\u00f8r gratulere dere selv. Dere har ikke latt det skje med samfunnet deres som har skjedd i USA og Storbritannia de siste 50 \u00e5rene, sier britiske James A. Robinson, professor i globale konfliktstudier ved University of Chicago og nobelprisvinner i \u00f8konomi, til Nettavisen.<\/p>\n<p>Robinson er kjent for bestselgeren \u00abWhy Nations Fail\u00bb, en studie av hvilke stater som lykkes og hvilke som ikke lykkes. Han plasserer Norge og de andre skandinaviske landene ettertrykkelige i den f\u00f8rste leiren.<\/p>\n<p>Han peker p\u00e5 utvikling av gode institusjoner over mange \u00e5rhundre, i tillegg til p\u00e5 den sosialdemokratiske modellen land som Norge og Sverige var pionerer for p\u00e5 1930-tallet.<\/p>\n<p>\u2013 Siden 30-tallet har dere skapt en modell som forener innovasjon og dynamisk kapitalisme med omfordeling og sosial trygghet. Det er en helt unik suksesshistorie.<\/p>\n<p>\u2013 Jeg er usikker p\u00e5 om modellen kunne v\u00e6rt implementert hvor som helst, for eksempel i Nigeria, men her har det fungert enormt godt, sier han.<\/p>\n<p>Tviler p\u00e5 at stor stat kveler vekst<\/p>\n<p>I Norge er vi redd for at velferdsstaten har blitt for stor og at skatten som formueskatten kan \u00f8delegge mulighetene til \u00e5 starte nye bedrifter. Robinson er ikke helt overbevist om det.<\/p>\n<p><b>Les ogs\u00e5: <a class=\"simple-relation related-teaser article--c-eRUmMG article--c-eRUmMG-fZoQSp-design-nettavisen article--c-eRUmMG-gwthdJ-cv\" href=\"https:\/\/www.nettavisen.no\/refser-store-co-skattene-ma-ned\/s\/5-95-2782095\" rel=\"nofollow noopener\" target=\"_blank\">Refser St\u00f8re &amp; Co: \u2013 Skattene m\u00e5 ned<\/a><\/b><\/p>\n<p>\u2013 Faktum er at rike land har store statlige apparater. Vil du ha en liten stat, kan du dra til Somalia \u2013 der har de ingen stat i det hele tatt. Kveler det n\u00e6ringslivet? Det kan kanskje hemme enkelte deler, men bare se p\u00e5 laksen\u00e6ringen. Det er et kroneksempel p\u00e5 norsk entrepren\u00f8rskap i en ekstremt vellykket, global industri, sier han.<\/p>\n<p>   <img decoding=\"async\" width=\"5616\" height=\"3744\" fetchpriority=\"low\"  loading=\"lazy\"  src=\"https:\/\/www.europesays.com\/no\/wp-content\/uploads\/2026\/01\/NTB_aNV-IWDZDvg.jpg\" alt=\"Oslo 20251217. &#10;Statsminister Jonas Gahr St\u00f8re under sin halv\u00e5rlige pressekonferanse.&#10;Foto: Ole Berg-Rusten \/ NTB\" class=\"brick-c-cFOWSL\" style=\"--brick-image-ratio: 5616 \/ 3744;\"\/><\/p>\n<p>      ST\u00d8TTET: Statsminister Jonas Gahr St\u00f8re er blant de mange som har lest Robinsons bok \u00abWhy Nations Fail\u00bb.<br \/>\n      Foto: Ole Berg-Rusten\n    <\/p>\n<p>Robinson mener nordmenn b\u00f8r v\u00e6re stolte av det de har oppn\u00e5dd, spesielt sett i lys av utviklingen i andre vestlige land.<\/p>\n<p>\u2013 I USA og Storbritannia har det sosiale sammenholdet smuldret opp. Man ser en enorm \u00f8kning i ulikhet, fremmedgj\u00f8ring og en svekket tillit til institusjonene. Meg bekjent har ikke dette skjedd her i Norge.<\/p>\n<p>USA svekket<\/p>\n<p>N\u00e5r samtalen dreier mot USA, er Robinson mer pessimistisk. Han mener valget av Donald Trump er et symptom p\u00e5 langvarige strukturelle problemer i verdens mektigste land.<\/p>\n<p>\u2013 I USA har vi hatt en utvikling over 50 \u00e5r med stadig mer ulikhet samtidig som levestandard til store deler av befolkningen har stagnert. Det er det som har gjort Trumps koalisjon mulig.<\/p>\n<p>Han advarer om at selve rettsstaten n\u00e5 er under press.<\/p>\n<p>\u2013 Det vi ser n\u00e5 er en massiv forvitring av institusjoner. Vi trodde f\u00f8deralt ansatte hadde et sterkt stillingsvern, men det viser seg at presidenten i praksis kan sparke dem etter eget forgodtbefinnende.<\/p>\n<p>   <img decoding=\"async\" width=\"5392\" height=\"3592\" fetchpriority=\"low\"  loading=\"lazy\"  src=\"https:\/\/www.europesays.com\/no\/wp-content\/uploads\/2026\/01\/1768066584_913_NTB_iJMf3suvHJ4.jpg\" alt=\"US President Donald Trump speaks with reporters aboard Air Force One on his way back to Washington, DC, on January 4, 2026. President Trump is returning to DC after spending the holidays at his Mar-a-Lago residence in Palm Beach, Florida. (Photo by Jim WATSON \/ AFP)\" class=\"brick-c-cFOWSL\" style=\"--brick-image-ratio: 5392 \/ 3592;\"\/><\/p>\n<p>      SVEKKER DEMOKRATIET? Donald Trump<br \/>\n      Foto: JIM WATSON\n    <\/p>\n<p><b>Les ogs\u00e5: <a class=\"simple-relation related-teaser article--c-eRUmMG article--c-eRUmMG-fZoQSp-design-nettavisen article--c-eRUmMG-gwthdJ-cv\" href=\"https:\/\/www.nettavisen.no\/offentlig-ansatt-i-usa-mistet-jobb-og-lonn-pa-dagen\/s\/5-95-2323750\" rel=\"nofollow noopener\" target=\"_blank\">Offentlig ansatt i USA: Mistet jobb og l\u00f8nn p\u00e5 dagen<\/a><\/b><\/p>\n<p>Dette forfallet vil ogs\u00e5 ramme \u00f8konomien, if\u00f8lge Robinson. Han forventer at politisk kontroll over sentralbanken (Fed) vil bli brukt for kortsiktig vinning. Donald Trump ventes \u00e5 innsette en sentralbanksjef. Kevin Hassett, en Trump-alliert som i likhet med sjefen sin \u00f8nsker massive rentekutt, er favoritt. Dette til tross for at den amerikanske \u00f8konomien har s\u00e5 h\u00f8y inflasjon at de fleste \u00f8konomer advarer kraftig mot et slikt grep.<\/p>\n<p><b>Les mer her: <a class=\"simple-relation related-teaser article--c-eRUmMG article--c-eRUmMG-fZoQSp-design-nettavisen article--c-eRUmMG-gwthdJ-cv\" href=\"https:\/\/www.nettavisen.no\/storbank-med-marerittmelding-for-donald-trump\/s\/5-95-2777941\" rel=\"nofollow noopener\" target=\"_blank\">Storbank med marerittmelding for Donald Trump<\/a><\/b><\/p>\n<p>\u2013 Jeg tror han vil ta kontroll over sentralbanken ved \u00e5 sette inn sin mann som sentralbanksjef. Han kommer til \u00e5 kutte renten aggressivt, slik Trump \u00f8nsker. Det vil f\u00f8re til en kortsiktig boom som tjener hans form\u00e5l frem mot valget, men resultatet blir inflasjon.<\/p>\n<p>\u2013 Men n\u00e5r regningen kommer, er Trump trolig borte.<\/p>\n","protected":false},"excerpt":{"rendered":"LILLESTR\u00d8M (Nettavisen): \u2013 Dere b\u00f8r gratulere dere selv. Dere har ikke latt det skje med samfunnet deres som&hellip;\n","protected":false},"author":2,"featured_media":134021,"comment_status":"","ping_status":"","sticky":false,"template":"","format":"standard","meta":{"footnotes":""},"categories":[10],"tags":[20,21,24,25,15,22,23,13,30,28,29,14,16,26,27],"class_list":{"0":"post-134020","1":"post","2":"type-post","3":"status-publish","4":"format-standard","5":"has-post-thumbnail","7":"category-norge","8":"tag-breaking-news","9":"tag-breakingnews","10":"tag-featured-news","11":"tag-featurednews","12":"tag-headlines","13":"tag-latest-news","14":"tag-latestnews","15":"tag-news","16":"tag-no","17":"tag-norge","18":"tag-norway","19":"tag-nyheter","20":"tag-overskrifter","21":"tag-top-stories","22":"tag-topstories"},"share_on_mastodon":{"url":"https:\/\/pubeurope.com\/@no\/115872018271820323","error":""},"_links":{"self":[{"href":"https:\/\/www.europesays.com\/no\/wp-json\/wp\/v2\/posts\/134020","targetHints":{"allow":["GET"]}}],"collection":[{"href":"https:\/\/www.europesays.com\/no\/wp-json\/wp\/v2\/posts"}],"about":[{"href":"https:\/\/www.europesays.com\/no\/wp-json\/wp\/v2\/types\/post"}],"author":[{"embeddable":true,"href":"https:\/\/www.europesays.com\/no\/wp-json\/wp\/v2\/users\/2"}],"replies":[{"embeddable":true,"href":"https:\/\/www.europesays.com\/no\/wp-json\/wp\/v2\/comments?post=134020"}],"version-history":[{"count":0,"href":"https:\/\/www.europesays.com\/no\/wp-json\/wp\/v2\/posts\/134020\/revisions"}],"wp:featuredmedia":[{"embeddable":true,"href":"https:\/\/www.europesays.com\/no\/wp-json\/wp\/v2\/media\/134021"}],"wp:attachment":[{"href":"https:\/\/www.europesays.com\/no\/wp-json\/wp\/v2\/media?parent=134020"}],"wp:term":[{"taxonomy":"category","embeddable":true,"href":"https:\/\/www.europesays.com\/no\/wp-json\/wp\/v2\/categories?post=134020"},{"taxonomy":"post_tag","embeddable":true,"href":"https:\/\/www.europesays.com\/no\/wp-json\/wp\/v2\/tags?post=134020"}],"curies":[{"name":"wp","href":"https:\/\/api.w.org\/{rel}","templated":true}]}}