{"id":134038,"date":"2026-01-10T18:03:07","date_gmt":"2026-01-10T18:03:07","guid":{"rendered":"https:\/\/www.europesays.com\/no\/134038\/"},"modified":"2026-01-10T18:03:07","modified_gmt":"2026-01-10T18:03:07","slug":"sport-sk-brann-kornvig-vil-til-polsk-bunnlag-interessant-pakke-bergensavisen","status":"publish","type":"post","link":"https:\/\/www.europesays.com\/no\/134038\/","title":{"rendered":"Sport, SK Brann | Kornvig vil til polsk bunnlag: \u2013 Interessant pakke &#8211; Bergensavisen"},"content":{"rendered":"<ol>\n<li><a href=\"https:\/\/news.google.com\/rss\/articles\/CBMiiAFBVV95cUxQX3p1WG5fS05LZmhEZWJjeG1wZjJBNXhKNlNQb3Q1MkpJRC1xSFBaU0N3d0RnWmVoYVJFRnV5Q0FGOUdoX2wxTmRFdXJLSkpGZUhyajdCNzdONmFQYmpRa1llQ090RXdUdUVpR2N1SnpkMjRwUmEwdWp2dWtoV1FjT3BuYTRRc1JL?oc=5\" target=\"_blank\" rel=\"nofollow noopener\">Sport, SK Brann | Kornvig vil til polsk bunnlag: \u2013 Interessant pakke<\/a>&nbsp;&nbsp;Bergensavisen<\/li>\n<li><a href=\"https:\/\/news.google.com\/rss\/articles\/CBMimwFBVV95cUxPU0dUbmd1TDFRN2VZZjZNUmladlllNlZ6a1U1ZHJleE5BVWJCbDhKUDRJWk1MZ2l6aWl5elVmSTVRclZ4cjhmM29xZDd1b3pCcWlYSTV1YVE1elp4eUM3SDhVdFZZX05LWHdBM3pYZ29CbGpOZGtSOVJQekpoNVprNVp3cktFSkRZa2RzNzRuMEZzc0FqWTJHZjlKbw?oc=5\" target=\"_blank\" rel=\"nofollow noopener\">SK Brann, Sport | Melder om stor interesse: \u2013 Vi f\u00e5r bud p\u00e5 v\u00e5re spillere hele tiden<\/a>&nbsp;&nbsp;Bergensavisen<\/li>\n<li><a href=\"https:\/\/news.google.com\/rss\/articles\/CBMidEFVX3lxTE1VNEo0Y1o2eGRvMmh5UFJHNUpTSVBqTVZPOHNSTmZmSGJ4ay1uWHVLbTdPaHZhanlUVHM5MDI5Sm5rclJWS3VycTNMZFFjQmhxUFI2Vjl0dzhCelpjRjFzcjVoMzRLWkxZSGZFR3RMR0FWVDIx?oc=5\" target=\"_blank\" rel=\"nofollow noopener\">Overgangsrykter<\/a>&nbsp;&nbsp;Nettavisen<\/li>\n<li><a href=\"https:\/\/news.google.com\/rss\/articles\/CBMidEFVX3lxTE1kUGVXTmlkOUVKVFJtUWo1eXJFWnBvMTFHaGtFWWxWWmZmYXg4c05BdngzY0NYd0ZZeDYzeTVfeFhTMmlBWl9iankyZHNWc3ZqTDdXU296TEJfb2kwTENCSXNia3ZRakhaczFETk5fdk9UM0s0?oc=5\" target=\"_blank\" rel=\"nofollow noopener\">Brann har f\u00e5tt bud p\u00e5 Emil Kornvig<\/a>&nbsp;&nbsp;Bergensavisen<\/li>\n<li><a href=\"https:\/\/news.google.com\/rss\/articles\/CBMibEFVX3lxTE1FRHVjdkZnU2VBd2dSVUlQMlRtOHpjcWtaR0xlRU9TZmROM0V0b3NVUnRLN1BOc3lia1NMNklRd3hUcEhMZDVLYmtCVGNCYkpFeFdZZzJXTkxEZjEtYjNEc1lxYktDV2NvcEhTVA?oc=5\" target=\"_blank\" rel=\"nofollow noopener\">Sport, SK Brann | \u2013 Det m\u00e5 v\u00e6re det rette valget<\/a>&nbsp;&nbsp;Bergensavisen<\/li>\n<\/ol>\n","protected":false},"excerpt":{"rendered":"Sport, SK Brann | Kornvig vil til polsk bunnlag: \u2013 Interessant pakke&nbsp;&nbsp;Bergensavisen SK Brann, Sport | Melder om&hellip;\n","protected":false},"author":2,"featured_media":134039,"comment_status":"","ping_status":"","sticky":false,"template":"","format":"standard","meta":{"footnotes":""},"categories":[59],"tags":[30,28,29,83,82],"class_list":{"0":"post-134038","1":"post","2":"type-post","3":"status-publish","4":"format-standard","5":"has-post-thumbnail","7":"category-sport","8":"tag-no","9":"tag-norge","10":"tag-norway","11":"tag-sport","12":"tag-sports"},"share_on_mastodon":{"url":"https:\/\/pubeurope.com\/@no\/115872124276324021","error":""},"_links":{"self":[{"href":"https:\/\/www.europesays.com\/no\/wp-json\/wp\/v2\/posts\/134038","targetHints":{"allow":["GET"]}}],"collection":[{"href":"https:\/\/www.europesays.com\/no\/wp-json\/wp\/v2\/posts"}],"about":[{"href":"https:\/\/www.europesays.com\/no\/wp-json\/wp\/v2\/types\/post"}],"author":[{"embeddable":true,"href":"https:\/\/www.europesays.com\/no\/wp-json\/wp\/v2\/users\/2"}],"replies":[{"embeddable":true,"href":"https:\/\/www.europesays.com\/no\/wp-json\/wp\/v2\/comments?post=134038"}],"version-history":[{"count":0,"href":"https:\/\/www.europesays.com\/no\/wp-json\/wp\/v2\/posts\/134038\/revisions"}],"wp:featuredmedia":[{"embeddable":true,"href":"https:\/\/www.europesays.com\/no\/wp-json\/wp\/v2\/media\/134039"}],"wp:attachment":[{"href":"https:\/\/www.europesays.com\/no\/wp-json\/wp\/v2\/media?parent=134038"}],"wp:term":[{"taxonomy":"category","embeddable":true,"href":"https:\/\/www.europesays.com\/no\/wp-json\/wp\/v2\/categories?post=134038"},{"taxonomy":"post_tag","embeddable":true,"href":"https:\/\/www.europesays.com\/no\/wp-json\/wp\/v2\/tags?post=134038"}],"curies":[{"name":"wp","href":"https:\/\/api.w.org\/{rel}","templated":true}]}}