{"id":134042,"date":"2026-01-10T18:13:25","date_gmt":"2026-01-10T18:13:25","guid":{"rendered":"https:\/\/www.europesays.com\/no\/134042\/"},"modified":"2026-01-10T18:13:25","modified_gmt":"2026-01-10T18:13:25","slug":"verdal-ulykker-og-hendelser-ikke-i-tvil-om-vurderingen-mindre-risiko-tronder-avisa","status":"publish","type":"post","link":"https:\/\/www.europesays.com\/no\/134042\/","title":{"rendered":"Verdal, Ulykker og hendelser | Ikke i tvil om vurderingen: \u2013 Mindre risiko &#8211; Tr\u00f8nder-Avisa"},"content":{"rendered":"<ol>\n<li><a href=\"https:\/\/news.google.com\/rss\/articles\/CBMigAFBVV95cUxOQ1QyQWJlN21qZjVrbDE4dU54eTVwV1pEemQyOVNtaExQYjlHckMtdklZeXpYVWZMU0FOZmtPcGZ6dy1OcVRiSGQzVDJmVGZsUTlFU29tM0ZvRTVoY1VjbDkxMjhrUkRRT2Iwbmdyb0dOVHBMSjVEbkNpQ2ZDT2hBZQ?oc=5\" target=\"_blank\" rel=\"nofollow noopener\">Verdal, Ulykker og hendelser | Ikke i tvil om vurderingen: \u2013 Mindre risiko<\/a>&nbsp;&nbsp;Tr\u00f8nder-Avisa<\/li>\n<li><a href=\"https:\/\/news.google.com\/rss\/articles\/CBMizwFBVV95cUxQRlVYMXQzT3FLYnpZdXBTamdra2FkNFktckpRcGlpb2wxNXFqM2RRMFkzQ2l2MWdvcm9oQmxBSGF1aWQ2UEg2VUd3M080aWhYQTFZVGIzN3UwT3BDd3hrQzZ1MFNYTWExUG1WRWZrMVdnbWpjeGc0bUdheW13U00yN0lGcXp4UXNsQVJKRVR3eGFJdTlqZHc5bXhyYWNSNkZkZGExbXBCdWJqZGpaOXB5MTJ1Q1paTUpsYlVnR19lUFFoZVJjLXAzcmREZ250S3M?oc=5\" target=\"_blank\" rel=\"nofollow noopener\">Fire r\u00f8ykdykkarar gjekk inn i huset, men berre to kom seg ut: \u2013 Det m\u00e5 ha skjedd noko<\/a>&nbsp;&nbsp;NRK<\/li>\n<li><a href=\"https:\/\/news.google.com\/rss\/articles\/CBMikwFBVV95cUxQZ3ByYm1IcmpMRXkxZ3JfN2pDeV9CR0FwUzlZdlhCZ2dENHFkOEhOZEkwdVdBdndKTDJBN1NzVnVqN05lWHgtUmJqSmdjUDRLWTBsdlkwOEszM2c3RWRBa3Q0bmhmWHkxS0p6S3FfOHpBbDdqYXdMUERXV05WbWNhcXI2cW5SaVNYZXZCWF81T3p0aEk?oc=5\" target=\"_blank\" rel=\"nofollow noopener\">Nedbrenning, Brann\u00f8velse | Mandag mistet de to kollegaer \u2013 l\u00f8rdag g\u00e5r de selv i ilden<\/a>&nbsp;&nbsp;Oppland Arbeiderblad<\/li>\n<li><a href=\"https:\/\/news.google.com\/rss\/articles\/CBMihwFBVV95cUxPdHNQMWhTZ0J1OTJlb1RPS0JDbFZpNlZrdDJDSnBHVnRWNVZxUERFa1NIaDZwbGdCNDFQdDNPRElEZ2R4eHowREVkRklUeXpVYzVaNWxTazFBOE1vMmhRakY3RWdzSk9OcUZVRjhIcTFuaVd0Z2xXdGFOWWw3c3lpUjJwQnBUSEU?oc=5\" target=\"_blank\" rel=\"nofollow noopener\">Offentliggj\u00f8r navnene p\u00e5 de omkomne etter brannen i Verdal<\/a>&nbsp;&nbsp;VG<\/li>\n<li><a href=\"https:\/\/news.google.com\/rss\/articles\/CBMingFBVV95cUxORnNiSWF0VHVBWjZIOUdsS3FRUF9MWVlRSjRSYXhJUjdKZjdZRXQtMk14QmRRVFV6bklzeHoxSFF1VlM0aEVEak0wR0hnQWlXa1lKb2s4TkJ6MEFkbnl1RXQ5SWhfRHBxVHN2b3ZSdXJ6TVhYaGFVcHNKckJJNm1UUkt3amZLbHI1bVZpQk00eVBhMGtPZy1TTkxmQ21GZw?oc=5\" target=\"_blank\" rel=\"nofollow noopener\">\u2013 Dette er dypt tragisk. Det er en m\u00f8rk situasjon \u00e5 v\u00e6re i<\/a>&nbsp;&nbsp;bladet.no<\/li>\n<\/ol>\n","protected":false},"excerpt":{"rendered":"Verdal, Ulykker og hendelser | Ikke i tvil om vurderingen: \u2013 Mindre risiko&nbsp;&nbsp;Tr\u00f8nder-Avisa Fire r\u00f8ykdykkarar gjekk inn i&hellip;\n","protected":false},"author":2,"featured_media":134043,"comment_status":"","ping_status":"","sticky":false,"template":"","format":"standard","meta":{"footnotes":""},"categories":[5],"tags":[20,21,24,25,15,19,22,23,17,18,13,30,28,29,14,16,26,27],"class_list":{"0":"post-134042","1":"post","2":"type-post","3":"status-publish","4":"format-standard","5":"has-post-thumbnail","7":"category-overskrifter","8":"tag-breaking-news","9":"tag-breakingnews","10":"tag-featured-news","11":"tag-featurednews","12":"tag-headlines","13":"tag-hovedoppslag","14":"tag-latest-news","15":"tag-latestnews","16":"tag-main-news","17":"tag-mainnews","18":"tag-news","19":"tag-no","20":"tag-norge","21":"tag-norway","22":"tag-nyheter","23":"tag-overskrifter","24":"tag-top-stories","25":"tag-topstories"},"share_on_mastodon":{"url":"https:\/\/pubeurope.com\/@no\/115872163649394061","error":""},"_links":{"self":[{"href":"https:\/\/www.europesays.com\/no\/wp-json\/wp\/v2\/posts\/134042","targetHints":{"allow":["GET"]}}],"collection":[{"href":"https:\/\/www.europesays.com\/no\/wp-json\/wp\/v2\/posts"}],"about":[{"href":"https:\/\/www.europesays.com\/no\/wp-json\/wp\/v2\/types\/post"}],"author":[{"embeddable":true,"href":"https:\/\/www.europesays.com\/no\/wp-json\/wp\/v2\/users\/2"}],"replies":[{"embeddable":true,"href":"https:\/\/www.europesays.com\/no\/wp-json\/wp\/v2\/comments?post=134042"}],"version-history":[{"count":0,"href":"https:\/\/www.europesays.com\/no\/wp-json\/wp\/v2\/posts\/134042\/revisions"}],"wp:featuredmedia":[{"embeddable":true,"href":"https:\/\/www.europesays.com\/no\/wp-json\/wp\/v2\/media\/134043"}],"wp:attachment":[{"href":"https:\/\/www.europesays.com\/no\/wp-json\/wp\/v2\/media?parent=134042"}],"wp:term":[{"taxonomy":"category","embeddable":true,"href":"https:\/\/www.europesays.com\/no\/wp-json\/wp\/v2\/categories?post=134042"},{"taxonomy":"post_tag","embeddable":true,"href":"https:\/\/www.europesays.com\/no\/wp-json\/wp\/v2\/tags?post=134042"}],"curies":[{"name":"wp","href":"https:\/\/api.w.org\/{rel}","templated":true}]}}