{"id":134109,"date":"2026-01-10T19:30:34","date_gmt":"2026-01-10T19:30:34","guid":{"rendered":"https:\/\/www.europesays.com\/no\/134109\/"},"modified":"2026-01-10T19:30:34","modified_gmt":"2026-01-10T19:30:34","slug":"byhistorikar-harald-grytten-blei-frakta-pa-byvandring-i-alesund-i-kiste-nrk-more-og-romsdal-lokale-nyheter-tv-og-radio","status":"publish","type":"post","link":"https:\/\/www.europesays.com\/no\/134109\/","title":{"rendered":"Byhistorikar Harald Grytten blei frakta p\u00e5 byvandring i \u00c5lesund i kiste \u2013 NRK M\u00f8re og Romsdal \u2013 Lokale nyheter, TV og radio"},"content":{"rendered":"<p>P\u00e5 den godt brukte, gr\u00f8ne krakken brukte historikar Harald Grytten \u00e5 st\u00e5 i \u00c5lesund sine gater og bergta publikum. Han var eit vandrande leksikon om jugendbyen og gav ut fleire b\u00f8ker.<\/p>\n<p><strong>I dag vart 87-\u00e5ringen bisett i \u00c5lesund kirke. Men heilt ferdig med byvandring var han ikkje. I den gr\u00f8ne kista i b\u00e5rebilen fekk han ei siste reise gjennom \u00c5lesundsgatene, med politieskorte. <\/strong><\/p>\n<p>\u2013 Det er ikkje ei bukt, det er ikkje ei vik, ikkje ein v\u00e5g. Det er eit sund. Det er sj\u00f8lvaste \u00c5lesundet, brukte Grytten \u00e5 seie.\n<\/p>\n<p><img decoding=\"async\"   src=\"data:image\/gif;base64,R0lGODlhAQABAIAAAAAAAP\/\/\/yH5BAEAAAAALAAAAAABAAEAAAIBRAA7\" loading=\"eager\" alt=\"\u00c5lesund 20040122. 23. januar for n\u00f8yaktig 100 \u00e5r siden, ble mer enn 10.000 mennesker hjeml\u00f8se i Norges mest ber\u00f8mte bybrann \u2013 natta da \u00c5lesund brant. Brannen startet klokken 02.15 natt til 23. januar 1904, og p\u00e5 dette klokkeslettet har \u00e5lesunderne de siste 25 \u00e5rene gjennomf\u00f8rt en byvandring. Byhistoriker Harald Grytten har ledet an hver eneste gang, her med en krakk i h\u00e5nden. Foto: Kjell Herskedal \/ SCANPIX\" title=\"Foto: SCANPIX\"\/><\/p>\n<p class=\"\">I om lag 50 \u00e5r tok Harald Grytten med seg publikum p\u00e5 byvandringar i \u00c5lesund. Den gr\u00f8ne krakken var alltid med. <\/p>\n<p>Foto: SCANPIX<\/p>\n<p>Skapte begeistring for byen<\/p>\n<p>Historikar og pensjonert museumsstyrar, Ivar Gunnar Braaten meiner Grytten skal ha stor \u00e6re for at \u00c5lesund fann identiteten sin og at folk har blitt stolte av \u00e5 bu her.<\/p>\n<p><strong>I dag er jugendbyen rekna for \u00e5 vere ein av dei vakraste byane i Noreg og Europa og blir bes\u00f8kt av millionar av turistar.<\/strong><\/p>\n<p>\u2013 Han har skapt ei begeistring for byen for dei som bur her. Han var ein som tidleg peikte p\u00e5 verdiane som l\u00e5g i denne unike byen med arkitekturen og plasseringa, seier Braaten.<\/p>\n<p><img decoding=\"async\"   src=\"data:image\/gif;base64,R0lGODlhAQABAIAAAAAAAP\/\/\/yH5BAEAAAAALAAAAAABAAEAAAIBRAA7\" loading=\"eager\" alt=\"En gruppe personer b\u00e6rer en kiste, dekorert med blomster, ut fra en kirke. De fleste av dem er ikledd formelle kl\u00e6r, og handlingen skjer p\u00e5 en vinterdag med sn\u00f8 p\u00e5 bakken. I bakgrunnen kan man se en svart bil, antagelig en begravelsesbil, parkert ved inngangen. En del tilskuere st\u00e5r p\u00e5 siden av veien og observerer bevegelsene. (Bildebeskrivelsen er laget av en KI-tjeneste)\" title=\"Foto: Frederik Winness Ringnes \/ NRK\"\/><\/p>\n<p class=\"\">Kista hadde same farge som krakken til Harald Grytten.<\/p>\n<p>Foto: Frederik Winness Ringnes \/ NRK<\/p>\n<p>D\u00e5 byen brann ned i 1904 vart \u00c5lesund bygd opp att i jugendstil.<\/p>\n<p>Grytten starta med byvandringane p\u00e5 70-talet og hadde ofte fleire i veka.<\/p>\n<p>Han brukte heile kroppen n\u00e5r han engasjert fortalde om byen sin fr\u00e5 krakken.<\/p>\n<p>\u2013 Det blir eit tomrom etter Harald. Han var aktiv til det siste og skreiv lesarinnlegg og var ute med krakken sin, seier Braaten.<\/p>\n<p>    \u2190<\/p>\n<ul data-scroll-container=\"\" role=\"list\" aria-label=\"Bildegalleri\">\n<li><img alt=\"En person st\u00e5r i forgrunnen, if\u00f8rt en m\u00f8rk frakk og skjerf. Bakgrunnen viser en bygning under restaurering, med byggestillas og et norsk flagg. Det er sn\u00f8dekte omgivelser, og noen tr\u00e6r er synlige i bakgrunnen. Det er overskyet v\u00e6r, og lysene fra omgivelsene skinner svakt. (Bildebeskrivelsen er laget av en KI-tjeneste)\"  width=\"3840\" height=\"2560\" loading=\"lazy\"\/>\n<p>Ivar Gunnar Braaten utanfor \u00c5lesund kirke. Han meiner avd\u00f8de Harald Grytten har bidratt mykje til \u00e5 gi \u00c5lesund ein eigen identitet. <\/p>\n<p> Foto: Frederik Winness Ringnes \/ NRK <\/li>\n<li><img alt=\"Et minnehefte holdes opp foran en bygning i vinterlandskap. Heftet er dekorert med kunstneriske bilder og navnet &quot;Harald Grytten&quot; sammen med datoene 5. desember 1938 og 19. desember 2025. Bakgrunnen viser en sn\u00f8dekt plass med en norsk flagg. Bygningen bak er delvis skjult av stillas, noe som tyder p\u00e5 renovering. (Bildebeskrivelsen er laget av en KI-tjeneste)\"  width=\"3840\" height=\"2564\" loading=\"lazy\"\/>\n<p>Harald Grytten vart 87 \u00e5r gamal.<\/p>\n<p> Foto: Frederik Winness Ringnes \/ NRK <\/li>\n<li><img alt=\"Bildet viser en gul bygning med flere vinduer og en norsk flagg som heiser i sn\u00f8landskapet. Forgrunnen best\u00e5r av gravst\u00f8tter, dekket av et tynt lag sn\u00f8. Det er tr\u00e6r i n\u00e6rheten, og bakgrunnen er klar og skyfri. Omgivelsene gir en stille og \u00e6rverdig atmosf\u00e6re. (Bildebeskrivelsen er laget av en KI-tjeneste)\"  width=\"3840\" height=\"2560\" loading=\"lazy\"\/>\n<p>Asp\u00f8y skole flagga p\u00e5 halv stang i dag.<\/p>\n<p> Foto: Frederik Winness Ringnes \/ NRK <\/li>\n<li><img alt=\"En statue av en gutt med avisen i h\u00e5nden st\u00e5r i forgrunnen, mens biler kj\u00f8rer p\u00e5 en sn\u00f8dekt gate. I bakgrunnen sees typiske butikkfasader med juledekorasjoner og et norsk flagg. Sn\u00f8en dekker fortauskanten, og det er f\u00e5 mennesker synlige i gaten. Dette bildet fanger en rolig vinterdag i en bygate. (Bildebeskrivelsen er laget av en KI-tjeneste)\"  width=\"3840\" height=\"2564\" loading=\"lazy\"\/>\n<p>B\u00e5rebilen k\u00f8yrde ei eiga rute gjennom gatene der Harald Grytten brukte \u00e5 ha byvandringar.<\/p>\n<p> Foto: Frederik Winness Ringnes \/ NRK <\/li>\n<li><img alt=\"En svart begravelsesbil med blomsterdekorasjon er parkert p\u00e5 en sn\u00f8dekt gate. Bilens bakparti er synlig, med registreringsnummer og logo for et begravelsesbyr\u00e5. I bakgrunnen sees en politibil med blinkende lys, samt flere personer som st\u00e5r i n\u00e6rheten. Bygningene rundt har en m\u00f8rk steinfasade og er opplyst, noe som gir en kontrast til den kalde vinterdagen. (Bildebeskrivelsen er laget av en KI-tjeneste)\"  width=\"3840\" height=\"2560\" loading=\"lazy\"\/>\n<p>B\u00e5rebilen vart eskotert av politiet.<\/p>\n<p> Foto: Frederik Winness Ringnes \/ NRK <\/li>\n<\/ul>\n<p>\u2192<\/p>\n<p>Har tatt over arven<\/p>\n<p>Lokalpolitikar og guide, Sindre Nakken (Ap) har tatt over arven etter Harald Grytten. I 20 \u00e5r har han formidla byhistoria etter inspirasjon fr\u00e5 Harald Grytten.<\/p>\n<p>Som oftast st\u00e5r han p\u00e5 ei bruskasse, men p\u00e5 den \u00e5rlege markering for bybrannen i 1904, st\u00e5r han alltid p\u00e5 krakk. Men ingen kan gjere det som Harald Grytten, meiner han.<\/p>\n<p><strong>\u2013 Uansett kva han snakka om, s\u00e5 blei du fanga i engasjementen hans. Det var nesten s\u00e5 han sto og hoppa eller dirra p\u00e5 krakken, fordi han blei s\u00e5 engasjert sj\u00f8lv. Det gjer jo at det smittar over, seier Nakken.<\/strong><\/p>\n<p><img decoding=\"async\"   src=\"data:image\/gif;base64,R0lGODlhAQABAIAAAAAAAP\/\/\/yH5BAEAAAAALAAAAAABAAEAAAIBRAA7\" loading=\"eager\" alt=\"Sindre Nakken snakker med folk under gatefestivalen i \u00c5lesund i august 2024.\" title=\"Foto: Tore Ellingseter \/ NRK\"\/><\/p>\n<p class=\"\">Sindre Nakken arrangerer byvandringar etter inspirasjon fr\u00e5 Harald Grytten, men gjer det p\u00e5 sin eigen m\u00e5te. <\/p>\n<p>Foto: Tore Ellingseter \/ NRK<\/p>\n<p>Han meiner dagens byvandring i b\u00e5rebil er heilt i Harald Grytten si \u00e5nd.<\/p>\n<p>Grytten meinte at \u00e5lesundarane b\u00f8r g\u00e5 med brystkassa end\u00e5 lengre fram og vise kor stolte dei er av byen sin.<\/p>\n<p>\u2013 Det er ingen som kan erstatte ein institusjon som Harald Grytten, seier Nakken.<\/p>\n<p>Harald Grytten er verdskjend i eigen by og har tatt folk med p\u00e5 byvandring i \u00c5lesund sidan 1973. Han har alltid med den gr\u00f8ne krakken.<\/p>\n<p>Publisert<\/p>\n<p>09.01.2026, kl. 14.34<\/p>\n<p>Oppdatert<\/p>\n<p>09.01.2026, kl. 15.18<\/p>\n","protected":false},"excerpt":{"rendered":"P\u00e5 den godt brukte, gr\u00f8ne krakken brukte historikar Harald Grytten \u00e5 st\u00e5 i \u00c5lesund sine gater og bergta&hellip;\n","protected":false},"author":2,"featured_media":134110,"comment_status":"","ping_status":"","sticky":false,"template":"","format":"standard","meta":{"footnotes":""},"categories":[10],"tags":[20,21,24,25,15,22,23,13,30,28,29,14,16,26,27],"class_list":{"0":"post-134109","1":"post","2":"type-post","3":"status-publish","4":"format-standard","5":"has-post-thumbnail","7":"category-norge","8":"tag-breaking-news","9":"tag-breakingnews","10":"tag-featured-news","11":"tag-featurednews","12":"tag-headlines","13":"tag-latest-news","14":"tag-latestnews","15":"tag-news","16":"tag-no","17":"tag-norge","18":"tag-norway","19":"tag-nyheter","20":"tag-overskrifter","21":"tag-top-stories","22":"tag-topstories"},"share_on_mastodon":{"url":"https:\/\/pubeurope.com\/@no\/115872466496000900","error":""},"_links":{"self":[{"href":"https:\/\/www.europesays.com\/no\/wp-json\/wp\/v2\/posts\/134109","targetHints":{"allow":["GET"]}}],"collection":[{"href":"https:\/\/www.europesays.com\/no\/wp-json\/wp\/v2\/posts"}],"about":[{"href":"https:\/\/www.europesays.com\/no\/wp-json\/wp\/v2\/types\/post"}],"author":[{"embeddable":true,"href":"https:\/\/www.europesays.com\/no\/wp-json\/wp\/v2\/users\/2"}],"replies":[{"embeddable":true,"href":"https:\/\/www.europesays.com\/no\/wp-json\/wp\/v2\/comments?post=134109"}],"version-history":[{"count":0,"href":"https:\/\/www.europesays.com\/no\/wp-json\/wp\/v2\/posts\/134109\/revisions"}],"wp:featuredmedia":[{"embeddable":true,"href":"https:\/\/www.europesays.com\/no\/wp-json\/wp\/v2\/media\/134110"}],"wp:attachment":[{"href":"https:\/\/www.europesays.com\/no\/wp-json\/wp\/v2\/media?parent=134109"}],"wp:term":[{"taxonomy":"category","embeddable":true,"href":"https:\/\/www.europesays.com\/no\/wp-json\/wp\/v2\/categories?post=134109"},{"taxonomy":"post_tag","embeddable":true,"href":"https:\/\/www.europesays.com\/no\/wp-json\/wp\/v2\/tags?post=134109"}],"curies":[{"name":"wp","href":"https:\/\/api.w.org\/{rel}","templated":true}]}}