{"id":134111,"date":"2026-01-10T19:31:18","date_gmt":"2026-01-10T19:31:18","guid":{"rendered":"https:\/\/www.europesays.com\/no\/134111\/"},"modified":"2026-01-10T19:31:18","modified_gmt":"2026-01-10T19:31:18","slug":"bot-trafikkontroll-dordi-80-tar-kampen-politiet-forsto-ikke","status":"publish","type":"post","link":"https:\/\/www.europesays.com\/no\/134111\/","title":{"rendered":"Bot, Trafikkontroll | Dordi (80) tar kampen: \u2013 Politiet forsto ikke\u00a0"},"content":{"rendered":"\n<p>(<a href=\"https:\/\/www.tk.no\/dordi-80-tar-kampen-politiet-forsto-ikke\/s\/5-51-1795973\" rel=\"Follow nofollow noopener\" target=\"_blank\">Tidenes Krav<\/a>): \u2013 Jeg kommer til \u00e5 v\u00e6re min egen advokat, lover Dordi Skuggevik (80).<\/p>\n<p>Den prisbel\u00f8nte Surnadal-forfatteren vil fortelle hvordan faktafeil og spr\u00e5kproblemer gj\u00f8r at hun m\u00e5 frifinnes.<\/p>\n<p>Det begynte med et forenklet forelegg p\u00e5 9.000 kroner.<\/p>\n<p><b>Les ogs\u00e5: <a class=\"simple-relation related-teaser article--c-eRUmMG article--c-eRUmMG-fZoQSp-design-nettavisen article--c-eRUmMG-gwthdJ-cv\" href=\"https:\/\/www.nettavisen.no\/petter-stordalen-anker-skyhoyt-skattekrav\/s\/5-95-2794393\" rel=\"nofollow noopener\" target=\"_blank\">Petter Stordalen anker skyh\u00f8yt skattekrav<\/a><\/b><\/p>\n<p>Forelegget<\/p>\n<p>Slik p\u00e5talemyndigheten ser det, har Dordi Skuggevik \u00abunnlatt \u00e5 stoppe for trafikkontroll\u00bb og dermed brutt veitrafikkloven.<\/p>\n<p>Det skjedde under en trafikkontroll i regi av Statens vegvesen i Surnadal p\u00e5 formiddagen mandag 6. oktober.<\/p>\n<p>Av forelegget som ble gitt henne, fremg\u00e5r det at Skuggevik \u00abunnlot straks \u00e5 stanse (&#8230;) til tross for at det var gitt tegn fra Statens vegvesen\u00bb.<\/p>\n<p>\u2013 Jeg har skriftlig bedt om at forelegget frafalles, sier Skuggevik.<\/p>\n<p>Hun mener det er faktisk feil at hun ikke stoppet i den aktuelle kontrollen.<\/p>\n<p>Forklaringen<\/p>\n<p>\u2013 Politiet deltok ogs\u00e5 i kontrollen. Jeg stoppet, rullet ned vinduet og forklarte at jeg kom tilbake senere. S\u00e5 kj\u00f8rte jeg videre. Jeg hadde avtale hos fysioterapeuten 300 meter lenger bort, forteller Skuggevik til Tidens Krav.<\/p>\n<p>\u2013 Politibetjenten ble veldig sinna da jeg kj\u00f8rte videre, hoppet opp og ned, veivet med armene og \u00abgrylte\u00bb. Betjenten lyver om at jeg ikke stoppet, sier hun.<\/p>\n<p>   <img decoding=\"async\" width=\"1536\" height=\"1358\" fetchpriority=\"low\"  loading=\"lazy\"  src=\"https:\/\/www.europesays.com\/no\/wp-content\/uploads\/2026\/01\/Stoppet+trefelling.bin.jpeg\" alt=\"\" class=\"brick-c-cFOWSL\" style=\"--brick-image-ratio: 1536 \/ 1358;\"\/><\/p>\n<p>      Det var i denne bilen at Dordi Skuggevik  kj\u00f8rte videre fra trafikkontroll, og senere fikk et forenklet forelegg for &#8211; som hun nektet \u00e5 godta. Bildet er tatt ved en annen anledning.<br \/>\n      Foto: Tor Helge Solli\n    <\/p>\n<p>Slik den tiltalte 80-\u00e5ringen husker det, stoppet hun ved politibilen p\u00e5 tilbakeveien.<\/p>\n<p>\u2013 Politiets bil sto ved siden av og jeg ventet. Jeg m\u00e5tte vente en stund. Da politiet omsider tok kontakt, var det for \u00e5 gi meg forelegget. Vedkommende jeg snakket med, snakket gebrokkent. Jeg forsto at det var en utlending som ikke kan ha forst\u00e5tt hva jeg sa tidligere. Og jeg stoppet faktisk i kontrollen. Dette har jeg forklart i brev til politiet og alts\u00e5 bedt om at de frafallet boten. Men politiets byr\u00e5krater har tydeligvis bare sett rett frem, og jeg har ikke hatt oppmerksomhet mot noe annet enn min nyeste bok den siste tiden, sier Skuggevik.<\/p>\n<p><b>Les ogs\u00e5: <a class=\"simple-relation related-teaser article--c-eRUmMG article--c-eRUmMG-fZoQSp-design-nettavisen article--c-eRUmMG-gwthdJ-cv\" href=\"https:\/\/www.nettavisen.no\/mann-slapp-fartsbot-hadde-lest-bruksanvisningen-til-lasermaleren\/s\/5-95-2171545\" rel=\"nofollow noopener\" target=\"_blank\">Mann slapp fartsbot \u2013 hadde lest bruksanvisningen til laserm\u00e5leren<\/a><\/b><\/p>\n<p>Boken<\/p>\n<p>\u2013 Jeg har v\u00e6rt forferdelig opptatt. Innspurten mot innleveringsfristen for min nyeste bok til trykkeriet 6. januar har v\u00e6rt intens, jeg har ikke kunnet prioritere noe annet. Derfor har jeg ikke registrert at jeg m\u00e5 m\u00f8te tiltalt i retten, forklarer Skuggevik.<\/p>\n<p>Tidens Krav n\u00e5r henne p\u00e5 telefon i hennes feriebolig p\u00e5 Kanari\u00f8yene, dit hun tok flyet dagen etter deadline, 7. januar.<\/p>\n<p>Skuggevik har utgitt flere b\u00f8ker og er blant annet tildelt Kleivaprisen av Surnadal kommune i 2011. Av innlegg p\u00e5 <a rel=\"Follow nofollow noopener\" href=\"https:\/\/dordis.no\/\" target=\"_blank\">hennes egen blogg<\/a> fremg\u00e5r det at hennes siste bok har f\u00f8lgende tittel:<\/p>\n<p>\u00abDEN TAUSE GENERASJONEN <br \/>Nasjonal Samling <br \/>Farfar, Far og oss andre\u00bb.<\/p>\n<p>            Kleivaprisvinnarar<\/p>\n<p>Desse har f\u00e5tt prisen: Henning Sommerro (1998), Styrk\u00e5r Br\u00f8rs (1999), John R\u00f8en (2000), J\u00f8rgen Gravvold (2001), Bernt B\u00f8e (2002), Famntak (2003), Alf Rams\u00f8y (2004), Paula Ranes (2005), Ola Br\u00f8ske (2006), Eistein B\u00e6verfjord (2007), Holger og Kirsti Skei (2008), Svein S\u00e6ter (2009), Trond Larsen (2010), Dordi Skuggevik (2011), Sverre Hatle (2012), Randi Lys\u00f8 (2013), Svanhild Husby (2014), Fredrik Sj\u00f8flot (2015), Lars Steinar Ansnes, Erling Myrbostad og Torbj\u00f8rn Polden (2016), Einar S\u00f8dergren (2017), Else Brandvoll Andresen (2018), Jon Arne Mogstad (2019), Laget V\u00e5rs\u00f8g (2020), Erik L. Moen (2021), Sigrid Vetleseter B\u00f8e (2022) og Dreamfarm Studios med trioen Frank Spoon Botten, Ola Langli og Rolf Paulsen (2023), Oddveig Helset Halle (2024).<\/p>\n<p>\u2013 Boken er p\u00e5 1.024 sider, sier Dordi Skuggevik til Tidens Krav.<\/p>\n<p>Blir hun d\u00f8mt i Nordm\u00f8re og Romsdal tingrett, risikerer hun at boten \u00f8ker til 11.000 kroner, i tr\u00e5d med p\u00e5talemyndighetens p\u00e5stand.<\/p>\n<p>    Vil du se neste video?<\/p>\n<p>    <a href=\"https:\/\/www.nettavisen.no\/nyheter\/ukrainsk-jagerfly-odelegger-for-vladimir-putin-i-pokrovsk\/v\/5-95-2807927\" class=\"recommend-poster\" data-adp-clicklabel=\"video-recommend\" data-adp-clickvalue=\"poster\" rel=\"nofollow noopener\" target=\"_blank\"><br \/>\n      <img decoding=\"async\" width=\"200\" height=\"200\" loading=\"lazy\" src=\"https:\/\/www.europesays.com\/no\/wp-content\/uploads\/2026\/01\/JAGERFLY+BREDDE.jpg\" alt=\"\" class=\"brick-c-cFOWSL\" style=\"--brick-image-ratio: 200 \/ 200;\"\/><\/p>\n<p>Nye bilder: Rammer Putin hardt0:41<\/p>\n<p>    <\/a><\/p>\n","protected":false},"excerpt":{"rendered":"(Tidenes Krav): \u2013 Jeg kommer til \u00e5 v\u00e6re min egen advokat, lover Dordi Skuggevik (80). Den prisbel\u00f8nte Surnadal-forfatteren&hellip;\n","protected":false},"author":2,"featured_media":134112,"comment_status":"","ping_status":"","sticky":false,"template":"","format":"standard","meta":{"footnotes":""},"categories":[5],"tags":[20,21,24,25,15,19,22,23,17,18,13,30,28,29,14,16,26,27],"class_list":{"0":"post-134111","1":"post","2":"type-post","3":"status-publish","4":"format-standard","5":"has-post-thumbnail","7":"category-overskrifter","8":"tag-breaking-news","9":"tag-breakingnews","10":"tag-featured-news","11":"tag-featurednews","12":"tag-headlines","13":"tag-hovedoppslag","14":"tag-latest-news","15":"tag-latestnews","16":"tag-main-news","17":"tag-mainnews","18":"tag-news","19":"tag-no","20":"tag-norge","21":"tag-norway","22":"tag-nyheter","23":"tag-overskrifter","24":"tag-top-stories","25":"tag-topstories"},"share_on_mastodon":{"url":"https:\/\/pubeurope.com\/@no\/115872470433590137","error":""},"_links":{"self":[{"href":"https:\/\/www.europesays.com\/no\/wp-json\/wp\/v2\/posts\/134111","targetHints":{"allow":["GET"]}}],"collection":[{"href":"https:\/\/www.europesays.com\/no\/wp-json\/wp\/v2\/posts"}],"about":[{"href":"https:\/\/www.europesays.com\/no\/wp-json\/wp\/v2\/types\/post"}],"author":[{"embeddable":true,"href":"https:\/\/www.europesays.com\/no\/wp-json\/wp\/v2\/users\/2"}],"replies":[{"embeddable":true,"href":"https:\/\/www.europesays.com\/no\/wp-json\/wp\/v2\/comments?post=134111"}],"version-history":[{"count":0,"href":"https:\/\/www.europesays.com\/no\/wp-json\/wp\/v2\/posts\/134111\/revisions"}],"wp:featuredmedia":[{"embeddable":true,"href":"https:\/\/www.europesays.com\/no\/wp-json\/wp\/v2\/media\/134112"}],"wp:attachment":[{"href":"https:\/\/www.europesays.com\/no\/wp-json\/wp\/v2\/media?parent=134111"}],"wp:term":[{"taxonomy":"category","embeddable":true,"href":"https:\/\/www.europesays.com\/no\/wp-json\/wp\/v2\/categories?post=134111"},{"taxonomy":"post_tag","embeddable":true,"href":"https:\/\/www.europesays.com\/no\/wp-json\/wp\/v2\/tags?post=134111"}],"curies":[{"name":"wp","href":"https:\/\/api.w.org\/{rel}","templated":true}]}}