{"id":134113,"date":"2026-01-10T19:32:09","date_gmt":"2026-01-10T19:32:09","guid":{"rendered":"https:\/\/www.europesays.com\/no\/134113\/"},"modified":"2026-01-10T19:32:09","modified_gmt":"2026-01-10T19:32:09","slug":"manchester-city-fa-cup-manchester-city-herjet-haaland-mallos","status":"publish","type":"post","link":"https:\/\/www.europesays.com\/no\/134113\/","title":{"rendered":"Manchester City, FA-Cup | Manchester City herjet \u2013 Haaland m\u00e5ll\u00f8s"},"content":{"rendered":"\n<p><b><a href=\"https:\/\/live.nettavisen.no\/fotball\/1\/2026-01-10\/kamp\/2711440\" rel=\"Follow nofollow noopener\" target=\"_blank\">MANCHESTER CITY-EXETER 10-1<\/a><\/b><\/p>\n<p>Manchester City hadde f\u00e5 problemer med \u00e5 sl\u00e5 Exeter komfortabelt i FA Cupens 3. runde.<\/p>\n<p>Til slutt vant de lysebl\u00e5 hele 10\u20131 etter scoring av blant annet nysigneringen Antoine Semenyo.<\/p>\n<p>Haaland p\u00e5 sin side gikk noe s\u00e5 sjeldent m\u00e5ll\u00f8s av banen. Han ble byttet ut etter 45 minutter da City allerede ledet 4\u20130.<\/p>\n<p>Debutant Antoine Semenyo startet i likhet med Erling Braut Haaland kampen<\/p>\n<p>Unggutten Max Alleyne sendte Manchester City i ledelsen etter tolv minutter, f\u00f8r Rodri la p\u00e5 til 2-0 med et langskudd etter 24 minutter.<\/p>\n<p>To selvm\u00e5l fra Exeter mot slutten av 1. omgang gjorde at City komfortabelt kunne hvile spillere og byttet ut Haaland i pausen. Rodri og Nathan Ak\u00e9 fikk ogs\u00e5 slippe spill i 2. omgang.<\/p>\n<p>Der brukte Rico Lewis kort tid p\u00e5 \u00e5 gj\u00f8re 5-0 etter en flott assist fra Antoine Semenyo.<\/p>\n<p>Kantspilleren gjorde overgang fra Bournemouth til City fredag og kj\u00f8pte en helsides annonse i l\u00f8rdagens papirutgave av Bournemouth Echo for \u00e5 takke fansen til gamleklubben. Ghaneseren scoret vinnerm\u00e5let mot Tottenham i sin siste Bournemouth-kamp tidligere i uken.<\/p>\n<p>Semenyo fikk ogs\u00e5 juble med sine nye fans da han satte inn 6-0 etter 54 minutter. Etter 63 minutter ble den nye City-yndlingen byttet ut.<\/p>\n<p>Tijjani Reijnders, Nico O&#8217;Reilly og Ryan McAidoo ga Manchester City nim\u00e5lsledelse, f\u00f8r George Birch scoret et tr\u00f8stem\u00e5l p\u00e5 tampen for Exeter. Deretter s\u00f8rget Rico Lewis for tosifret antall scoringer for hjemmelaget, som vant 10-1 til slutt.<\/p>\n","protected":false},"excerpt":{"rendered":"MANCHESTER CITY-EXETER 10-1 Manchester City hadde f\u00e5 problemer med \u00e5 sl\u00e5 Exeter komfortabelt i FA Cupens 3. runde.&hellip;\n","protected":false},"author":2,"featured_media":134114,"comment_status":"","ping_status":"","sticky":false,"template":"","format":"standard","meta":{"footnotes":""},"categories":[59],"tags":[30,28,29,83,82],"class_list":{"0":"post-134113","1":"post","2":"type-post","3":"status-publish","4":"format-standard","5":"has-post-thumbnail","7":"category-sport","8":"tag-no","9":"tag-norge","10":"tag-norway","11":"tag-sport","12":"tag-sports"},"share_on_mastodon":{"url":"https:\/\/pubeurope.com\/@no\/115872474218888824","error":""},"_links":{"self":[{"href":"https:\/\/www.europesays.com\/no\/wp-json\/wp\/v2\/posts\/134113","targetHints":{"allow":["GET"]}}],"collection":[{"href":"https:\/\/www.europesays.com\/no\/wp-json\/wp\/v2\/posts"}],"about":[{"href":"https:\/\/www.europesays.com\/no\/wp-json\/wp\/v2\/types\/post"}],"author":[{"embeddable":true,"href":"https:\/\/www.europesays.com\/no\/wp-json\/wp\/v2\/users\/2"}],"replies":[{"embeddable":true,"href":"https:\/\/www.europesays.com\/no\/wp-json\/wp\/v2\/comments?post=134113"}],"version-history":[{"count":0,"href":"https:\/\/www.europesays.com\/no\/wp-json\/wp\/v2\/posts\/134113\/revisions"}],"wp:featuredmedia":[{"embeddable":true,"href":"https:\/\/www.europesays.com\/no\/wp-json\/wp\/v2\/media\/134114"}],"wp:attachment":[{"href":"https:\/\/www.europesays.com\/no\/wp-json\/wp\/v2\/media?parent=134113"}],"wp:term":[{"taxonomy":"category","embeddable":true,"href":"https:\/\/www.europesays.com\/no\/wp-json\/wp\/v2\/categories?post=134113"},{"taxonomy":"post_tag","embeddable":true,"href":"https:\/\/www.europesays.com\/no\/wp-json\/wp\/v2\/tags?post=134113"}],"curies":[{"name":"wp","href":"https:\/\/api.w.org\/{rel}","templated":true}]}}