{"id":134117,"date":"2026-01-10T19:44:00","date_gmt":"2026-01-10T19:44:00","guid":{"rendered":"https:\/\/www.europesays.com\/no\/134117\/"},"modified":"2026-01-10T19:44:00","modified_gmt":"2026-01-10T19:44:00","slug":"stort-av-stavrum-a-ga-ut-med-selvkritikk","status":"publish","type":"post","link":"https:\/\/www.europesays.com\/no\/134117\/","title":{"rendered":"\u2013 Stort av Stavrum \u00e5 g\u00e5 ut med selvkritikk"},"content":{"rendered":"<p>    Ni m\u00e5neder etter flengende journalistkritikk forteller Nettavisens ansvarlige redakt\u00f8r at han har innf\u00f8rt endringer. N\u00e5 f\u00e5r han honn\u00f8r fra journalisten som frontet kritikken.<\/p>\n<p>\n        Even Hye Barka fortalte om frustrasjon over blant annet tallfokus i Nettavisen.<br \/>\n        Foto: Nils Martin Silvola\n    <\/p>\n<p>Det er i et bredt intervju med bransjeavisa <a href=\"https:\/\/www.m24.no\/amedia-gunnar-stavrum-ledelse\/nettavisens-gunnar-stavrum-jeg-tar-selvkritikk-etter-journalist-opproret\/883079\" rel=\"nofollow noopener\" target=\"_blank\">Medier24<\/a> at Gunnar Stavrum, ansvarlig redakt\u00f8r i Nettavisen, erkjenner at kritikken som ble l\u00f8ftet fra journalisthold mot ledelsen i <a href=\"https:\/\/www.journalisten.no\/misnoye-i-nettavisen-journalister-mener-ledelsen-ma-endre-kurs\/640513\" rel=\"nofollow noopener\" target=\"_blank\">en Journalisten-artikkel<\/a> i fjor har f\u00f8rt til konkrete endringer.<\/p>\n<p>Journalisten kunne fortelle at resultater fra interne tilbakemeldinger ble oppsummert som \u00ablav opplevelse av tillit til ledelsen. Kritikk knyttet til mangel p\u00e5 \u00e5penhet, spesielt rundt l\u00e6ring fra feil. Informasjonen fra ledelsen ble oppfattet som utilstrekkelig, og mange ansatte etterspurte klarere strategier.\u00bb<\/p>\n<p class=\"font-weight-bold m-font-weight-bold\" data-lab-font_weight=\"font-weight-bold\">Dav\u00e6rende Nettavisen-journalist Even Hye T. Barka valgte \u00e5 st\u00e5 fram og fronte kritikken. Han mente \u00f8verste ledelses opptatthet av tall gikk p\u00e5 bekostning av fokus p\u00e5\u00a0metode, kvalitet og innhold.<\/p>\n<p>Etter f\u00f8rste publisering var Barka ogs\u00e5 kritisk til hvordan Stavrum <a href=\"https:\/\/www.journalisten.no\/nettavisen-journalisten-opplever-seg-uthengt-pa-allmote-far-ikke-se-opptak\/640899\" rel=\"nofollow noopener\" target=\"_blank\">h\u00e5ndterte kritikken internt<\/a>. F\u00e5 m\u00e5neder etterp\u00e5 forlot han redaksjonen, og gikk til jobb i NRK.<\/p>\n<p>        <a itemprop=\"url\" class=\"\" href=\"https:\/\/www.journalisten.no\/misnoye-i-nettavisen-journalister-mener-ledelsen-ma-endre-kurs\/640513\" data-k5a-url=\"https:\/\/www.journalisten.no\/a\/640513\" rel=\"nofollow noopener\" target=\"_blank\"><\/p>\n<p>\nBAKGRUNN:\n<\/p>\n<p>            Misn\u00f8ye i Nettavisen: Journalister mener ledelsen m\u00e5 endre kurs<\/p>\n<p>        <\/a><\/p>\n<p>Overfor Medier 24 erkjenner Stavrum at han ikke likte at kritikken ble uttrykt eksternt.\u00a0<\/p>\n<p class=\"font-weight-bold m-font-weight-bold\" data-lab-font_weight=\"font-weight-bold\">Men ogs\u00e5 at Barkas utspill har f\u00f8rt til konkrete endringer:<\/p>\n<p>\u2013 Jeg tror han hadde helt rett i at vi i ledelsen var for mye opptatt av tall. Og for lite opptatt av \u00e5 forst\u00e5 tallene og hva de gj\u00f8r med journalistikken. Dette har f\u00f8rt til at jeg har et m\u00f8te en gang i uka hvor jeg ikke skal nevne et eneste tall. Vi snakker bare om redaksjonelt innhold og vurderinger, sier Stavrum <a href=\"https:\/\/www.m24.no\/amedia-gunnar-stavrum-ledelse\/nettavisens-gunnar-stavrum-jeg-tar-selvkritikk-etter-journalist-opproret\/883079\" rel=\"nofollow noopener\" target=\"_blank\">i intervjuet<\/a>.<\/p>\n<p>Stort gjort, synes Barka, som sier han har hatt en fin samtale med Stavrum etter at intervjuet ble publisert fredag.<\/p>\n<p class=\"font-weight-bold m-font-weight-bold\" data-lab-font_weight=\"font-weight-bold\">\u2013 Jeg setter veldig stor pris p\u00e5 at han sier det han sier. Det er veldig stort av ham \u00e5 g\u00e5 ut og si at det er ting med min kritikk han kunne v\u00e6re enig i, og som jeg er trygg p\u00e5 at han har reflektert godt rundt.\u00a0<\/p>\n<p>Barka sier at han opplever at begge parter n\u00e5 legger saken mer bak seg, og understreker at han heier p\u00e5 Nettavisen.<\/p>\n<p>\u2013 For begge parter bunnet alt dette i engasjement for Nettavisen.\u00a0Avisen trengs i det norske mediemangfoldet, og Gunnar Stavrum skal ha stor skryt for \u00e5 ha gjort Nettavisen til den suksessen den p\u00e5 mange m\u00e5ter er. Jeg tar med meg veldig mye godt fra tiden min der. <\/p>\n<p class=\"italic m-italic\" data-lab-italic=\"italic\">\u2013 Hva tenker du om alt som skjedde og ble sagt for ni m\u00e5neder siden, n\u00e5 med situasjonen mer p\u00e5 avstand?<\/p>\n<p>\u2013 I lys av at det har kommet endringer, tenker jeg at det i stort var en god ting. Det er sikkert mye som kunne v\u00e6rt gjort annerledes, jeg har selv l\u00e6rt en masse av situasjonen, men m\u00e5let mitt var jo \u00e5 f\u00f8re til positiv endring for Nettavisen. Jeg tror dette blir kjempebra, avslutter Barka.<\/p>\n","protected":false},"excerpt":{"rendered":"Ni m\u00e5neder etter flengende journalistkritikk forteller Nettavisens ansvarlige redakt\u00f8r at han har innf\u00f8rt endringer. N\u00e5 f\u00e5r han honn\u00f8r&hellip;\n","protected":false},"author":2,"featured_media":134118,"comment_status":"","ping_status":"","sticky":false,"template":"","format":"standard","meta":{"footnotes":""},"categories":[12],"tags":[20,21,24,25,15,22,23,13,30,28,29,14,16,26,27,42,43,44,45],"class_list":{"0":"post-134117","1":"post","2":"type-post","3":"status-publish","4":"format-standard","5":"has-post-thumbnail","7":"category-verden","8":"tag-breaking-news","9":"tag-breakingnews","10":"tag-featured-news","11":"tag-featurednews","12":"tag-headlines","13":"tag-latest-news","14":"tag-latestnews","15":"tag-news","16":"tag-no","17":"tag-norge","18":"tag-norway","19":"tag-nyheter","20":"tag-overskrifter","21":"tag-top-stories","22":"tag-topstories","23":"tag-verden","24":"tag-world","25":"tag-world-news","26":"tag-worldnews"},"share_on_mastodon":{"url":"https:\/\/pubeurope.com\/@no\/115872521391517472","error":""},"_links":{"self":[{"href":"https:\/\/www.europesays.com\/no\/wp-json\/wp\/v2\/posts\/134117","targetHints":{"allow":["GET"]}}],"collection":[{"href":"https:\/\/www.europesays.com\/no\/wp-json\/wp\/v2\/posts"}],"about":[{"href":"https:\/\/www.europesays.com\/no\/wp-json\/wp\/v2\/types\/post"}],"author":[{"embeddable":true,"href":"https:\/\/www.europesays.com\/no\/wp-json\/wp\/v2\/users\/2"}],"replies":[{"embeddable":true,"href":"https:\/\/www.europesays.com\/no\/wp-json\/wp\/v2\/comments?post=134117"}],"version-history":[{"count":0,"href":"https:\/\/www.europesays.com\/no\/wp-json\/wp\/v2\/posts\/134117\/revisions"}],"wp:featuredmedia":[{"embeddable":true,"href":"https:\/\/www.europesays.com\/no\/wp-json\/wp\/v2\/media\/134118"}],"wp:attachment":[{"href":"https:\/\/www.europesays.com\/no\/wp-json\/wp\/v2\/media?parent=134117"}],"wp:term":[{"taxonomy":"category","embeddable":true,"href":"https:\/\/www.europesays.com\/no\/wp-json\/wp\/v2\/categories?post=134117"},{"taxonomy":"post_tag","embeddable":true,"href":"https:\/\/www.europesays.com\/no\/wp-json\/wp\/v2\/tags?post=134117"}],"curies":[{"name":"wp","href":"https:\/\/api.w.org\/{rel}","templated":true}]}}