{"id":134119,"date":"2026-01-10T19:48:12","date_gmt":"2026-01-10T19:48:12","guid":{"rendered":"https:\/\/www.europesays.com\/no\/134119\/"},"modified":"2026-01-10T19:48:12","modified_gmt":"2026-01-10T19:48:12","slug":"katie-price-skal-ha-dumpet-sin-15-ar-yngre-kjaereste-etter-to-ar","status":"publish","type":"post","link":"https:\/\/www.europesays.com\/no\/134119\/","title":{"rendered":"Katie Price skal ha dumpet sin 15 \u00e5r yngre kj\u00e6reste etter to \u00e5r"},"content":{"rendered":"<p class=\"kicker \" style=\"\">Katie Price:\u00a0<\/p>\n<p>    TV-stjernen skal v\u00e6re singel igjen etter \u00e5 ha dumpet sin 15 \u00e5r yngre kj\u00e6reste.<\/p>\n<p>\n    DUMPET HAM: If\u00f8lge kilder til Daily Mail skal Katie Price ha dumpet kj\u00e6resten John-Joe Slater. Foto: DW \/ Splash News \/ NTB\n  <\/p>\n<p id=\"text\" class=\"svelte-1bgec1z\">I samarbeid med<\/p>\n<p>     <img decoding=\"async\" src=\"https:\/\/www.europesays.com\/no\/wp-content\/uploads\/2025\/12\/fishermansFriend.png\" alt=\"kommersiell logo\" class=\"svelte-1bgec1z\"\/>          <\/p>\n<p>Den tidligere glamourmodellen Katie Price (47) har if\u00f8lge <a href=\"https:\/\/www.dailymail.co.uk\/tvshowbiz\/article-15449131\/katie-price-splits-married-sight-uk-star-jj-slater.html\" rel=\"nofollow noopener\" target=\"_blank\">Daily Mail<\/a> gjort det slutt med kj\u00e6resten John-Joe Slater\u00a0(32), ogs\u00e5 kjent som \u00abJJ\u00bb, etter nesten to \u00e5r sammen.<\/p>\n<p>    <a itemprop=\"url\" href=\"https:\/\/www.seher.no\/kjendis\/roper-sjokkbrudd\/84063952\" rel=\"nofollow noopener\" target=\"_blank\"><\/p>\n<p>        <img loading=\"lazy\" decoding=\"async\" src=\"https:\/\/www.europesays.com\/no\/wp-content\/uploads\/2026\/01\/1768074490_928_84064135.webp.webp\" width=\"147\" height=\"98\" title=\"R\u00f8per sjokkbrudd\" alt=\"\" class=\"lazyload\" style=\"--aspect-ratio-image: 1.50; \"\/><\/p>\n<p>        R\u00f8per sjokkbrudd<\/p>\n<p>    <\/a><\/p>\n<p> If\u00f8lge kilder til tabloidavisen skal det ha oppst\u00e5tt sprekker i forholdet de siste m\u00e5nedene, til tross for at Price insisterte p\u00e5 at alt var bra mellom dem.\u00a0<\/p>\n<p>        ROMANSERYKTER: Sondre Sundby har endelig f\u00e5tt seg kj\u00e6reste, men r\u00f8per at dama kan bli sjalu p\u00e5 forholdet hans til \u00abFarmen kjendis\u00bb-kollegaen. Reporter: Thea Hope\/Nora Skavhaug. Video: Sanne Holt\/ TV 2\/ R\u00f8d L\u00f8per<\/p>\n<p>Price skal ha innsett at hun ikke s\u00e5 en fremtid med den 15 \u00e5r yngre realitystjernen, som ogs\u00e5 har v\u00e6rt \u00e5 se i programmet \u00abMarried at First Sight UK\u00bb.\u00a0<\/p>\n<p class=\"font-weight-bold m-font-weight-bold\" data-lab-font_weight=\"font-weight-bold\">&#8211; Katie har hatt tvil en stund om JJ var ektemannsmateriale, men hun h\u00e5pet bekymringene ville forsvinne.\u00a0I stedet vokste frykten, og hun har n\u00e5 akseptert at forholdet ikke vil ende med at hun g\u00e5r ned kirkegulvet for fjerde gang, sier en kilde.<\/p>\n<p>        <img loading=\"lazy\" decoding=\"async\" src=\"https:\/\/www.europesays.com\/no\/wp-content\/uploads\/2026\/01\/84081794.webp.webp\" width=\"667\" height=\"454\" title=\"OVER: John-Joe Slater og Katie Price avbildet sammen p\u00e5 et arrangement i fjor. N\u00e5 skal forholdet v\u00e6re over. Foto: Ben Whitley \/ NTB\" alt=\"\" class=\"\" style=\"--aspect-ratio-image: 1.47; \"\/><\/p>\n<p>\n        OVER: John-Joe Slater og Katie Price avbildet sammen p\u00e5 et arrangement i fjor. N\u00e5 skal forholdet v\u00e6re over. Foto: Ben Whitley \/ NTB\n    <\/p>\n<p>Slater skal ha pakket sakene sine og flyttet tilbake til Essex.<\/p>\n<p class=\"font-weight-bold m-font-weight-bold\" data-lab-font_weight=\"font-weight-bold\">&#8211; Han s\u00e5 genuint en fremtid med Katie, men det virker som hun til slutt hadde et helt annet syn p\u00e5 saken, sier kilden.<\/p>\n<p>    <a itemprop=\"url\" href=\"https:\/\/www.seher.no\/kjendis\/het-flort-med-ny-mann\/84047399\" rel=\"nofollow noopener\" target=\"_blank\"><\/p>\n<p>        <img loading=\"lazy\" decoding=\"async\" src=\"https:\/\/www.europesays.com\/no\/wp-content\/uploads\/2026\/01\/1768074492_254_83903799.webp.webp\" width=\"147\" height=\"98\" title=\"Het fl\u00f8rt med ny mann\" alt=\"\" class=\"lazyload\" style=\"--aspect-ratio-image: 1.50; \"\/><\/p>\n<p>        Het fl\u00f8rt med ny mann<\/p>\n<p>    <\/a><\/p>\n<p class=\"italic m-italic\" data-lab-italic=\"italic\">Verken Price eller Slater har hittil uttalt seg om det angivelige bruddet.\u00a0<\/p>\n<p>De to begynte \u00e5 date i februar 2024, etter at Slater ble kjent fra \u00abMarried at First Sight UK\u00bb. Price snakket til og med om \u00e5 f\u00e5 barn sammen, men det ble aldri noe av.<\/p>\n<p>        NYSINGEL: Samantha Skogrand og kj\u00e6resten har gjort det slutt, slik har tiden v\u00e6rt etter bruddet. Video: Thea Hope.<\/p>\n<p>Price har v\u00e6rt gift tre ganger tidligere, blant annet med sangeren Peter Andre (52). Hun har fem barn fra tidligere forhold.<\/p>\n","protected":false},"excerpt":{"rendered":"Katie Price:\u00a0 TV-stjernen skal v\u00e6re singel igjen etter \u00e5 ha dumpet sin 15 \u00e5r yngre kj\u00e6reste. DUMPET HAM:&hellip;\n","protected":false},"author":2,"featured_media":134120,"comment_status":"","ping_status":"","sticky":false,"template":"","format":"standard","meta":{"footnotes":""},"categories":[58],"tags":[4085,71,15455,479,2543,30,28,29,5318,72],"class_list":{"0":"post-134119","1":"post","2":"type-post","3":"status-publish","4":"format-standard","5":"has-post-thumbnail","7":"category-underholdning","8":"tag-brudd","9":"tag-entertainment","10":"tag-katie-price","11":"tag-kjendis","12":"tag-kjendisdesken","13":"tag-no","14":"tag-norge","15":"tag-norway","16":"tag-singel","17":"tag-underholdning"},"share_on_mastodon":{"url":"https:\/\/pubeurope.com\/@no\/115872537243417291","error":""},"_links":{"self":[{"href":"https:\/\/www.europesays.com\/no\/wp-json\/wp\/v2\/posts\/134119","targetHints":{"allow":["GET"]}}],"collection":[{"href":"https:\/\/www.europesays.com\/no\/wp-json\/wp\/v2\/posts"}],"about":[{"href":"https:\/\/www.europesays.com\/no\/wp-json\/wp\/v2\/types\/post"}],"author":[{"embeddable":true,"href":"https:\/\/www.europesays.com\/no\/wp-json\/wp\/v2\/users\/2"}],"replies":[{"embeddable":true,"href":"https:\/\/www.europesays.com\/no\/wp-json\/wp\/v2\/comments?post=134119"}],"version-history":[{"count":0,"href":"https:\/\/www.europesays.com\/no\/wp-json\/wp\/v2\/posts\/134119\/revisions"}],"wp:featuredmedia":[{"embeddable":true,"href":"https:\/\/www.europesays.com\/no\/wp-json\/wp\/v2\/media\/134120"}],"wp:attachment":[{"href":"https:\/\/www.europesays.com\/no\/wp-json\/wp\/v2\/media?parent=134119"}],"wp:term":[{"taxonomy":"category","embeddable":true,"href":"https:\/\/www.europesays.com\/no\/wp-json\/wp\/v2\/categories?post=134119"},{"taxonomy":"post_tag","embeddable":true,"href":"https:\/\/www.europesays.com\/no\/wp-json\/wp\/v2\/tags?post=134119"}],"curies":[{"name":"wp","href":"https:\/\/api.w.org\/{rel}","templated":true}]}}