{"id":134125,"date":"2026-01-10T20:04:04","date_gmt":"2026-01-10T20:04:04","guid":{"rendered":"https:\/\/www.europesays.com\/no\/134125\/"},"modified":"2026-01-10T20:04:04","modified_gmt":"2026-01-10T20:04:04","slug":"ice-protester-i-minneapolis-tusenvis-har-mott-opp","status":"publish","type":"post","link":"https:\/\/www.europesays.com\/no\/134125\/","title":{"rendered":"ICE-protester i Minneapolis: Tusenvis har m\u00f8tt opp"},"content":{"rendered":"\n<p class=\"_paragraph_o9xde_4 _paragraph_xtcu6_10 layout-component text-serif-m layout-normal text-serif-m layout-padded\">L\u00f8rdag tar titusenvis til gatene i Powderhorn park i Minneapolis i delstaten Minnesota i protest mot migrasjonsmyndighetene ICEICEEn f\u00f8deral amerikansk etat som h\u00e5ndhever immigrasjons- og tollover, driver grensekontroll, etterforsker menneskehandel, og arresterer og deporterer illegale innvandrere.. <\/p>\n<p class=\"_paragraph_o9xde_4 _paragraph_xtcu6_10 layout-component text-serif-m layout-normal text-serif-m layout-padded\">VGs team er p\u00e5 plass i Minneapolis. <\/p>\n<p class=\"_paragraph_o9xde_4 _paragraph_xtcu6_10 layout-component text-serif-m layout-normal text-serif-m layout-padded\">Demonstrantene krever at <a href=\"https:\/\/www.vg.no\/tag\/ice?utm_source=vg-article&amp;utm_medium=auto-tagger&amp;utm_campaign=m0Brx0\" class=\"_link_o9xde_39\" rel=\"nofollow noopener\" target=\"_blank\">ICE<\/a> forsvinner fra Minnesota og at migranter beskyttes. Politiet har p\u00e5 forh\u00e5nd varslet at de forventer over 25.000 oppm\u00f8tte. <\/p>\n<p class=\"_paragraph_o9xde_4 _paragraph_xtcu6_10 layout-component text-serif-m layout-normal text-serif-m layout-padded\">Sikkerheten er h\u00f8y. Lokalt politi og ICE-agenter er til stede, og president Donald Trump har sendt forsterkninger fra grensepolitiet til Minneapolis.<\/p>\n<p>En krutt\u00f8nne<\/p>\n<p class=\"_paragraph_o9xde_4 _paragraph_xtcu6_10 layout-component text-serif-m layout-normal text-serif-m layout-padded\">Protestene er en reaksjon p\u00e5 drapet p\u00e5 <a href=\"https:\/\/www.vg.no\/nyheter\/i\/Arlzv3\/renee-nicole-good-ble-drept-av-ice-agent-i-minnesota?utm_source=sdrn%3Avg%3Aarticle%3AV6qqy6&amp;utm_medium=Link&amp;utm_content=link%3AArlzv3\" data-track-element-type=\"Link\" data-track-id=\"link:Arlzv3\" class=\"_link_o9xde_39\" rel=\"nofollow noopener\" target=\"_blank\">trebarnsmoren Renee Nicole Good (37)<\/a>, som onsdag ble skutt av en ICE-agent i Minneapolis. <\/p>\n<p><img alt=\"Renee Nicole Good ble drept.  Foto: Sosiale medier\" class=\"_image_qp4xg_65 layout-component layout-normal\" data-fullscreen- data-track-element-type=\"Article image fullscreen\" data-track-name=\"ImageFullscreen\" decoding=\"async\" loading=\"lazy\" height=\"699\" itemprop=\"image\"  src=\"https:\/\/www.europesays.com\/no\/wp-content\/uploads\/2026\/01\/a6ebcb75-62c4-40e8-8a30-d4549dabfe4e.jpeg\"  style=\"object-position:0% 0%\" width=\"947\"\/>Renee Nicole Good ble drept.  Foto: Sosiale medier<\/p>\n<p class=\"_paragraph_o9xde_4 _paragraph_xtcu6_10 layout-component text-serif-m layout-normal text-serif-m layout-padded\">Drapet skjedde p\u00e5 et symbolsk sted, bare en dr\u00f8y kilometer fra der afroamerikanske Georg Floyd ble lagt i bakken og <a href=\"https:\/\/www.vg.no\/nyheter\/i\/qA4e6O\/drapet-paa-george-floyd-derek-chauvin-kjent-skyldig\" data-track-element-type=\"Link\" data-track-id=\"link:qA4e6O\" class=\"_link_o9xde_39\" rel=\"nofollow noopener\" target=\"_blank\">drept av en hvit politimann<\/a> i 2020. Floyd-drapet utl\u00f8ste Black Lives Matter-protestene.<\/p>\n<p class=\"_paragraph_o9xde_4 _paragraph_xtcu6_10 layout-component text-serif-m layout-normal text-serif-m layout-padded\"><strong class=\"_strong_o9xde_25\">N\u00e5 er USA nok en gang blitt forvandlet til en krutt\u00f8nne. <\/strong><\/p>\n<p class=\"_paragraph_o9xde_4 _paragraph_xtcu6_10 layout-component text-serif-m layout-normal text-serif-m layout-padded\">President Trump har siden januar sendt ICE ut for \u00e5 arrestere og massedeportere innvandrere uten lovlig opphold. Aksjonene har skapt enorm debatt, og ICE anklages for \u00e5 vilk\u00e5rlig arrestere folk uten rulleblad og at etaten har f\u00e5tt helt frie t\u00f8yler. <\/p>\n<p>Nasjonalgarden i beredskap<\/p>\n<p class=\"_paragraph_o9xde_4 _paragraph_xtcu6_10 layout-component text-serif-m layout-normal text-serif-m layout-padded\">Minnesota-guvern\u00f8r Tim Walz, en kjent opposisjonspolitiker, har anmodet befolkningen om \u00e5 holde seg rolig og unng\u00e5 kontrontasjon. Frykten er at Trump-administrasjonen kan bruke protestene som politisk v\u00e5pen og p\u00e5skudd for \u00e5 sende inn enda flere styrker.<\/p>\n<p class=\"_paragraph_o9xde_4 _paragraph_xtcu6_10 layout-component text-serif-m layout-normal text-serif-m layout-padded\">Likefullt har Walz beordret nasjonalgarden til \u00e5 st\u00e5 klare, i tilfelle protestene skulle eskalere til voldelige sammenst\u00f8t.<\/p>\n<p class=\"_paragraph_o9xde_4 _paragraph_xtcu6_10 layout-component text-serif-m layout-normal text-serif-m layout-padded\">Onsdag arrangeres det over tusen ICE-protester i byer over hele landet.<\/p>\n<p>Kampen om sannheten<\/p>\n<p class=\"_paragraph_o9xde_4 _paragraph_xtcu6_10 layout-component text-serif-m layout-normal text-serif-m layout-padded\">Videoer av det som skjedde har spredt seg over hele verden, og skaper sterke reaksjoner. <\/p>\n<p class=\"_paragraph_o9xde_4 _paragraph_xtcu6_10 layout-component text-serif-m layout-normal text-serif-m layout-padded\">Hva var det egentlig som skjedde i de avgj\u00f8rende minuttene f\u00f8r Good ble drept?<\/p>\n<p class=\"_paragraph_o9xde_4 _paragraph_xtcu6_10 layout-component text-serif-m layout-normal text-serif-m layout-padded\">I det sv\u00e6rt splittede USA finnes det totalt ulike oppfatninger av det, og mye handler om hvor man st\u00e5r politisk.<\/p>\n<ul class=\"_list_o9xde_3 _list_xtcu6_9 _unordered_o9xde_106 layout-component text-serif-m layout-normal text-serif-m layout-padded\">\n<li class=\"_item_o9xde_30\">President Donald Trump og hans administrasjon er klokkeklare: De hevder at Good fors\u00f8kte \u00e5 kj\u00f8re over ICE-agenten og at han handlet i selvforsvar. USAs sikkerhetsminister Kristi Noem har kalt det som skjedde \u00aben nasjonal terrorhandling\u00bb.<\/li>\n<\/ul>\n<p><img decoding=\"async\" alt=\"Bilde av Kristi Noem\" class=\"_image_ygndg_42\" height=\"27\" itemprop=\"image\" loading=\"lazy\"  src=\"https:\/\/www.europesays.com\/no\/wp-content\/uploads\/2026\/01\/6144af8d-9486-4ab5-8db5-b3677b2acf2a.jpeg\"  width=\"40\"\/><strong class=\"_name_ygndg_51 title-serif-xs\">Kristi Noem<\/strong><\/p>\n<p class=\"_paragraph_o9xde_4 text-sans-m _description_ygndg_56\">Sikkerhetsminister<\/p>\n<ul class=\"_list_o9xde_3 _list_xtcu6_9 _unordered_o9xde_106 layout-component text-serif-m layout-normal text-serif-m layout-padded\">\n<li class=\"_item_o9xde_30\">Opposisjonen og de lokale myndighetene i Minnesota, advarer: \u00abIkke g\u00e5 p\u00e5 limpinnen\u00bb. Guvern\u00f8r Walz avviser p\u00e5standene om selvforsvar og kaller det propaganda. Han anklager Trump for \u00e5 fors\u00f8ke \u00e5 dekke over sannheten. <\/li>\n<\/ul>\n<p><img decoding=\"async\" alt=\"Bilde av Tim Walz \" class=\"_image_ygndg_42\" height=\"27\" itemprop=\"image\" loading=\"lazy\"  src=\"https:\/\/www.europesays.com\/no\/wp-content\/uploads\/2026\/01\/e5e47e00-3fd0-4817-8aa3-f53c8db3086b.jpeg\"  width=\"40\"\/><strong class=\"_name_ygndg_51 title-serif-xs\">Tim Walz <\/strong><\/p>\n<p class=\"_paragraph_o9xde_4 text-sans-m _description_ygndg_56\">Minnesota-guvern\u00f8r<\/p>\n<p>Nekter \u00e5 samarbeide<\/p>\n<p class=\"_paragraph_o9xde_4 _paragraph_xtcu6_10 layout-component text-serif-m layout-normal text-serif-m layout-padded\">FBI har startet en etterforskning av saken. FBI nekter \u00e5 samarbeide med Minnesota-politiet om etterforskningen, og vil ikke dele bevis, vitner eller informasjon. De skal allerede ha fjernet Goods bil f\u00f8r delstatens etterforskningsteam kom p\u00e5 plass. <\/p>\n<p class=\"_paragraph_o9xde_4 _paragraph_xtcu6_10 layout-component text-serif-m layout-normal text-serif-m layout-padded\">\u00c5rsaken skal v\u00e6re at FBI og Trump ikke stoler p\u00e5 det lokale politiet, og at de fykter at ICE-agentene vil bli uthengt, if\u00f8lge <a href=\"https:\/\/www.cnn.com\/2026\/01\/09\/politics\/investigation-minneapolis-ice-shooting-deviates-police-shooting-playbook\" class=\"_link_o9xde_39\" rel=\"nofollow noopener\" target=\"_blank\">CNNs<\/a> kilder. FBI-direkt\u00f8ren er utnevnt av Trump og presidenten har stor innflytelse p\u00e5 etaten. <\/p>\n<p class=\"_paragraph_o9xde_4 _paragraph_xtcu6_10 layout-component text-serif-m layout-normal text-serif-m layout-padded\">Mistilliten mellom det f\u00f8derale politiet og delstatspolitiet skal v\u00e6re gjensidig, og skaper dyp uro. N\u00e5 frykter Minnesotas folkevalgte at etterforskningen ikke vil bli uhildet og rettferdig. Det lokale politiet har derfor bestemt seg for \u00e5 starte en selvstendig etterforskning, melder <a href=\"https:\/\/www.washingtonpost.com\/nation\/2026\/01\/09\/minnesota-ice-shooting-investigation-fbi\/\" class=\"_link_o9xde_39\" rel=\"nofollow noopener\" target=\"_blank\">Washington Post<\/a>. <\/p>\n<p>Hadde p\u00e5 seg fl\u00f8yte<\/p>\n<p class=\"_paragraph_o9xde_4 _paragraph_xtcu6_10 layout-component text-serif-m layout-normal text-serif-m layout-padded\">Renee Nicole Good var en prisvinnende poet og hadde nylig flyttet til byen sammen med kona Becca Good.<\/p>\n<p class=\"_paragraph_o9xde_4 _paragraph_xtcu6_10 layout-component text-serif-m layout-normal text-serif-m layout-padded\">Dagen hun ble drept, hadde Good levert sin seks \u00e5r gamle s\u00f8nn p\u00e5 skolen. Hun og kona m\u00f8tte p\u00e5 en gruppe ICE-agenter i en gate bare noen kvartaler fra der de bodde.<\/p>\n<p class=\"_paragraph_o9xde_4 _paragraph_xtcu6_10 layout-component text-serif-m layout-normal text-serif-m layout-padded\">Paret var aktivister mot ICE og skal ha deltatt i nabolagsaksjoner der sivile varlser n\u00e5r ICE kommer for \u00e5 anholde migranter, for \u00e5 beskytte migrantene.<\/p>\n<p class=\"_paragraph_o9xde_4 _paragraph_xtcu6_10 layout-component text-serif-m layout-normal text-serif-m layout-padded\">Kona hadde en fl\u00f8yte rundt halsen, som er blitt et symbol p\u00e5 disse aksjonene landet over. N\u00e5r noen bl\u00e5ser i fl\u00f8yten, ved nabolaget at de s\u00e5kalte \u00abrapid response groups\u00bb har kommet over en ICE-operasjon.<\/p>\n<p class=\"_paragraph_o9xde_4 _paragraph_xtcu6_10 layout-component text-serif-m layout-normal text-serif-m layout-padded\"><a href=\"https:\/\/www.vg.no\/nyheter\/i\/vgE4kw\/byen-i-krig-med-ice\" data-track-element-type=\"Link\" data-track-id=\"link:vgE4kw\" class=\"_link_o9xde_39\" rel=\"nofollow noopener\" target=\"_blank\"><strong class=\"_strong_o9xde_25\">VG var med ut p\u00e5 en slik aksjon i Chicago. Les historien her.<\/strong><\/a><\/p>\n<p class=\"_paragraph_o9xde_4 _paragraph_xtcu6_10 layout-component text-serif-m layout-normal text-serif-m layout-padded\">\u2013 Vi stoppet for \u00e5 st\u00f8tte naboene v\u00e5re. Vi hadde fl\u00f8yter. De hadde v\u00e5pen, har Becca Good uttalt etter drapet p\u00e5 kona. <\/p>\n<p>Dette er det vi vet<\/p>\n<p class=\"_paragraph_o9xde_4 _paragraph_xtcu6_10 layout-component text-serif-m layout-normal text-serif-m layout-padded\">De ulike videoene som verserer av drapet, gir et innblikk i hva som skjedde de skjerbnesvangre minuttene. <\/p>\n<p class=\"_paragraph_o9xde_4 _paragraph_xtcu6_10 layout-component text-serif-m layout-normal text-serif-m layout-padded\">P\u00e5 den ene videoen, som er filmet av ICE-agenten som utl\u00f8ste skuddene, ser man at Good snakker til ICE-agenten. Hun sier \u00abthat\u2019s fine, dude, I\u2019m not mad at you\u00bb. <\/p>\n<p class=\"_paragraph_o9xde_4 _paragraph_xtcu6_10 layout-component text-serif-m layout-normal text-serif-m layout-padded\"><strong class=\"_strong_o9xde_25\">Dette vet vi om ICE-agenten: <\/strong><a href=\"https:\/\/www.vg.no\/nyheter\/i\/V6q1v4\/ice-agent-som-drepte-amerikansk-kvinne-er-krigsveteran\" data-track-element-type=\"Link\" data-track-id=\"link:V6q1v4\" class=\"_link_o9xde_39\" rel=\"nofollow noopener\" target=\"_blank\">Krigsveteran som var i ulykke i juni<\/a><\/p>\n<p class=\"_paragraph_o9xde_4 _paragraph_xtcu6_10 layout-component text-serif-m layout-normal text-serif-m layout-padded\">37-\u00e5ringen sitter alene i bilen, mens kona har en konfrontasjon med ICE, samtidig som hun filmer dem. ICE beordrer Good ut av bilen, men hun blir sittende.<\/p>\n<p class=\"_paragraph_o9xde_4 _paragraph_xtcu6_10 layout-component text-serif-m layout-normal text-serif-m layout-padded\">ICE-agenten som filmer, runder hj\u00f8rnet p\u00e5 fronten av bilen, og Good begynner \u00e5 rygge. <\/p>\n<p class=\"_paragraph_o9xde_4 _paragraph_xtcu6_10 layout-component text-serif-m layout-normal text-serif-m layout-padded\">S\u00e5 h\u00f8res skuddene. Rett etterp\u00e5 sier en av ICE-agentene: \u00abFucking bitch\u00bb.<\/p>\n","protected":false},"excerpt":{"rendered":"L\u00f8rdag tar titusenvis til gatene i Powderhorn park i Minneapolis i delstaten Minnesota i protest mot migrasjonsmyndighetene ICEICEEn&hellip;\n","protected":false},"author":2,"featured_media":134126,"comment_status":"","ping_status":"","sticky":false,"template":"","format":"standard","meta":{"footnotes":""},"categories":[5],"tags":[20,21,55,24,25,15,19,6887,22,23,17,18,2119,13,30,28,29,14,16,26,27],"class_list":{"0":"post-134125","1":"post","2":"type-post","3":"status-publish","4":"format-standard","5":"has-post-thumbnail","7":"category-overskrifter","8":"tag-breaking-news","9":"tag-breakingnews","10":"tag-donald-trump","11":"tag-featured-news","12":"tag-featurednews","13":"tag-headlines","14":"tag-hovedoppslag","15":"tag-ice-immigration-and-customs-enforcement","16":"tag-latest-news","17":"tag-latestnews","18":"tag-main-news","19":"tag-mainnews","20":"tag-minnesota","21":"tag-news","22":"tag-no","23":"tag-norge","24":"tag-norway","25":"tag-nyheter","26":"tag-overskrifter","27":"tag-top-stories","28":"tag-topstories"},"share_on_mastodon":{"url":"https:\/\/pubeurope.com\/@no\/115872600099105369","error":""},"_links":{"self":[{"href":"https:\/\/www.europesays.com\/no\/wp-json\/wp\/v2\/posts\/134125","targetHints":{"allow":["GET"]}}],"collection":[{"href":"https:\/\/www.europesays.com\/no\/wp-json\/wp\/v2\/posts"}],"about":[{"href":"https:\/\/www.europesays.com\/no\/wp-json\/wp\/v2\/types\/post"}],"author":[{"embeddable":true,"href":"https:\/\/www.europesays.com\/no\/wp-json\/wp\/v2\/users\/2"}],"replies":[{"embeddable":true,"href":"https:\/\/www.europesays.com\/no\/wp-json\/wp\/v2\/comments?post=134125"}],"version-history":[{"count":0,"href":"https:\/\/www.europesays.com\/no\/wp-json\/wp\/v2\/posts\/134125\/revisions"}],"wp:featuredmedia":[{"embeddable":true,"href":"https:\/\/www.europesays.com\/no\/wp-json\/wp\/v2\/media\/134126"}],"wp:attachment":[{"href":"https:\/\/www.europesays.com\/no\/wp-json\/wp\/v2\/media?parent=134125"}],"wp:term":[{"taxonomy":"category","embeddable":true,"href":"https:\/\/www.europesays.com\/no\/wp-json\/wp\/v2\/categories?post=134125"},{"taxonomy":"post_tag","embeddable":true,"href":"https:\/\/www.europesays.com\/no\/wp-json\/wp\/v2\/tags?post=134125"}],"curies":[{"name":"wp","href":"https:\/\/api.w.org\/{rel}","templated":true}]}}