{"id":134127,"date":"2026-01-10T20:09:08","date_gmt":"2026-01-10T20:09:08","guid":{"rendered":"https:\/\/www.europesays.com\/no\/134127\/"},"modified":"2026-01-10T20:09:08","modified_gmt":"2026-01-10T20:09:08","slug":"utenlandske-tenaringer-har-gatt-seg-vill-pa-gaustatoppen","status":"publish","type":"post","link":"https:\/\/www.europesays.com\/no\/134127\/","title":{"rendered":"Utenlandske ten\u00e5ringer har g\u00e5tt seg vill p\u00e5 Gaustatoppen"},"content":{"rendered":"<p class=\"extendedContent hyperion-css-eyn926\" data-test-tag=\"lead-text\">N\u00f8detatene har satt i gang redningsaksjon. Redningshelikopter er p\u00e5 vei.<\/p>\n<p><img decoding=\"async\" class=\"image-asset hyperion-css-u06ts1\" data-test-tag=\"image-asset\" src=\"https:\/\/www.europesays.com\/no\/wp-content\/uploads\/2026\/01\/a4cad050-b0aa-4388-a79d-c234e78cccd9.jpeg\"  alt=\"N\u00f8detater p\u00e5 stedet p\u00e5 Gaustatoppen.\"  loading=\"eager\" fetchpriority=\"high\" style=\"aspect-ratio:1920 \/ 1080\"\/>N\u00f8detater p\u00e5 stedet p\u00e5 Gaustatoppen. Foto: Skjermdump, webkamera p\u00e5 Gaustatoppen<\/p>\n<p class=\"paywall hyperion-css-1j42uic\">Klokken 19.01 begynte n\u00f8detatene redningsaksjon for \u00e5 hente et utenlandsk turf\u00f8lge p\u00e5 Gaustatoppen.<\/p>\n<p class=\"paywall hyperion-css-1j42uic\">\u2013 De har g\u00e5tt seg vill og kommer ikke ned, skriver operasjonsleder Sigurd Edvardsen i en melding til pressen.<\/p>\n<p class=\"paywall hyperion-css-1j42uic\">Klokken 20.16 skriver politiet at redningshelikopter har lokalisert turf\u00f8lget, og at det jobbes med \u00e5 heise dem ut av terrenget. Frivillig mannskap er ogs\u00e5 i ferd med \u00e5 ta seg opp Gaustabanen. <\/p>\n<p class=\"paywall hyperion-css-1j42uic\">Turf\u00f8lget best\u00e5r av fem ten\u00e5ringsgutter, og de skal ikke v\u00e6re kledd for v\u00e6ret. If\u00f8lge <a aria-label=\"Yr.no\" class=\"breaking-short hyperion-css-1raymq9\" href=\"https:\/\/www.yr.no\/nb\/v\u00e6rvarsel\/daglig-tabell\/5-31970\/Norge\/Telemark\/Tinn\/Gaustatoppen\" target=\"_blank\" rel=\"noopener nofollow noreferrer\" data-test-tag=\"external-link\">Yr.no<\/a> er det mellom 21 og 24 minusgrader der n\u00e5. Temperaturen f\u00f8les p\u00e5 det kaldeste som minus 32 grader if\u00f8lge v\u00e6rtjenesten.<\/p>\n<p class=\"paywall hyperion-css-1j42uic\">Det jobbes med \u00e5 kalle ut FORFFORFFrivilloge organisasjoners redningsfaglige forum for \u00e5 bist\u00e5 i oppdraget, skriver politiet.<\/p>\n","protected":false},"excerpt":{"rendered":"N\u00f8detatene har satt i gang redningsaksjon. Redningshelikopter er p\u00e5 vei. N\u00f8detater p\u00e5 stedet p\u00e5 Gaustatoppen. Foto: Skjermdump, webkamera&hellip;\n","protected":false},"author":2,"featured_media":134128,"comment_status":"","ping_status":"","sticky":false,"template":"","format":"standard","meta":{"footnotes":""},"categories":[12],"tags":[20,21,24,25,15,22,23,13,30,28,29,14,16,26,27,42,43,44,45],"class_list":{"0":"post-134127","1":"post","2":"type-post","3":"status-publish","4":"format-standard","5":"has-post-thumbnail","7":"category-verden","8":"tag-breaking-news","9":"tag-breakingnews","10":"tag-featured-news","11":"tag-featurednews","12":"tag-headlines","13":"tag-latest-news","14":"tag-latestnews","15":"tag-news","16":"tag-no","17":"tag-norge","18":"tag-norway","19":"tag-nyheter","20":"tag-overskrifter","21":"tag-top-stories","22":"tag-topstories","23":"tag-verden","24":"tag-world","25":"tag-world-news","26":"tag-worldnews"},"share_on_mastodon":{"url":"https:\/\/pubeurope.com\/@no\/115872620026878457","error":""},"_links":{"self":[{"href":"https:\/\/www.europesays.com\/no\/wp-json\/wp\/v2\/posts\/134127","targetHints":{"allow":["GET"]}}],"collection":[{"href":"https:\/\/www.europesays.com\/no\/wp-json\/wp\/v2\/posts"}],"about":[{"href":"https:\/\/www.europesays.com\/no\/wp-json\/wp\/v2\/types\/post"}],"author":[{"embeddable":true,"href":"https:\/\/www.europesays.com\/no\/wp-json\/wp\/v2\/users\/2"}],"replies":[{"embeddable":true,"href":"https:\/\/www.europesays.com\/no\/wp-json\/wp\/v2\/comments?post=134127"}],"version-history":[{"count":0,"href":"https:\/\/www.europesays.com\/no\/wp-json\/wp\/v2\/posts\/134127\/revisions"}],"wp:featuredmedia":[{"embeddable":true,"href":"https:\/\/www.europesays.com\/no\/wp-json\/wp\/v2\/media\/134128"}],"wp:attachment":[{"href":"https:\/\/www.europesays.com\/no\/wp-json\/wp\/v2\/media?parent=134127"}],"wp:term":[{"taxonomy":"category","embeddable":true,"href":"https:\/\/www.europesays.com\/no\/wp-json\/wp\/v2\/categories?post=134127"},{"taxonomy":"post_tag","embeddable":true,"href":"https:\/\/www.europesays.com\/no\/wp-json\/wp\/v2\/tags?post=134127"}],"curies":[{"name":"wp","href":"https:\/\/api.w.org\/{rel}","templated":true}]}}