{"id":134131,"date":"2026-01-10T20:11:08","date_gmt":"2026-01-10T20:11:08","guid":{"rendered":"https:\/\/www.europesays.com\/no\/134131\/"},"modified":"2026-01-10T20:11:08","modified_gmt":"2026-01-10T20:11:08","slug":"vi-anmelder-lat-for-lat-dagbladet","status":"publish","type":"post","link":"https:\/\/www.europesays.com\/no\/134131\/","title":{"rendered":"Vi anmelder l\u00e5t for l\u00e5t &#8211; Dagbladet"},"content":{"rendered":"<ol>\n<li><a href=\"https:\/\/news.google.com\/rss\/articles\/CBMic0FVX3lxTFBlbHQtWGI2YkttSG9kN0MtS0JibkJ5eUxFeW13QldJbGMtVUo2eGZNRnB0UFg4QVYybDdtU1pTSHhHblVlYkdLWGt6d1dPTzFtYkplQW9SSVpKUC1ia19lMXdVUnp1dG1fWXJIczE1eGg1cGc?oc=5\" target=\"_blank\" rel=\"nofollow noopener\">Vi anmelder l\u00e5t for l\u00e5t<\/a>&nbsp;&nbsp;Dagbladet<\/li>\n<li><a href=\"https:\/\/news.google.com\/rss\/articles\/CBMigwFBVV95cUxQNFhzUGdFQjBtUC1Pc1RHWm1ONHdIMVV0SzlhNzFhY3VQSHFVX0tCMWp6ZEo3di1tc2ZLT1gyUkg1TzdiV1V0Z1RjRFJrdVNqdTV6SFpRMmtKZ3hqWEhXUmkxOG01dXBjY2t4a25MRzdkUDJyVjBSUl9fTldYX1hTNVlxQQ?oc=5\" target=\"_blank\" rel=\"nofollow noopener\">Marit Larsens kveld i \u00abHver gang vi m\u00f8tes\u00bb: Se terningkast<\/a>&nbsp;&nbsp;VG<\/li>\n<li><a href=\"https:\/\/news.google.com\/rss\/articles\/CBMilwFBVV95cUxQWDJnVHlPcEZINW1vckg1Q1REbkc2WXpMY3BDa0VacG1hYldqUTJQbjNDcWl6cE4zTGc0bmhXd0d3Z2ZiTjBSaEJJRFRGMDVnencxbmtzWTJkYk1jR3h0RFliejZXT0tFM0UzRHd2Wm5yaGR2MExzLVRrcENfMjgzQThFQmN3bDNpVklpb3hEYldpNnhDOTZN?oc=5\" target=\"_blank\" rel=\"nofollow noopener\">Suksessen drev de fra hverandre: \u2013 Vi var sjansel\u00f8se<\/a>&nbsp;&nbsp;TV2.no<\/li>\n<li><a href=\"https:\/\/news.google.com\/rss\/articles\/CBMieEFVX3lxTE1qTWljdDUwYVVUYVh6Q05PQzNRNzRwRWJfNm5oS1M0NnVDbVNRS0YzTWhlOGVLVjhqLWVKYTN2c05tdkQ1NlB4Ym1SZUZ1b2hvRVVWakNSU241NzZaUG0wS00ydHNzQWItdjlSdl8yOHdtRjZWMWNjdw?oc=5\" target=\"_blank\" rel=\"nofollow noopener\">Hver gang vi m\u00f8tes, Marit Larsen | \u2013 Det er f\u00e5 som har f\u00e5tt komme s\u00e5 n\u00e6rt<\/a>&nbsp;&nbsp;Romerikes Blad<\/li>\n<li><a href=\"https:\/\/news.google.com\/rss\/articles\/CBMisAFBVV95cUxQUTFhUTlNWUV3ME9VYnVUN2RLZFc0ZmdTQy1NT3RVbVFMQndJSzB0Z05FZlpucW1rMEtUNGRjdmJqN29wQUM5SnVwOHQ4LVk4OVlwdnBlNXRmY29Rb2dRZTkxX2dNZm5TZFhadHBBRlIxeEdqb2tsaGhRWm9tc3RIU0VOVTFmN1BSUllKTGZpYldzMG9OaWpEaURqZDFDT0lBLWM5OEtiYUVCTWd1c1Z5LQ?oc=5\" target=\"_blank\" rel=\"nofollow noopener\">Hyller Marit Larsen p\u00e5 Jevnaker: \u2013 Det har v\u00e6rt s\u00e5 mye undertrykte lengsler<\/a>&nbsp;&nbsp;Ringerikes Blad<\/li>\n<\/ol>\n","protected":false},"excerpt":{"rendered":"Vi anmelder l\u00e5t for l\u00e5t&nbsp;&nbsp;Dagbladet Marit Larsens kveld i \u00abHver gang vi m\u00f8tes\u00bb: Se terningkast&nbsp;&nbsp;VG Suksessen drev de&hellip;\n","protected":false},"author":2,"featured_media":134132,"comment_status":"","ping_status":"","sticky":false,"template":"","format":"standard","meta":{"footnotes":""},"categories":[5],"tags":[4242,20,21,1875,24,25,15,4239,19,14965,479,2543,22,23,17,18,4241,4240,4244,13,30,28,29,14,16,15456,1363,26,27,207,1130],"class_list":{"0":"post-134131","1":"post","2":"type-post","3":"status-publish","4":"format-standard","5":"has-post-thumbnail","7":"category-overskrifter","8":"tag-andre-jensen","9":"tag-breaking-news","10":"tag-breakingnews","11":"tag-espen-lind","12":"tag-featured-news","13":"tag-featurednews","14":"tag-headlines","15":"tag-herborg-krakevik","16":"tag-hovedoppslag","17":"tag-hver-gang-vi-motes-2026","18":"tag-kjendis","19":"tag-kjendisdesken","20":"tag-latest-news","21":"tag-latestnews","22":"tag-main-news","23":"tag-mainnews","24":"tag-marcus-martinus","25":"tag-marit-larsen","26":"tag-musti","27":"tag-news","28":"tag-no","29":"tag-norge","30":"tag-norway","31":"tag-nyheter","32":"tag-overskrifter","33":"tag-oyvind-ronning","34":"tag-synne-vo","35":"tag-top-stories","36":"tag-topstories","37":"tag-tv","38":"tag-tv2"},"share_on_mastodon":{"url":"https:\/\/pubeurope.com\/@no\/115872627655587774","error":""},"_links":{"self":[{"href":"https:\/\/www.europesays.com\/no\/wp-json\/wp\/v2\/posts\/134131","targetHints":{"allow":["GET"]}}],"collection":[{"href":"https:\/\/www.europesays.com\/no\/wp-json\/wp\/v2\/posts"}],"about":[{"href":"https:\/\/www.europesays.com\/no\/wp-json\/wp\/v2\/types\/post"}],"author":[{"embeddable":true,"href":"https:\/\/www.europesays.com\/no\/wp-json\/wp\/v2\/users\/2"}],"replies":[{"embeddable":true,"href":"https:\/\/www.europesays.com\/no\/wp-json\/wp\/v2\/comments?post=134131"}],"version-history":[{"count":0,"href":"https:\/\/www.europesays.com\/no\/wp-json\/wp\/v2\/posts\/134131\/revisions"}],"wp:featuredmedia":[{"embeddable":true,"href":"https:\/\/www.europesays.com\/no\/wp-json\/wp\/v2\/media\/134132"}],"wp:attachment":[{"href":"https:\/\/www.europesays.com\/no\/wp-json\/wp\/v2\/media?parent=134131"}],"wp:term":[{"taxonomy":"category","embeddable":true,"href":"https:\/\/www.europesays.com\/no\/wp-json\/wp\/v2\/categories?post=134131"},{"taxonomy":"post_tag","embeddable":true,"href":"https:\/\/www.europesays.com\/no\/wp-json\/wp\/v2\/tags?post=134131"}],"curies":[{"name":"wp","href":"https:\/\/api.w.org\/{rel}","templated":true}]}}