{"id":134133,"date":"2026-01-10T20:12:14","date_gmt":"2026-01-10T20:12:14","guid":{"rendered":"https:\/\/www.europesays.com\/no\/134133\/"},"modified":"2026-01-10T20:12:14","modified_gmt":"2026-01-10T20:12:14","slug":"sterkt-resultat-mot-dansk-storlag-brann","status":"publish","type":"post","link":"https:\/\/www.europesays.com\/no\/134133\/","title":{"rendered":"Sterkt resultat mot dansk storlag \/ Brann"},"content":{"rendered":"<p>Badet i sol p\u00e5 den spanske solkysten ble kampen mellom Brann og FC K\u00f8benhavn sparket i gang foran et par hundre tilskuere.\u00a0<\/p>\n<p>Og fem minutter inn i kampen hadde Brann en god mulighet til \u00e5 g\u00e5 i ledelsen da Markus Haaland ble spilt gjennom. Men b\u00e5de p\u00e5 hans fors\u00f8k og returen ble avslutningene blokkert av det danske forsvaret.\u00a0<\/p>\n<p>Til \u00e5 v\u00e6re en treningskamp i starten av januar var det h\u00f8y intensitet og tempo p\u00e5 banen fra begge lag.\u00a0<\/p>\n<p>31 minutter p\u00e5 klokken og dagens f\u00f8rste ball l\u00e5 i nettet. Noah Holm vant ballen h\u00f8yt og spilte fri Markus Haaland, som lobbet ballen over keeper og i m\u00e5l. Dessverre var assistentdommer oppe med flagget og det bli ikke scoring.\u00a0<\/p>\n<p>Like f\u00f8r halvtimen ble n\u00e5dd p\u00e5 kampuret ladet Emil Kornvig skuddfoten fra like utenfor 16-meteren. Skuddet gikk like utenfor.\u00a0<\/p>\n<p>Fire minutter f\u00f8r pause var Haaland p\u00e5 farten igjen p\u00e5 et nytt gjennomspill, men han fikk akkurat ikke nok ber\u00f8ring p\u00e5 ballen til \u00e5 sette den innenfor stengene.<\/p>\n<p>Etter en intens og morsomt f\u00f8rste omgang gikk lagene m\u00e5ll\u00f8se inn til pause.\u00a0<\/p>\n<p>Ni bytter<\/p>\n<p>Brann gjorde hele ni bytter i pausen, og bare Emil Kornvig og Jacob Lungi S\u00f8rensen startet andre omgang av de som startet kampen. FC K\u00f8benhavn gjorde ogs\u00e5 mange bytter.\u00a0<\/p>\n<p>Kampen fortsatte \u00e5 v\u00e6re jevn, men da det var spilt 63 minutter tok FCK ledelsen. Oliver H\u00f8jer ladet skuddfoten fra 20 meter og banket ballen i krysset.\u00a0<\/p>\n<p>Ti minutter senere ble det knuffing mellom Kornvig og \u00e9n av FCK sine spillere. Det endte med et slag mot ansiktet til Kornvig og FCK fikk r\u00f8dt kort.\u00a0<\/p>\n<p>Like etter spilte Brann seg til en enorm sjanse, men Jesper Eikrem var uheldig i avslutningen og ballen gikk over.\u00a0<\/p>\n<p>Det s\u00e5 ut til \u00e5 g\u00e5 mot seier for danskene, men i kampens siste minutt rullet Brann opp p\u00e5 h\u00f8yresiden. Venstreback Joachim Soltvedt hadde tatt turen inn i feltet og tuppet inn utligningen.\u00a0<\/p>\n<p><strong>Kampfakta:\u00a0<\/strong><\/p>\n<p>Brann\u2013FC K\u00f8benhavn 1\u20131 (0\u20130)\u00a0<\/p>\n<p>Treningskamp, menn. Marbella Football Center. Dommer: Manuel Camacho Garrote, Spania. Tilskuere: Ca. 200. R\u00f8dt kort: Jordan Larsson, FCK. Gult kort: Emil Kornvig, Brann.\u00a0<\/p>\n<p><strong>M\u00e5l:\u00a0<\/strong><br \/>0\u20131: Oliver H\u00f8jer (63.)<br \/>1\u20131: Joachim Soltvedt (90.)<\/p>\n<p><strong>Brann (4\u20133\u20133):\u00a0<\/strong>Mathias L\u00f8nne Dyngeland (Mathias Klausen fra 46.) \u2013 Denzel De Roeve (Martin Hellan fra 46.),\u00a0Fredrik Pallesen Knudsen (Eivind Helland fra 46.), Nana Kwame Boakye (Rasmus Holten fra 46.), Vetle Dragsnes (Joachim Soltvedt fra 46.) \u2013 Thore Pedersen (Mads Sande fra 46.), Jacob Lungi S\u00f8rensen (Lars Remmem fra 61.), Emil Kornvig \u2013 Ulrik Mathisen (Mads Kristian Hansen fra 46.), Noah Holm (B\u00e5rd Finne fra 46. (Julian L\u00e6greid fra 55.)), Markus Haaland (Jesper Eikrem fra 46.).\u00a0<\/p>\n","protected":false},"excerpt":{"rendered":"Badet i sol p\u00e5 den spanske solkysten ble kampen mellom Brann og FC K\u00f8benhavn sparket i gang foran&hellip;\n","protected":false},"author":2,"featured_media":134134,"comment_status":"","ping_status":"","sticky":false,"template":"","format":"standard","meta":{"footnotes":""},"categories":[59],"tags":[30,28,29,83,82],"class_list":{"0":"post-134133","1":"post","2":"type-post","3":"status-publish","4":"format-standard","5":"has-post-thumbnail","7":"category-sport","8":"tag-no","9":"tag-norge","10":"tag-norway","11":"tag-sport","12":"tag-sports"},"share_on_mastodon":{"url":"https:\/\/pubeurope.com\/@no\/115872631543663566","error":""},"_links":{"self":[{"href":"https:\/\/www.europesays.com\/no\/wp-json\/wp\/v2\/posts\/134133","targetHints":{"allow":["GET"]}}],"collection":[{"href":"https:\/\/www.europesays.com\/no\/wp-json\/wp\/v2\/posts"}],"about":[{"href":"https:\/\/www.europesays.com\/no\/wp-json\/wp\/v2\/types\/post"}],"author":[{"embeddable":true,"href":"https:\/\/www.europesays.com\/no\/wp-json\/wp\/v2\/users\/2"}],"replies":[{"embeddable":true,"href":"https:\/\/www.europesays.com\/no\/wp-json\/wp\/v2\/comments?post=134133"}],"version-history":[{"count":0,"href":"https:\/\/www.europesays.com\/no\/wp-json\/wp\/v2\/posts\/134133\/revisions"}],"wp:featuredmedia":[{"embeddable":true,"href":"https:\/\/www.europesays.com\/no\/wp-json\/wp\/v2\/media\/134134"}],"wp:attachment":[{"href":"https:\/\/www.europesays.com\/no\/wp-json\/wp\/v2\/media?parent=134133"}],"wp:term":[{"taxonomy":"category","embeddable":true,"href":"https:\/\/www.europesays.com\/no\/wp-json\/wp\/v2\/categories?post=134133"},{"taxonomy":"post_tag","embeddable":true,"href":"https:\/\/www.europesays.com\/no\/wp-json\/wp\/v2\/tags?post=134133"}],"curies":[{"name":"wp","href":"https:\/\/api.w.org\/{rel}","templated":true}]}}