{"id":134135,"date":"2026-01-10T20:15:09","date_gmt":"2026-01-10T20:15:09","guid":{"rendered":"https:\/\/www.europesays.com\/no\/134135\/"},"modified":"2026-01-10T20:15:09","modified_gmt":"2026-01-10T20:15:09","slug":"okonomi-og-naeringsliv-bolig-tidligere-onepiece-sjef-espen-38-inn-i-ny-toppjobb","status":"publish","type":"post","link":"https:\/\/www.europesays.com\/no\/134135\/","title":{"rendered":"\u00d8konomi og n\u00e6ringsliv, Bolig | Tidligere Onepiece-sjef Espen (38) inn i ny toppjobb"},"content":{"rendered":"\n<p>Det melder selskapet Stor-Oslo Eiendom selv <a href=\"https:\/\/soeiendom.no\/om-oss\/aktuelt\/stor-oslo-eiendom-styrker-ledelsen-espen-lerfald-ansatt-som-ny-cfo\" rel=\"Follow nofollow noopener\" target=\"_blank\">p\u00e5 sine nettsider.<\/a> Stor-Oslo Eiendom st\u00e5r blant annet bak utbyggingen av <a href=\"https:\/\/www.budstikka.no\/starter-pa-storutbygging-na-rives-dette-bygget\/s\/5-55-2046915\" rel=\"Follow nofollow noopener\" target=\"_blank\">bensinstasjonstomten i Gamle Drammensvei 37 og 39 p\u00e5 Nedre Stabekk.<\/a><\/p>\n<p>Tidligere har Lerfald v\u00e6rt daglig leder i klesselskapet Onepiece og n\u00e5 sist hadde han den samme stillingen i selskapet Feiring Bruk AS.<\/p>\n<p>\u2013 Boligutvikling har v\u00e6rt krevende de senere \u00e5rene, og vil trolig fortsette \u00e5 v\u00e6re det i en periode fremover. Stor-Oslo Eiendom har vist en sterk evne til \u00e5 tilpasse seg markedet og til \u00e5 gj\u00f8re riktige prioriteringer for \u00e5 sikre finansiell robusthet og langsiktighet i et krevende marked, og nettopp derfor opplever jeg Stor-Oslo Eiendom som s\u00e6rlig attraktivt, sier Lerfald i en kommentar.<\/p>\n<p>  <a href=\"https:\/\/www.budstikka.no\/5-55-2169022\" class=\"related-teaser has-image default-story-teaser article--c-eRUmMG article--c-eRUmMG-jKCPdD-design-default\" rel=\"nofollow noopener\" target=\"_blank\"><\/p>\n<p>    <img decoding=\"async\" loading=\"lazy\"  src=\"https:\/\/www.europesays.com\/no\/wp-content\/uploads\/2026\/01\/Kristin-Folge_ecbd2925eb3c05994fdaf20f46ac2fb3.jpg\" alt=\"\" class=\"brick-c-cFOWSL\" style=\"\"\/><\/p>\n<p>\n            Les ogs\u00e5<\/p>\n<p>              Kristin (48) skal lede milliardkonsern\n        <\/p>\n<p>  <\/a><br \/>\n  \u2013 Gleder meg<\/p>\n<p>Han er utdannet sivil\u00f8konom med bachelor i \u00f8konomi og administrasjon fra NHH i Bergen, master i finans fra ESADE i Barcelona og master i revisjon og regnskap fra BI i Oslo.<\/p>\n<p>\u2013 Selskapet har mange gode prosjekter i ulike faser, og har vist h\u00f8y gjennomf\u00f8ringsevne den siste tiden. Jeg synes Stor-Oslo Eiendom har brukt utfordrende markedsforhold til \u00e5 styrke b\u00e5de struktur og beslutningsgrunnlag, og jeg gleder meg til \u00e5 bidra videre.<\/p>\n<p>  <a href=\"https:\/\/www.budstikka.no\/5-55-2144241\" class=\"related-teaser has-image default-story-teaser article--c-eRUmMG article--c-eRUmMG-jKCPdD-design-default\" rel=\"nofollow noopener\" target=\"_blank\"><\/p>\n<p>    <img decoding=\"async\" loading=\"lazy\"  src=\"https:\/\/www.europesays.com\/no\/wp-content\/uploads\/2026\/01\/cathrine+eide+kreftforeningen.jpg\" alt=\"\" class=\"brick-c-cFOWSL\" style=\"\"\/><\/p>\n<p>\n            Les ogs\u00e5<\/p>\n<p>              Cathrine (36) f\u00e5r toppjobb\n        <\/p>\n<p>  <\/a><br \/>\n  Milliardsalg<\/p>\n<p>I 2025 solgte selskapet boliger for over 2 milliarder kroner mot 900 millioner i 2024, hadde tre byggestarter og i tillegg lanserte fire nye boligprosjekter i Stor-Oslo-omr\u00e5det.<\/p>\n<p>&#8211; For \u00e5 lykkes videre er det avgj\u00f8rende \u00e5 ha riktig kompetanse p\u00e5 plass, s\u00e6rlig innen finans, kapitalstruktur og risikostyring. Espen har en profil som tilf\u00f8yer ytterligere kompetanse p\u00e5 disse omr\u00e5dene og vi er veldig forn\u00f8yde med \u00e5 ha ham p\u00e5 plass, sier daglig leder Torbj\u00f6rn Karlsson i Stor-Oslo Eiendom.<\/p>\n<p>I rollen som CFO vil Lerfald ha ansvar for selskapets overordnede finansielle strategi, rapportering og videre utvikling av den finansielle plattformen.<\/p>\n<p>\u2013 Fremover handler det om \u00e5 kombinere grundig finansiell styring med evnen til \u00e5 ta gode beslutninger p\u00e5 riktig tidspunkt, sier Lerfald.<\/p>\n<p>Han startet i jobben 1. januar.<\/p>\n","protected":false},"excerpt":{"rendered":"Det melder selskapet Stor-Oslo Eiendom selv p\u00e5 sine nettsider. Stor-Oslo Eiendom st\u00e5r blant annet bak utbyggingen av bensinstasjonstomten&hellip;\n","protected":false},"author":2,"featured_media":134136,"comment_status":"","ping_status":"","sticky":false,"template":"","format":"standard","meta":{"footnotes":""},"categories":[56],"tags":[36,237,60,61,849,62,30,28,29,216,2564,1510],"class_list":{"0":"post-134135","1":"post","2":"type-post","3":"status-publish","4":"format-standard","5":"has-post-thumbnail","7":"category-naeringsliv","8":"tag-art","9":"tag-bolig","10":"tag-business","11":"tag-economy","12":"tag-haslum","13":"tag-naeringsliv","14":"tag-no","15":"tag-norge","16":"tag-norway","17":"tag-okonomi-og-naeringsliv","18":"tag-stabekk","19":"tag-story"},"share_on_mastodon":{"url":"https:\/\/pubeurope.com\/@no\/115872643449979895","error":""},"_links":{"self":[{"href":"https:\/\/www.europesays.com\/no\/wp-json\/wp\/v2\/posts\/134135","targetHints":{"allow":["GET"]}}],"collection":[{"href":"https:\/\/www.europesays.com\/no\/wp-json\/wp\/v2\/posts"}],"about":[{"href":"https:\/\/www.europesays.com\/no\/wp-json\/wp\/v2\/types\/post"}],"author":[{"embeddable":true,"href":"https:\/\/www.europesays.com\/no\/wp-json\/wp\/v2\/users\/2"}],"replies":[{"embeddable":true,"href":"https:\/\/www.europesays.com\/no\/wp-json\/wp\/v2\/comments?post=134135"}],"version-history":[{"count":0,"href":"https:\/\/www.europesays.com\/no\/wp-json\/wp\/v2\/posts\/134135\/revisions"}],"wp:featuredmedia":[{"embeddable":true,"href":"https:\/\/www.europesays.com\/no\/wp-json\/wp\/v2\/media\/134136"}],"wp:attachment":[{"href":"https:\/\/www.europesays.com\/no\/wp-json\/wp\/v2\/media?parent=134135"}],"wp:term":[{"taxonomy":"category","embeddable":true,"href":"https:\/\/www.europesays.com\/no\/wp-json\/wp\/v2\/categories?post=134135"},{"taxonomy":"post_tag","embeddable":true,"href":"https:\/\/www.europesays.com\/no\/wp-json\/wp\/v2\/tags?post=134135"}],"curies":[{"name":"wp","href":"https:\/\/api.w.org\/{rel}","templated":true}]}}