{"id":134137,"date":"2026-01-10T20:16:20","date_gmt":"2026-01-10T20:16:20","guid":{"rendered":"https:\/\/www.europesays.com\/no\/134137\/"},"modified":"2026-01-10T20:16:20","modified_gmt":"2026-01-10T20:16:20","slug":"bildet-ble-verdenskjent-na-er-kvinnen-som-malte-det-dod","status":"publish","type":"post","link":"https:\/\/www.europesays.com\/no\/134137\/","title":{"rendered":"Bildet ble verdenskjent \u2013 n\u00e5 er kvinnen som malte det d\u00f8d"},"content":{"rendered":"<p>\n        MALERI: 1800-tallskunstneren Elias Garcia Martinez stod bak maleriet \u00abEcce homo\u00bb. Cecilia Gim\u00e9nez fors\u00f8kte i 2012 \u00e5 redde fresken som var i forfall.<br \/>\n        Javier Vinuela \/ AP \/ NTB\n    <\/p>\n<p>    Amat\u00f8rkunstnerens restaurering av et Jesus-maleri ble en inntektskilde for spansk landsby.<\/p>\n<p>I 2012 ble Cecilia Gim\u00e9nez\u00a0kjent for en bemerkelsesverdig restaurering av et Jesus-maleri.<\/p>\n<p>P\u00e5 tidspunktet var Gim\u00e9nez 81 \u00e5r gammel.\u00a0Den spanske amat\u00f8rkunstneren tok initiativ til \u00e5 fikse veggmaleriet fra 1930-tallet, som da var i forfall. Bildet fikk deretter internasjonal oppmerksomhet p\u00e5 grunn av sin s\u00e6regenhet.<\/p>\n<p>Den 28. desember 2025 d\u00f8de\u00a0Gim\u00e9nez, 94 \u00e5r gammel.\u00a0<a href=\"https:\/\/www.dagen.se\/kultur\/kvinnan-bakom-apjesus-doed\/10137843\" target=\"_blank\" style=\"font-size: 1.125rem;\" rel=\"nofollow noopener\">Svenske Dagen<\/a> og <a href=\"https:\/\/www.theguardian.com\/world\/2025\/dec\/30\/cecilia-gimenez-monkey-christ-mural-dies-spain\" target=\"_blank\" style=\"font-size: 1.125rem;\" rel=\"nofollow noopener\">The Guardian<\/a> er blant mediene som meldte nyheten f\u00f8rst.<\/p>\n","protected":false},"excerpt":{"rendered":"MALERI: 1800-tallskunstneren Elias Garcia Martinez stod bak maleriet \u00abEcce homo\u00bb. Cecilia Gim\u00e9nez fors\u00f8kte i 2012 \u00e5 redde fresken&hellip;\n","protected":false},"author":2,"featured_media":134138,"comment_status":"","ping_status":"","sticky":false,"template":"","format":"standard","meta":{"footnotes":""},"categories":[12],"tags":[20,21,24,25,15,22,23,13,30,28,29,14,16,26,27,42,43,44,45],"class_list":{"0":"post-134137","1":"post","2":"type-post","3":"status-publish","4":"format-standard","5":"has-post-thumbnail","7":"category-verden","8":"tag-breaking-news","9":"tag-breakingnews","10":"tag-featured-news","11":"tag-featurednews","12":"tag-headlines","13":"tag-latest-news","14":"tag-latestnews","15":"tag-news","16":"tag-no","17":"tag-norge","18":"tag-norway","19":"tag-nyheter","20":"tag-overskrifter","21":"tag-top-stories","22":"tag-topstories","23":"tag-verden","24":"tag-world","25":"tag-world-news","26":"tag-worldnews"},"share_on_mastodon":{"url":"https:\/\/pubeurope.com\/@no\/115872647362019065","error":""},"_links":{"self":[{"href":"https:\/\/www.europesays.com\/no\/wp-json\/wp\/v2\/posts\/134137","targetHints":{"allow":["GET"]}}],"collection":[{"href":"https:\/\/www.europesays.com\/no\/wp-json\/wp\/v2\/posts"}],"about":[{"href":"https:\/\/www.europesays.com\/no\/wp-json\/wp\/v2\/types\/post"}],"author":[{"embeddable":true,"href":"https:\/\/www.europesays.com\/no\/wp-json\/wp\/v2\/users\/2"}],"replies":[{"embeddable":true,"href":"https:\/\/www.europesays.com\/no\/wp-json\/wp\/v2\/comments?post=134137"}],"version-history":[{"count":0,"href":"https:\/\/www.europesays.com\/no\/wp-json\/wp\/v2\/posts\/134137\/revisions"}],"wp:featuredmedia":[{"embeddable":true,"href":"https:\/\/www.europesays.com\/no\/wp-json\/wp\/v2\/media\/134138"}],"wp:attachment":[{"href":"https:\/\/www.europesays.com\/no\/wp-json\/wp\/v2\/media?parent=134137"}],"wp:term":[{"taxonomy":"category","embeddable":true,"href":"https:\/\/www.europesays.com\/no\/wp-json\/wp\/v2\/categories?post=134137"},{"taxonomy":"post_tag","embeddable":true,"href":"https:\/\/www.europesays.com\/no\/wp-json\/wp\/v2\/tags?post=134137"}],"curies":[{"name":"wp","href":"https:\/\/api.w.org\/{rel}","templated":true}]}}