{"id":134143,"date":"2026-01-10T20:19:08","date_gmt":"2026-01-10T20:19:08","guid":{"rendered":"https:\/\/www.europesays.com\/no\/134143\/"},"modified":"2026-01-10T20:19:08","modified_gmt":"2026-01-10T20:19:08","slug":"aston-villa-tottenham-fullt-kaos-etter-aston-villa-slo-tottenham-i-fa-cupen","status":"publish","type":"post","link":"https:\/\/www.europesays.com\/no\/134143\/","title":{"rendered":"Aston Villa, Tottenham | Fullt kaos etter Aston Villa slo Tottenham i FA cupen"},"content":{"rendered":"\n<p><b><a href=\"https:\/\/live.nettavisen.no\/fotball\/1\/2026-01-10\/kamp\/2711429\" rel=\"Follow nofollow noopener\" target=\"_blank\">TOTTENHAM-ASTON VILLA 1\u20132<\/a><\/b><\/p>\n<p>Det tente ordentlig til etter kampen da flere av spillerne barket sammen i det som s\u00e5 ut som sl\u00e5ssing ute p\u00e5 banen.<\/p>\n<p>\u2013 Ordentlig h\u00e5ndgemeng, sier Viaplay-kommentator Andreas Toft.<\/p>\n<p>\u2013 De bildene er det helt sikkert noen som skal ta en titt p\u00e5 i etterkant. For sl\u00e5ssing er ikke lov, fortsetter Toft.<\/p>\n<p>Tapet var nok en nedtur for Tottenham-manager Thomas Frank som n\u00e5 er under stort press.<\/p>\n<p>Ekspert Lars Tj\u00e6rn\u00e5s mener tiden begynner \u00e5 renne ut for dansken.<\/p>\n<p>\u2013 Jeg er ganske sikker p\u00e5 at Thomas Frank f\u00e5r maks en kamp til \u2013 toppen. Blir det en d\u00e5rlig prestasjon mot West Ham s\u00e5 tror jeg Frank ryker, sier han.<\/p>\n","protected":false},"excerpt":{"rendered":"TOTTENHAM-ASTON VILLA 1\u20132 Det tente ordentlig til etter kampen da flere av spillerne barket sammen i det som&hellip;\n","protected":false},"author":2,"featured_media":134144,"comment_status":"","ping_status":"","sticky":false,"template":"","format":"standard","meta":{"footnotes":""},"categories":[59],"tags":[30,28,29,83,82],"class_list":{"0":"post-134143","1":"post","2":"type-post","3":"status-publish","4":"format-standard","5":"has-post-thumbnail","7":"category-sport","8":"tag-no","9":"tag-norge","10":"tag-norway","11":"tag-sport","12":"tag-sports"},"share_on_mastodon":{"url":"https:\/\/pubeurope.com\/@no\/115872659058402916","error":""},"_links":{"self":[{"href":"https:\/\/www.europesays.com\/no\/wp-json\/wp\/v2\/posts\/134143","targetHints":{"allow":["GET"]}}],"collection":[{"href":"https:\/\/www.europesays.com\/no\/wp-json\/wp\/v2\/posts"}],"about":[{"href":"https:\/\/www.europesays.com\/no\/wp-json\/wp\/v2\/types\/post"}],"author":[{"embeddable":true,"href":"https:\/\/www.europesays.com\/no\/wp-json\/wp\/v2\/users\/2"}],"replies":[{"embeddable":true,"href":"https:\/\/www.europesays.com\/no\/wp-json\/wp\/v2\/comments?post=134143"}],"version-history":[{"count":0,"href":"https:\/\/www.europesays.com\/no\/wp-json\/wp\/v2\/posts\/134143\/revisions"}],"wp:featuredmedia":[{"embeddable":true,"href":"https:\/\/www.europesays.com\/no\/wp-json\/wp\/v2\/media\/134144"}],"wp:attachment":[{"href":"https:\/\/www.europesays.com\/no\/wp-json\/wp\/v2\/media?parent=134143"}],"wp:term":[{"taxonomy":"category","embeddable":true,"href":"https:\/\/www.europesays.com\/no\/wp-json\/wp\/v2\/categories?post=134143"},{"taxonomy":"post_tag","embeddable":true,"href":"https:\/\/www.europesays.com\/no\/wp-json\/wp\/v2\/tags?post=134143"}],"curies":[{"name":"wp","href":"https:\/\/api.w.org\/{rel}","templated":true}]}}