{"id":134157,"date":"2026-01-10T20:47:08","date_gmt":"2026-01-10T20:47:08","guid":{"rendered":"https:\/\/www.europesays.com\/no\/134157\/"},"modified":"2026-01-10T20:47:08","modified_gmt":"2026-01-10T20:47:08","slug":"jessica-er-den-nye-karen-ifolge-gen-z-nrk-sorlandet-lokale-nyheter-tv-og-radio","status":"publish","type":"post","link":"https:\/\/www.europesays.com\/no\/134157\/","title":{"rendered":"\u00abJessica\u00bb er den nye \u00abKaren\u00bb, if\u00f8lge Gen-Z \u2013 NRK S\u00f8rlandet \u2013 Lokale nyheter, TV og radio"},"content":{"rendered":"<p>\u00abJessica\u00bb skal v\u00e6re millenniumsgenerasjonens nye \u00abKaren\u00bb.<\/p>\n<p>Alts\u00e5 en privilegert, selvopptatt og middelaldrende kvinne, if\u00f8lge unge brukere p\u00e5 TikTok.<\/p>\n<p>Har du ikke f\u00e5tt med deg internettmemen \u00abKaren\u00bb? Da anbefaler vi \u00e5 lese dette f\u00f8rst:<\/p>\n<p>Historien om \u00abKaren\u00bb for nybegynnere<\/p>\n<p><strong>Klassiske kjennetegn<\/strong><\/p>\n<ul>\n<li>Krever ofte \u00e5 f\u00e5 \u00absnakke med sjefen\u00bb (the manager) for \u00e5 irettesette servicearbeidere.<\/li>\n<li>Utf\u00f8rer rasistiske mikroaggresjoner, som \u00e5 ville ta p\u00e5 h\u00e5ret til svarte personer, og bruker sin sosiale status som v\u00e5pen ved \u00e5 melde minoriteter til politiet for bagatellmessige eller oppdiktede lovbrudd, if\u00f8lge BBC<\/li>\n<li>Assosieres ofte med en spesifikk frisyre; en kort, oppklippet sveis lik den realitystjernen Kate Gosselin hadde i 2010.<\/li>\n<\/ul>\n<p><strong>Opprinnelse <\/strong><\/p>\n<p><strong>Sentrale hendelser<\/strong><\/p>\n<p><strong>Kritikk<\/strong><\/p>\n<ul>\n<li>Noen kritikere, som feministen Julie Bindel, har hevdet at begrepet er kviefiendtlig og basert p\u00e5 klassefordommer.<\/li>\n<li>Motargumentet er at merkelappen er avhengig av oppf\u00f8rsel, ikke bare kj\u00f8nn eller alder.<\/li>\n<\/ul>\n<p><strong>\u2013 Jeg har alltid v\u00e6rt veldig stolt over \u00e5 hete Jessica, sier Jessica Krauss.<\/strong><\/p>\n<p>28-\u00e5ringen er en av rundt 1100 kvinner i Norge med navnet Jessica.<\/p>\n<p>\u2013 Jessica er jo bare et navn, s\u00e5nn som alle andre. S\u00e5 jeg er b\u00e5de insulted, samtidig som jeg synes det er veldig morsomt, ler hun.<\/p>\n<p>NRK m\u00f8ter henne hjemme i Mandal. Hun flyttet til Norge fra Tyskland da hun var 11 \u00e5r.<\/p>\n<p>At navnet hennes n\u00e5 blir forbundet med en TikTok-trend tar hun med et smil.<\/p>\n<p>Men kjenner hun seg igjen i \u00abKaren\u00bb?<\/p>\n<p><img decoding=\"async\"   src=\"data:image\/gif;base64,R0lGODlhAQABAIAAAAAAAP\/\/\/yH5BAEAAAAALAAAAAABAAEAAAIBRAA7\" loading=\"eager\" alt=\"Jessica sitter i en stol\" title=\"Foto: Amalie Sande Henden \/ NRK\"\/><\/p>\n<p class=\"\">Mandalitten er stolt av navnet sitt.<\/p>\n<p>Foto: Amalie Sande Henden \/ NRK<\/p>\n<p>Privilegert, hvit kvinne<\/p>\n<p>En \u00abKaren\u00bb har de siste \u00e5rene blitt etablert som et kallenavn for en typisk hvit, middelaldrende kvinne som oppfattes som kravstor, privilegert, berettiget og krevende.<\/p>\n<p>Hun krever s\u00e6rbehandling og bruker ofte frasen \u00abI would like to speak to a manager\u00bb n\u00e5r hun klager.<\/p>\n<p>\u00abKaren\u00bb fremstilles ofte med en spesifikk asymmetrisk bob-frisyre.<\/p>\n<p>Fenomenet n\u00e5dde toppen av popularitet rundt 2020, men oppsto som en viral meme i 2019.<\/p>\n<p><img decoding=\"async\"   src=\"data:image\/gif;base64,R0lGODlhAQABAIAAAAAAAP\/\/\/yH5BAEAAAAALAAAAAABAAEAAAIBRAA7\" loading=\"eager\" alt=\"Skjermdump Karen memes p\u00e5 Google\" title=\"Foto: Skjermdump \/ Google Images\"\/><\/p>\n<p class=\"\">\u00abKaren\u00bb-memene var ekstremt popul\u00e6re rundt 2020 og 2021.<\/p>\n<p>Foto: Skjermdump \/ Google Images<\/p>\n<p>Generasjonsskifte<\/p>\n<p>I fjor sommer startet en trend p\u00e5 TikTok hvor generasjon Z byttet ut \u00abKaren\u00bb med \u00abJessica\u00bb.<\/p>\n<p>Et halvt \u00e5r senere har den n\u00e5dd Instagram, internasjonale medier og de over 30.<\/p>\n<p><strong>Og n\u00e5 ogs\u00e5 NRK.<\/strong><\/p>\n<p>\u00c5rsaken er knyttet til hvilken generasjon som er i ferd med \u00e5 bli middelaldrende.<\/p>\n<p>Navnet Karen var ekstremt popul\u00e6rt i etterkrigstiden i USA da boomer-generasjonen vokste opp.<\/p>\n<p>Derfor ble dette navnet symbolet p\u00e5 middelaldrende kvinner fra denne generasjonen.<\/p>\n<p><img decoding=\"async\"   src=\"data:image\/gif;base64,R0lGODlhAQABAIAAAAAAAP\/\/\/yH5BAEAAAAALAAAAAABAAEAAAIBRAA7\" loading=\"eager\" alt=\"Skjermdumper fra TikTok av videoer hvor det snakkes om at Jessica er den nye Karen\" title=\"Foto: Skjermdump\/TikTok\"\/><\/p>\n<p class=\"\">Flere brukere p\u00e5 TikTok kommenterer p\u00e5 trenden om at arvtakeren til \u00abKaren\u00bb er \u00abJessica\u00bb.<\/p>\n<p>Foto: Skjermdump\/TikTok<\/p>\n<p>Diskusjoner p\u00e5 Reddit og TikTok peker p\u00e5 at hvis et kvinnenavn skal b\u00e6re bagasjen for millenniumsgenerasjonen, m\u00e5 det v\u00e6re Jessica.<\/p>\n<p><strong>Jessica er nemlig navnet som statistisk sett representerer flest amerikanske millenials.<\/strong><\/p>\n<p>Mellom 1985 og 1995 var Jessica det vanligste navnet blant amerikanske kvinner, med unntak av to \u00e5r hvor Ashley tok f\u00f8rsteplassen.<\/p>\n<p>\u00abJessica\u00bb er dermed en oppdatering av stereotypien for \u00e5 passe til en ny aldersgruppe.<\/p>\n<p>Der \u00abKaren\u00bb kjeftet p\u00e5 butikksjefen i 2020, er det n\u00e5 \u00abJessica\u00bb som forventes \u00e5 ta over denne rollen etter hvert som millennials blir eldre.<\/p>\n<p>        Hva hadde du gjort om ditt navn ble det nye symbolet p\u00e5 \u00e5 v\u00e6re \u00abkrevende\u00bb?<\/p>\n<p>        Jeg hadde eid det! All PR er god PR, si!<\/p>\n<p>        Jeg hadde vurdert navnebytte p\u00e5 flekken. Full krise!<\/p>\n<p>        Hadde nok bare gjemt meg under dyna til stormen bl\u00e5ste over.<\/p>\n<p>      Vis resultat<\/p>\n<p class=\"pin-nrkno-poll__disclaimer\">\n    Denne avstemningen viser ikke hva befolkningen mener om sp\u00f8rsm\u00e5let.<br \/>\n    Resultatet viser hva de som selv har valgt \u00e5 stemme mener,<br \/>\n    og avstemningen har ikke et utvalg som gj\u00f8r den representativ for alle som bor i landet.\n  <\/p>\n<p>\u2013 HVA?!<\/p>\n<p>Jessica Krauss har f\u00e5tt med seg \u00abKaren\u00bb-memene som har sirkulert p\u00e5 sosiale medier de siste \u00e5rene.<\/p>\n<p>N\u00e5 blar hun gjennom videoer om \u00abJessica\u00bb p\u00e5 TikTok.<\/p>\n<p><strong>\u2013 Hva?! Skal jeg liksom v\u00e6re den nye \u00abKaren\u00bb?, sp\u00f8ker hun.<\/strong><\/p>\n<p>Hun kjenner seg ikke igjen og beskriver seg selv som kaotisk, impulsiv og blid.<\/p>\n<p>Og hun ville ALDRI bedt om \u00e5 f\u00e5 snakket med \u00abthe manager\u00bb. Hun er ikke s\u00e5nn.<\/p>\n<p>Bortsett fra n\u00e5r hun er tr\u00f8tt og sulten.<\/p>\n<p><strong>\u2013 Da blir jeg litt \u00abKaren\u00bb, ler hun.<\/strong><\/p>\n<p>Krauss har en klar oppfordring til sine navnes\u00f8stre.<\/p>\n<p>\u2013 Jessica, ikke ta deg n\u00e6r av dette. Det er bare en dum trend. Det er helt tilfeldig, og man lever jo opp til sitt eget navn, sin egen person.<\/p>\n<p>    <img alt=\"En person sitter p\u00e5 en sofa i et rom med trepanelvegg. To chihuahuaer leker og beveger seg rundt p\u00e5 fanget hennes. Det er naturlig lys fra vinduet i bakgrunnen, samt en lampe og hadde dekorative elementer i rommet. Sofaen har svarte puter og det er et avslappet innemilj\u00f8. (Bildebeskrivelsen er laget av en KI-tjeneste)\"  loading=\"lazy\"\/><img alt=\"Bilde viser en person som sitter p\u00e5 en sofa med to hunder. Den ene hunden sitter foran, mens den andre er litt bak. Omgivelsene ser ut til \u00e5 v\u00e6re et rom med lys trepanel og gardiner. Personen har p\u00e5 seg en hvit genser og ser mot kameraet. (Bildebeskrivelsen er laget av en KI-tjeneste)\"  loading=\"lazy\"\/><\/p>\n<p>\u2013 Dere er jo litt s\u00e5nn \u00abKaren\u00bb-dogs, sier Jessica til hundene sine og ler.<\/p>\n<p>Handler om tilh\u00f8righet<\/p>\n<p>\u00abJessica\u00bb er bare en av mange trender p\u00e5 TikTok.<\/p>\n<p>Niamh Ni Broin er forsker p\u00e5 Universitetet i Agder og ser p\u00e5 hvordan barn og unge bruker nye medier.<\/p>\n<p>Hun sier at disse trendene handler om at folk liker \u00e5 tulle med hverandre, fortelle vitser og sm\u00e5 fortellinger.<\/p>\n<p><strong>\u2013 Vi liker \u00e5 vise tilh\u00f8righet, at man forst\u00e5r hverandre og er en del av en st\u00f8rre gruppe eller samfunn, sier Ni Broin.<\/strong><\/p>\n<p>Men det som er nytt er hvordan det fanges opp og deles videre s\u00e5 raskt, sier hun.<\/p>\n<p>\u2013 TikToks algoritme er designet for \u00e5 fange opp noe som oppleves som interessant og engasjerende for andre brukere. Det skjer raskt.<\/p>\n<p>Ni Broin sier at mange fort reagerer ved \u00e5 kommentere, dele, lage stitch og s\u00e5 videre. Dette er for \u00e5 vise at man forst\u00e5r vitsen.<\/p>\n<p>\u2013 Vi viser at vi skj\u00f8nner dem og forst\u00e5r dem. Og mange f\u00f8ler at det er g\u00f8y \u00e5 v\u00e6re med og vise at man er en del av en trend.<\/p>\n<p><img decoding=\"async\"   src=\"data:image\/gif;base64,R0lGODlhAQABAIAAAAAAAP\/\/\/yH5BAEAAAAALAAAAAABAAEAAAIBRAA7\" loading=\"eager\" alt=\"En kvinne som smiler utenfor (Bildebeskrivelsen er laget av en KI-tjeneste)\" title=\"Foto: Universitetet i Agder\"\/><\/p>\n<p class=\"\">Forsker Niamh Ni Broin sier at det som er nytt med TikTok er hvordan det deles og hvordan folk kan delta i vitsene. <\/p>\n<p>Foto: Universitetet i Agder<\/p>\n<p>Kan oppleves negativt<\/p>\n<p>Forsker Ni Broin sier at det ogs\u00e5 finnes en negativ side ved disse trendene.<\/p>\n<p>Kanskje s\u00e6rlig i kretser blant unge.<\/p>\n<p>Blant annet kan trender som \u00abJessica\u00bb og \u00abKaren\u00bb brukes til mobbing og \u00e5 peke p\u00e5 enkeltindivider.<\/p>\n<p><strong>\u2013 Det kan oppleves som negativt n\u00e5r mennesker lager sine egne fortolkninger av det som vises.<\/strong><\/p>\n<p>Norske Karen og \u00abJessica\u00bb<\/p>\n<p>Hadde denne trenden oppst\u00e5tt i Norge, med utgangspunkt i at det var de mest popul\u00e6re navnene som gjorde at de ble valgt, er det d\u00e5rlig nytt for Anne.<\/p>\n<p>Navnet toppet listene i over 30 \u00e5r, fra 1940 til 1971.<\/p>\n<p>Da millenniumsgenerasjonen ble f\u00f8dt var Silje, Kristine, Camilla og Ida p\u00e5 topp.<\/p>\n<p>N\u00e5r Generasjon Z sine kvinner en gang blir middelaldrende er det Emma som representerer generasjonen.<\/p>\n<p>Publisert<\/p>\n<p>10.01.2026, kl. 21.05<\/p>\n","protected":false},"excerpt":{"rendered":"\u00abJessica\u00bb skal v\u00e6re millenniumsgenerasjonens nye \u00abKaren\u00bb. Alts\u00e5 en privilegert, selvopptatt og middelaldrende kvinne, if\u00f8lge unge brukere p\u00e5 TikTok.&hellip;\n","protected":false},"author":2,"featured_media":134158,"comment_status":"","ping_status":"","sticky":false,"template":"","format":"standard","meta":{"footnotes":""},"categories":[10],"tags":[20,21,24,25,15,22,23,13,30,28,29,14,16,26,27],"class_list":{"0":"post-134157","1":"post","2":"type-post","3":"status-publish","4":"format-standard","5":"has-post-thumbnail","7":"category-norge","8":"tag-breaking-news","9":"tag-breakingnews","10":"tag-featured-news","11":"tag-featurednews","12":"tag-headlines","13":"tag-latest-news","14":"tag-latestnews","15":"tag-news","16":"tag-no","17":"tag-norge","18":"tag-norway","19":"tag-nyheter","20":"tag-overskrifter","21":"tag-top-stories","22":"tag-topstories"},"share_on_mastodon":{"url":"https:\/\/pubeurope.com\/@no\/115872769140106198","error":""},"_links":{"self":[{"href":"https:\/\/www.europesays.com\/no\/wp-json\/wp\/v2\/posts\/134157","targetHints":{"allow":["GET"]}}],"collection":[{"href":"https:\/\/www.europesays.com\/no\/wp-json\/wp\/v2\/posts"}],"about":[{"href":"https:\/\/www.europesays.com\/no\/wp-json\/wp\/v2\/types\/post"}],"author":[{"embeddable":true,"href":"https:\/\/www.europesays.com\/no\/wp-json\/wp\/v2\/users\/2"}],"replies":[{"embeddable":true,"href":"https:\/\/www.europesays.com\/no\/wp-json\/wp\/v2\/comments?post=134157"}],"version-history":[{"count":0,"href":"https:\/\/www.europesays.com\/no\/wp-json\/wp\/v2\/posts\/134157\/revisions"}],"wp:featuredmedia":[{"embeddable":true,"href":"https:\/\/www.europesays.com\/no\/wp-json\/wp\/v2\/media\/134158"}],"wp:attachment":[{"href":"https:\/\/www.europesays.com\/no\/wp-json\/wp\/v2\/media?parent=134157"}],"wp:term":[{"taxonomy":"category","embeddable":true,"href":"https:\/\/www.europesays.com\/no\/wp-json\/wp\/v2\/categories?post=134157"},{"taxonomy":"post_tag","embeddable":true,"href":"https:\/\/www.europesays.com\/no\/wp-json\/wp\/v2\/tags?post=134157"}],"curies":[{"name":"wp","href":"https:\/\/api.w.org\/{rel}","templated":true}]}}