{"id":134161,"date":"2026-01-10T21:01:15","date_gmt":"2026-01-10T21:01:15","guid":{"rendered":"https:\/\/www.europesays.com\/no\/134161\/"},"modified":"2026-01-10T21:01:15","modified_gmt":"2026-01-10T21:01:15","slug":"adhd-adhd-medisin-adhd-medisin-virker-ikke-som-antatt-forskere-advarer","status":"publish","type":"post","link":"https:\/\/www.europesays.com\/no\/134161\/","title":{"rendered":"ADHD, Adhd-medisin | ADHD-medisin virker ikke som antatt: Forskere advarer"},"content":{"rendered":"\n<p>De siste \u00e5rene har antall ADHD-diagnoser i Norge skutt i v\u00e6ret.<\/p>\n<p>Tall fra <a href=\"https:\/\/statistikk.fhi.no\/lmr\/VFb__tgDUy1hoUozBICQsSOGlMOLwkUs\" rel=\"Follow nofollow noopener\" target=\"_blank\">Folkehelseinstituttet <\/a>(FHI) viser at 110.077 nordmenn hentet ut ADHD-medisiner p\u00e5 apotek i 2024. <a href=\"https:\/\/www.fhi.no\/contentassets\/b5b3603ec4794c5cb0c8651589b359f8\/temautgave-barn-og-unges-psykiske-helse_2025.pdf\" rel=\"Follow nofollow noopener\" target=\"_blank\">Folkehelserapporten 2025<\/a> viser at stadig flere f\u00e5r ADHD-diagnose i Norge.<\/p>\n<p>En ny studie kaster nytt lys over de vanligste medikamentene for ADHD &#8211; og med den f\u00f8lger en advarsel.<\/p>\n<p>P\u00e5virker kjedelige oppgaver<\/p>\n<p>I flere ti\u00e5r har man trodd at sentralstimulerende medisiner virker ved \u00e5 direkte p\u00e5virke hjerneomr\u00e5der som er ansvarlige for oppmerksomhet.<\/p>\n<p>Ny forskning fra Washington University School of Medicine i St. Louis viser at sentralstimulerende ADHD-medisin ikke fungerer slik man har trodd, if\u00f8lge en artikkel i <a href=\"https:\/\/medicine.washu.edu\/news\/stimulant-adhd-medications-work-differently-than-thought\/\" rel=\"Follow nofollow noopener\" target=\"_blank\">WashU Medicine<\/a>.<\/p>\n<p>Sentralstimulerende midler er de vanligste medikamentene som gis til barn med ADHD, if\u00f8lge <a href=\"https:\/\/nhi.no\/sykdommer\/psykisk-helse\/adhd\/adhd-behandling\" rel=\"Follow nofollow noopener\" target=\"_blank\">NHI<\/a>.<\/p>\n<p><b>Les ogs\u00e5: <a href=\"https:\/\/www.nettavisen.no\/norsk-debatt\/adhd-handler-om-n-ting\/o\/5-95-2530146\" rel=\"Follow nofollow noopener\" target=\"_blank\">Selvsagt har du ADHD<\/a><\/b><\/p>\n<p>Hensikten med medisinen er at barnet skal f\u00f8le seg roligere, mindre impulsivt og i bedre stand til \u00e5 konsentrere seg, if\u00f8lge <a href=\"https:\/\/www.helsebiblioteket.no\/innhold\/artikler\/pasientinformasjon\/adhd-hvilken-behandling-virker#:~:text=Det%20kan%20virke%20ulogisk%20%C3%A5,middel%20som%20benyttes%20er%20dexamfetamin.\" rel=\"Follow nofollow noopener\" target=\"_blank\">Helsebiblioteket.no<\/a>.<\/p>\n<p><b>Den nye studien peker derimot p\u00e5 at medisinene ikke har direkte p\u00e5virkning p\u00e5 konsentrasjonen. I stedet gj\u00f8r de to andre ting: <\/b><\/p>\n<p>1) De \u00abvekker\u00bb hjernen slik at man f\u00f8ler seg mer v\u00e5ken og opplagt.<\/p>\n<p>2) De gj\u00f8r at oppgaver som vanligvis f\u00f8les kjedelige eller uinteressante (som skolearbeid eller husarbeid), f\u00f8les mer givende.<\/p>\n<p><b>Les ogs\u00e5: <a href=\"https:\/\/www.nettavisen.no\/tommy-sharif\/diagnose\/drammen\/tommy-sharif-om-diagnosen-burde-fatt-hjelp-for\/f\/5-95-2668855\" rel=\"Follow nofollow noopener\" target=\"_blank\">\u2013 Jeg burde helt klart f\u00e5tt hjelp f\u00f8r<\/a><\/b><\/p>\n<p>\u2013 Gj\u00f8r nytten<\/p>\n<p>Leder av Norsk psykiatrisk forening Lars Lien sier til Nettavisen at han ikke har sett noen lignende studier om at medisinene fungerer p\u00e5 denne m\u00e5ten, men understreker at det viktigste er at medisinene virker.<\/p>\n<p>\u2013 For meg blir det et for kunstig skille mellom hvordan medisinene virker og hva de gj\u00f8r i praksis. For pasienter spiller det nok ikke en s\u00e5 stor rolle. Om medisinene gj\u00f8r at du opplever at deg mer v\u00e5ken fordi du f\u00e5r bedre s\u00f8vn eller f\u00f8ler deg mer rolig vil det uansett gj\u00f8re hverdagen lettere.<\/p>\n<p>Etterligner f\u00f8lelsen av en god natts s\u00f8vn<\/p>\n<p>If\u00f8lge studien aktiverte medisinene systemer som gir f\u00f8lelsen av bel\u00f8nning og \u00e5rv\u00e5kenhet. I tillegg reverserte de hjernem\u00f8nstre knyttet til s\u00f8vnmangel.<\/p>\n<p>Med andre ord indikerer studien at sentralstimulerende midler kan forbedre prestasjoner ved \u00e5 f\u00e5 personer med ADHD til \u00e5 f\u00f8le seg mer v\u00e5kne og mer interessert i det de holder p\u00e5 med. I stedet for \u00e5 direkte spisse fokuset.<\/p>\n<p><b>Les ogs\u00e5: FHI:<a href=\"https:\/\/www.nettavisen.no\/nyheter\/fhi-risikoen-for-spontanabort-oker-ved-bruk-av-adhd-medisiner\/s\/5-95-2779970\" rel=\"Follow nofollow noopener\" target=\"_blank\"> Risikoen for spontanabort \u00f8ker ved bruk av ADHD-medisiner<\/a><\/b><\/p>\n<p>Forskerne i studien observerte ogs\u00e5 m\u00f8nstre i hjerneaktiviteten som etterlignet effektene av en god natts s\u00f8vn, og motvirket typiske hjerneendringer som er forbundet med s\u00f8vnmangel.<\/p>\n<p>   <img decoding=\"async\" width=\"1920\" height=\"1280\" fetchpriority=\"low\"  loading=\"lazy\"  src=\"https:\/\/www.europesays.com\/no\/wp-content\/uploads\/2026\/01\/Lars+Lien%2C+leder+Norsk+psykiatrisk+forening.jpg\" alt=\"\" class=\"brick-c-cFOWSL\" style=\"--brick-image-ratio: 1920 \/ 1280;\"\/><\/p>\n<p>      BEKYMRINGSFULL UTVIKLING: Leder av Norsk psykiatrisk forening Lars Lien deler forskernes bekymring etter nye funn om ADHD-medisiner.<br \/>\n      Foto: Anne Kristine Bergem\/Norsk psykiatrisk forening\n    <\/p>\n<p>  Advarer mot en farlig sirkel<\/p>\n<p>Forskerne advarer mot en farlig sirkel n\u00e5r det gjelder s\u00f8vn og medisinering, fordi medisinene kan skjule de negative effektene av for lite s\u00f8vn. Det betyr at et barn kan fungere godt p\u00e5 skolen takket v\u00e6re medisinen, selv om de er kronisk tr\u00f8tte.<\/p>\n<p>De peker ogs\u00e5 p\u00e5 risikoen for feildiagnostisering av barn med s\u00f8vnmangel, ettersom medisinen viste seg \u00e5 kun ha prestasjonsfremmende effekt p\u00e5 barn med ADHD og barn som led av s\u00f8vnmangel.<\/p>\n<p><b>Les ogs\u00e5:<a href=\"https:\/\/www.nettavisen.no\/norsk-debatt\/bryllupstalene-odela-min-mentale-helse\/o\/5-95-2723661\" rel=\"Follow nofollow noopener\" target=\"_blank\"> Det som ble sagt i bryllupet bidro til \u00e5 \u00f8delegge min mentale helse<\/a><\/b><\/p>\n<p>Forskerne uttrykker bekymring over at det \u00e5 bruke medisiner for \u00e5 kompensere for s\u00f8vnmangel kan v\u00e6re skadelig over tid, og understreker at det \u00e5 ikke f\u00e5 nok s\u00f8vn alltid er d\u00e5rlig for deg, og spesielt d\u00e5rlig for barn.<\/p>\n<p>Feildiagnostiseringer<\/p>\n<p>Lien deler forskernes bekymring over risikoen for feildiagnostiseringer.<\/p>\n<p>\u2013 S\u00f8vnmangel kan absolutt p\u00e5virke muligheten for feildiagnostiseringer. Det m\u00e5 vi ta veldig p\u00e5 alvor, spesielt med tanke p\u00e5 \u00f8kningen i antall personer som f\u00e5r en ADHD-diagnose.<\/p>\n<p>\u2013 Det er en bekymringsfull utvikling, og vi ser at barn og unge sover langt mindre enn for bare 10-12 \u00e5r siden, legger han til.<\/p>\n<p>\u2013 Burde man vurdere \u00e5 gj\u00f8re endringer i hvordan man behandler symptomer p\u00e5 ADHD? <\/p>\n<p>\u2013 Ja, denne kunnskapen gj\u00f8r at vi i mye st\u00f8rre grad b\u00f8r ha fokus p\u00e5 s\u00f8vn for pasienter med symptomer p\u00e5 ADHD. Ny kunnskap om medisinene kan ogs\u00e5 bidra til \u00e5 forklare pasientene hvordan medisinene virker.<\/p>\n","protected":false},"excerpt":{"rendered":"De siste \u00e5rene har antall ADHD-diagnoser i Norge skutt i v\u00e6ret. Tall fra Folkehelseinstituttet (FHI) viser at 110.077&hellip;\n","protected":false},"author":2,"featured_media":134162,"comment_status":"","ping_status":"","sticky":false,"template":"","format":"standard","meta":{"footnotes":""},"categories":[10],"tags":[20,21,24,25,15,22,23,13,30,28,29,14,16,26,27],"class_list":{"0":"post-134161","1":"post","2":"type-post","3":"status-publish","4":"format-standard","5":"has-post-thumbnail","7":"category-norge","8":"tag-breaking-news","9":"tag-breakingnews","10":"tag-featured-news","11":"tag-featurednews","12":"tag-headlines","13":"tag-latest-news","14":"tag-latestnews","15":"tag-news","16":"tag-no","17":"tag-norge","18":"tag-norway","19":"tag-nyheter","20":"tag-overskrifter","21":"tag-top-stories","22":"tag-topstories"},"share_on_mastodon":{"url":"https:\/\/pubeurope.com\/@no\/115872824190779095","error":""},"_links":{"self":[{"href":"https:\/\/www.europesays.com\/no\/wp-json\/wp\/v2\/posts\/134161","targetHints":{"allow":["GET"]}}],"collection":[{"href":"https:\/\/www.europesays.com\/no\/wp-json\/wp\/v2\/posts"}],"about":[{"href":"https:\/\/www.europesays.com\/no\/wp-json\/wp\/v2\/types\/post"}],"author":[{"embeddable":true,"href":"https:\/\/www.europesays.com\/no\/wp-json\/wp\/v2\/users\/2"}],"replies":[{"embeddable":true,"href":"https:\/\/www.europesays.com\/no\/wp-json\/wp\/v2\/comments?post=134161"}],"version-history":[{"count":0,"href":"https:\/\/www.europesays.com\/no\/wp-json\/wp\/v2\/posts\/134161\/revisions"}],"wp:featuredmedia":[{"embeddable":true,"href":"https:\/\/www.europesays.com\/no\/wp-json\/wp\/v2\/media\/134162"}],"wp:attachment":[{"href":"https:\/\/www.europesays.com\/no\/wp-json\/wp\/v2\/media?parent=134161"}],"wp:term":[{"taxonomy":"category","embeddable":true,"href":"https:\/\/www.europesays.com\/no\/wp-json\/wp\/v2\/categories?post=134161"},{"taxonomy":"post_tag","embeddable":true,"href":"https:\/\/www.europesays.com\/no\/wp-json\/wp\/v2\/tags?post=134161"}],"curies":[{"name":"wp","href":"https:\/\/api.w.org\/{rel}","templated":true}]}}