{"id":134163,"date":"2026-01-10T21:07:09","date_gmt":"2026-01-10T21:07:09","guid":{"rendered":"https:\/\/www.europesays.com\/no\/134163\/"},"modified":"2026-01-10T21:07:09","modified_gmt":"2026-01-10T21:07:09","slug":"nediset-frontrute-frontrute-stoppet-av-politiet-forerkort-beslaglagt","status":"publish","type":"post","link":"https:\/\/www.europesays.com\/no\/134163\/","title":{"rendered":"Nediset frontrute, Frontrute | Stoppet av politiet: F\u00f8rerkort beslaglagt"},"content":{"rendered":"\n<p>L\u00f8rdag kveld stoppet politiet en bil i Moss. \u00c5rsaken var, som bildene vitner om, ganske \u00e5penbar.<\/p>\n<p>\u2013 Politiet har stanset en personbil med nedist frontrute p\u00e5 R\u00e5de. F\u00f8rer blir anmeldt for forholdet og f\u00f8rerkortet blir beslaglagt, skriver oppdragsleder Jimmy Pettersen ved \u00d8st politidistrikt.<\/p>\n<p>   <img decoding=\"async\" width=\"1005\" height=\"1006\" fetchpriority=\"low\"  loading=\"lazy\"  src=\"https:\/\/www.europesays.com\/no\/wp-content\/uploads\/2026\/01\/LiteSikt.jpg\" alt=\"\" class=\"brick-c-cFOWSL\" style=\"--brick-image-ratio: 1005 \/ 1006;\"\/><\/p>\n<p>      Det var ikke stort sj\u00e5f\u00f8ren kunne se ut av den nedisete frontruta.<br \/>\n      Foto: \u00d8st politidstrikt\n    <\/p>\n<p>Pettersen opplyser om at f\u00f8rer av kj\u00f8ret\u00f8yet var en utenlandsk mann i midten av 40-\u00e5rene.<\/p>\n","protected":false},"excerpt":{"rendered":"L\u00f8rdag kveld stoppet politiet en bil i Moss. \u00c5rsaken var, som bildene vitner om, ganske \u00e5penbar. \u2013 Politiet&hellip;\n","protected":false},"author":2,"featured_media":134164,"comment_status":"","ping_status":"","sticky":false,"template":"","format":"standard","meta":{"footnotes":""},"categories":[12],"tags":[20,21,24,25,15,22,23,13,30,28,29,14,16,26,27,42,43,44,45],"class_list":{"0":"post-134163","1":"post","2":"type-post","3":"status-publish","4":"format-standard","5":"has-post-thumbnail","7":"category-verden","8":"tag-breaking-news","9":"tag-breakingnews","10":"tag-featured-news","11":"tag-featurednews","12":"tag-headlines","13":"tag-latest-news","14":"tag-latestnews","15":"tag-news","16":"tag-no","17":"tag-norge","18":"tag-norway","19":"tag-nyheter","20":"tag-overskrifter","21":"tag-top-stories","22":"tag-topstories","23":"tag-verden","24":"tag-world","25":"tag-world-news","26":"tag-worldnews"},"share_on_mastodon":{"url":"https:\/\/pubeurope.com\/@no\/115872847914360908","error":""},"_links":{"self":[{"href":"https:\/\/www.europesays.com\/no\/wp-json\/wp\/v2\/posts\/134163","targetHints":{"allow":["GET"]}}],"collection":[{"href":"https:\/\/www.europesays.com\/no\/wp-json\/wp\/v2\/posts"}],"about":[{"href":"https:\/\/www.europesays.com\/no\/wp-json\/wp\/v2\/types\/post"}],"author":[{"embeddable":true,"href":"https:\/\/www.europesays.com\/no\/wp-json\/wp\/v2\/users\/2"}],"replies":[{"embeddable":true,"href":"https:\/\/www.europesays.com\/no\/wp-json\/wp\/v2\/comments?post=134163"}],"version-history":[{"count":0,"href":"https:\/\/www.europesays.com\/no\/wp-json\/wp\/v2\/posts\/134163\/revisions"}],"wp:featuredmedia":[{"embeddable":true,"href":"https:\/\/www.europesays.com\/no\/wp-json\/wp\/v2\/media\/134164"}],"wp:attachment":[{"href":"https:\/\/www.europesays.com\/no\/wp-json\/wp\/v2\/media?parent=134163"}],"wp:term":[{"taxonomy":"category","embeddable":true,"href":"https:\/\/www.europesays.com\/no\/wp-json\/wp\/v2\/categories?post=134163"},{"taxonomy":"post_tag","embeddable":true,"href":"https:\/\/www.europesays.com\/no\/wp-json\/wp\/v2\/tags?post=134163"}],"curies":[{"name":"wp","href":"https:\/\/api.w.org\/{rel}","templated":true}]}}