{"id":134165,"date":"2026-01-10T21:08:20","date_gmt":"2026-01-10T21:08:20","guid":{"rendered":"https:\/\/www.europesays.com\/no\/134165\/"},"modified":"2026-01-10T21:08:20","modified_gmt":"2026-01-10T21:08:20","slug":"ver-vind-sender-ut-fleire-farevarsel","status":"publish","type":"post","link":"https:\/\/www.europesays.com\/no\/134165\/","title":{"rendered":"Ver, Vind | Sender ut fleire farevarsel"},"content":{"rendered":"\n<p>Det er sendt ut gult farevarsel om sn\u00f8fokk i fjellet i S\u00f8r-Noreg.<\/p>\n<p>Varselet gjeld fr\u00e5 s\u00f8ndag kveld til tysdag. <\/p>\n<p>\u2013 Vegar kan bli stengde og kolonnek\u00f8yring kan bli innf\u00f8rt p\u00e5 kort varsel, heiter det i varselet.<\/p>\n<p>Kraftig vind<\/p>\n<p>Fr\u00e5 natt til m\u00e5ndag er det venta kraftige vindkast p\u00e5 delar av Vestlandet. <\/p>\n<p>Varselet gjeld fr\u00e5 m\u00e5ndag klokka 01.00 til m\u00e5ndag klokka 16.00. <\/p>\n<p>Det er venta lokalt kraftige vindkast p\u00e5 27\u201330 m\/s fr\u00e5 s\u00f8raust, og liten til full storm p\u00e5 kysten og i fjellet. <\/p>\n<p>\u2013 Lause gjenstandar kan bl\u00e5sa av garde. Enkelte vegar kan bli stengde, heiter det i varselet.<\/p>\n","protected":false},"excerpt":{"rendered":"Det er sendt ut gult farevarsel om sn\u00f8fokk i fjellet i S\u00f8r-Noreg. Varselet gjeld fr\u00e5 s\u00f8ndag kveld til&hellip;\n","protected":false},"author":2,"featured_media":134166,"comment_status":"","ping_status":"","sticky":false,"template":"","format":"standard","meta":{"footnotes":""},"categories":[10],"tags":[36,20,21,24,25,15,22,23,1202,13,30,28,29,14,16,1510,26,27,8543,7585],"class_list":{"0":"post-134165","1":"post","2":"type-post","3":"status-publish","4":"format-standard","5":"has-post-thumbnail","7":"category-norge","8":"tag-art","9":"tag-breaking-news","10":"tag-breakingnews","11":"tag-featured-news","12":"tag-featurednews","13":"tag-headlines","14":"tag-latest-news","15":"tag-latestnews","16":"tag-meteorologisk-institutt","17":"tag-news","18":"tag-no","19":"tag-norge","20":"tag-norway","21":"tag-nyheter","22":"tag-overskrifter","23":"tag-story","24":"tag-top-stories","25":"tag-topstories","26":"tag-ver","27":"tag-vind"},"share_on_mastodon":{"url":"https:\/\/pubeurope.com\/@no\/115872851768402000","error":""},"_links":{"self":[{"href":"https:\/\/www.europesays.com\/no\/wp-json\/wp\/v2\/posts\/134165","targetHints":{"allow":["GET"]}}],"collection":[{"href":"https:\/\/www.europesays.com\/no\/wp-json\/wp\/v2\/posts"}],"about":[{"href":"https:\/\/www.europesays.com\/no\/wp-json\/wp\/v2\/types\/post"}],"author":[{"embeddable":true,"href":"https:\/\/www.europesays.com\/no\/wp-json\/wp\/v2\/users\/2"}],"replies":[{"embeddable":true,"href":"https:\/\/www.europesays.com\/no\/wp-json\/wp\/v2\/comments?post=134165"}],"version-history":[{"count":0,"href":"https:\/\/www.europesays.com\/no\/wp-json\/wp\/v2\/posts\/134165\/revisions"}],"wp:featuredmedia":[{"embeddable":true,"href":"https:\/\/www.europesays.com\/no\/wp-json\/wp\/v2\/media\/134166"}],"wp:attachment":[{"href":"https:\/\/www.europesays.com\/no\/wp-json\/wp\/v2\/media?parent=134165"}],"wp:term":[{"taxonomy":"category","embeddable":true,"href":"https:\/\/www.europesays.com\/no\/wp-json\/wp\/v2\/categories?post=134165"},{"taxonomy":"post_tag","embeddable":true,"href":"https:\/\/www.europesays.com\/no\/wp-json\/wp\/v2\/tags?post=134165"}],"curies":[{"name":"wp","href":"https:\/\/api.w.org\/{rel}","templated":true}]}}