{"id":134167,"date":"2026-01-10T21:11:10","date_gmt":"2026-01-10T21:11:10","guid":{"rendered":"https:\/\/www.europesays.com\/no\/134167\/"},"modified":"2026-01-10T21:11:10","modified_gmt":"2026-01-10T21:11:10","slug":"kendall-jenner-svarer-pa-ryktene-2","status":"publish","type":"post","link":"https:\/\/www.europesays.com\/no\/134167\/","title":{"rendered":"Kendall Jenner svarer p\u00e5 ryktene"},"content":{"rendered":"<p class=\"kicker \" style=\"\">Kendall Jenner:\u00a0<\/p>\n<p>    Spekulasjonene rundt supermodellens legning har svirret lenge. N\u00e5 tar hun bladet fra munnen &#8211; og sl\u00e5r tilbake mot d\u00e5rlige holdninger.\u00a0<\/p>\n<p>\n    BRYTER TAUSHETEN: Kendall Jenner deler \u00e6rlig om ryktene som har florert p\u00e5 internett. Foto: REUTERS\/Mario Anzuoni \/ NTB\n  <\/p>\n<p>I podkasten \u00abIn Your Dreams\u00bb bryter supermodell Kendall Jenner (30) tausheten om et rykte som har svirret rundt henne i lang tid &#8211; nemlig at hun skjuler sin seksuelle legning.\u00a0<\/p>\n<p>&#8211; Det er en del av internett som tror jeg er lesbisk, sier hun i episoden, gjengitt av <a href=\"https:\/\/people.com\/kendall-jenner-breaks-silence-lesbian-rumors-11882211\" rel=\"nofollow noopener\" target=\"_blank\">People<\/a>.\u00a0<\/p>\n<p>    <a itemprop=\"url\" href=\"https:\/\/www.seher.no\/kjendis\/feiret-bursdag-naken\/83823874\" rel=\"nofollow noopener\" target=\"_blank\"><\/p>\n<p>        <img loading=\"lazy\" decoding=\"async\" src=\"https:\/\/www.europesays.com\/no\/wp-content\/uploads\/2026\/01\/83823969.webp.webp\" width=\"980\" height=\"441\" title=\"Feiret bursdag naken\" alt=\"\" class=\"lazyload\" style=\"--aspect-ratio-image: 2.22; \"\/><\/p>\n<p>        Feiret bursdag naken<\/p>\n<p>    <\/a><\/p>\n<p>Jenner forteller videre at det som plager henne mest, er hvor slemme folk kan v\u00e6re i m\u00e5ten de snakker om det p\u00e5.\u00a0<\/p>\n<p>&#8211; Det er ikke med en \u00e5pen og inkluderende holdning, som: \u00abHei, hvis du var det, s\u00e5 fint, bli med\u00bb. Det er ikke vennlig. Det er veldig stygt, mer som: \u00abHva i all verden driver du med?\u00bb.\u00a0<\/p>\n<p>        MET-GALLA: Kim Kardashian fikk en noe uheldig start p\u00e5 Met-gallaen, da sikkerhetsvakten tr\u00e5kket p\u00e5 kjolen hennes. Video: Tiktok. Reporter: Anabelle Bruun\/Dagbladet TV<\/p>\n<p>30-\u00e5ringen understreker videre at hun ikke identifiserer seg som lesbisk, og at hun ville v\u00e6rt \u00e5pen om det hvis hun gjorde det.\u00a0<\/p>\n<p>        <img loading=\"lazy\" decoding=\"async\" src=\"https:\/\/www.europesays.com\/no\/wp-content\/uploads\/2026\/01\/84079608.webp.webp\" width=\"667\" height=\"487\" title=\"REALITYFAMILIE: Kendall, Kris og Kylie Jenner er alle kjente fjes fra realityserien \u00abThe Kardashians\u00bb. Her fotografert i forbindelse med bryllupet til Jeff Bezos Lauren Sanchez i Venezia i fjor. Foto: AP Photo\/Luigi Costantini\/ NTB\" alt=\"\" class=\"\" style=\"--aspect-ratio-image: 1.37; \"\/><\/p>\n<p>\n        REALITYFAMILIE: Kendall, Kris og Kylie Jenner er alle kjente fjes fra realityserien \u00abThe Kardashians\u00bb. Her fotografert i forbindelse med bryllupet til Jeff Bezos Lauren Sanchez i Venezia i fjor. Foto: AP Photo\/Luigi Costantini\/ NTB\n    <\/p>\n<p class=\"font-weight-bold m-font-weight-bold\" data-lab-font_weight=\"font-weight-bold\">&#8211; Jeg opplever at det har vokst frem et narrativ om at jeg skjuler noe. Jeg har sett helt absurde p\u00e5stander, som at det skal v\u00e6re \u00abd\u00e5rlig for business\u00bb. Da tenker jeg bare: \u00abHva? Hvordan? Det forst\u00e5r jeg ikke\u00bb.\u00a0<\/p>\n<p>Til slutt gj\u00f8r Jenner det klart at hun ikke tror legningen hennes vil endre seg, men at hun samtidig ikke utelukker nye erfaringer i livet. <\/p>\n<p>Gjennom \u00e5rene har Jenner blitt koblet til en rekke kjente personer, deriblant artistene Harry Styles (31) og Bad Bunny (31). Selv har hun valgt \u00e5 holde store deler av kj\u00e6rlighetslivet sitt utenfor rampelyset.\u00a0<\/p>\n<p>        SMERTER: I den nyeste sesongen av \u00abThe Kardashians\u00bb f\u00e5r vi se det skrekkelige synet som gjemmer seg under Kim Kardahsians kjole. Video: TV2 Play\/R\u00f8d L\u00f8per.<\/p>\n<p>Under et intervju med Vogue Australia i 2019 forklarte hun hvorfor:\u00a0<\/p>\n<p>&#8211; For meg er mange ting veldig spesielle og hellige, som vennene mine og forholdene mine. Jeg tror personlig at det \u00e5 bringe ting ut i offentligheten gj\u00f8r alt s\u00e5 mye mer rotete.\u00a0<\/p>\n","protected":false},"excerpt":{"rendered":"Kendall Jenner:\u00a0 Spekulasjonene rundt supermodellens legning har svirret lenge. N\u00e5 tar hun bladet fra munnen &#8211; og sl\u00e5r&hellip;\n","protected":false},"author":2,"featured_media":134168,"comment_status":"","ping_status":"","sticky":false,"template":"","format":"standard","meta":{"footnotes":""},"categories":[58],"tags":[71,8516,479,2543,30,28,29,72],"class_list":{"0":"post-134167","1":"post","2":"type-post","3":"status-publish","4":"format-standard","5":"has-post-thumbnail","7":"category-underholdning","8":"tag-entertainment","9":"tag-kendall-jenner","10":"tag-kjendis","11":"tag-kjendisdesken","12":"tag-no","13":"tag-norge","14":"tag-norway","15":"tag-underholdning"},"share_on_mastodon":{"url":"https:\/\/pubeurope.com\/@no\/115872863574252909","error":""},"_links":{"self":[{"href":"https:\/\/www.europesays.com\/no\/wp-json\/wp\/v2\/posts\/134167","targetHints":{"allow":["GET"]}}],"collection":[{"href":"https:\/\/www.europesays.com\/no\/wp-json\/wp\/v2\/posts"}],"about":[{"href":"https:\/\/www.europesays.com\/no\/wp-json\/wp\/v2\/types\/post"}],"author":[{"embeddable":true,"href":"https:\/\/www.europesays.com\/no\/wp-json\/wp\/v2\/users\/2"}],"replies":[{"embeddable":true,"href":"https:\/\/www.europesays.com\/no\/wp-json\/wp\/v2\/comments?post=134167"}],"version-history":[{"count":0,"href":"https:\/\/www.europesays.com\/no\/wp-json\/wp\/v2\/posts\/134167\/revisions"}],"wp:featuredmedia":[{"embeddable":true,"href":"https:\/\/www.europesays.com\/no\/wp-json\/wp\/v2\/media\/134168"}],"wp:attachment":[{"href":"https:\/\/www.europesays.com\/no\/wp-json\/wp\/v2\/media?parent=134167"}],"wp:term":[{"taxonomy":"category","embeddable":true,"href":"https:\/\/www.europesays.com\/no\/wp-json\/wp\/v2\/categories?post=134167"},{"taxonomy":"post_tag","embeddable":true,"href":"https:\/\/www.europesays.com\/no\/wp-json\/wp\/v2\/tags?post=134167"}],"curies":[{"name":"wp","href":"https:\/\/api.w.org\/{rel}","templated":true}]}}