{"id":134169,"date":"2026-01-10T21:14:21","date_gmt":"2026-01-10T21:14:21","guid":{"rendered":"https:\/\/www.europesays.com\/no\/134169\/"},"modified":"2026-01-10T21:14:21","modified_gmt":"2026-01-10T21:14:21","slug":"stephen-millers-vei-ut-av-trumps-skygge","status":"publish","type":"post","link":"https:\/\/www.europesays.com\/no\/134169\/","title":{"rendered":"Stephen Millers vei ut av Trumps skygge"},"content":{"rendered":"<p>Vi er vant til \u00e5 se ham i bakgrunnen av president Donald Trump.<br \/>\nMen denne uka har plassert sjefstrateg og visestabssjef i Det hvite hus Stephen Miller (40) midt i rampelysets sterke wattp\u00e6rer.<\/p>\n<p>Ulastelig antrukket med matchende bl\u00e5tt slips og lommet\u00f8rkle,<br \/>\nDet hvite hus m\u00f8rklagt i bakgrunnen og med et h\u00e5nlig flir, feide han all tvil<br \/>\ntil side da han fikk sp\u00f8rsm\u00e5l om Trump og USAs planer for Gr\u00f8nland under et<br \/>\nintervju p\u00e5 CNN mandag. <\/p>\n<p>&#8211; Det er ikke noe nytt at <a href=\"https:\/\/www.dagbladet.no\/nyheter\/kan-skje-i-lopet-av-seks-maneder\/84060103\" rel=\"nofollow noopener\" target=\"_blank\">USA skal ha Gr\u00f8nland<\/a>.<\/p>\n<p>CNNs erfarne reporter og programleder Jake Tapper spurte Miller\u00a0gjentatte ganger om han vil utelukke bruk av<br \/>\nmilit\u00e6r makt for \u00e5 tilegne seg Gr\u00f8nland.<\/p>\n<p>&#8211; Hva<br \/>\nmener du med milit\u00e6r makt? Gr\u00f8nland har en befolkning p\u00e5 30 000 mennesker,<br \/>\nJake. Det virkelige sp\u00f8rsm\u00e5let er med hvilken rett Danmark kontrollerer<br \/>\nGr\u00f8nland, svarte Miller. <\/p>\n<p>    <a itemprop=\"url\" href=\"https:\/\/www.dagbladet.no\/meninger\/et-fiendtlig-oppkjop-1\/84069164\" rel=\"nofollow noopener\" target=\"_blank\"><\/p>\n<p>        <img loading=\"lazy\" decoding=\"async\" src=\"https:\/\/www.europesays.com\/no\/wp-content\/uploads\/2026\/01\/1768079651_919_84068150.webp.webp\" width=\"980\" height=\"441\" title=\"Et fiendtlig oppkj\u00f8p\" alt=\"\" class=\"lazyload\" style=\"--aspect-ratio-image: 2.22; \"\/><\/p>\n<p>        Et fiendtlig oppkj\u00f8p<\/p>\n<p>    <\/a><\/p>\n<p>Gr\u00f8nland har 57 000 innbyggere, ikke 30 000 slik Miller hevdet.<\/p>\n<p>&#8211; Det er ikke n\u00f8dvendig \u00e5 engang tenke eller snakke om dette i den<br \/>\nsammenhengen du sp\u00f8r om, en milit\u00e6r operasjon. Ingen kommer til \u00e5 kjempe mot<br \/>\nUSA milit\u00e6rt om framtida til Gr\u00f8nland.<\/p>\n<p>Hets\t<\/p>\n<p>I l\u00f8pet av det siste \u00e5ret har USAs president Donald Trump gjentatte<br \/>\nganger sagt at han \u00f8nsker Gr\u00f8nland l\u00f8srevet fra Danmark og innlemmet i USA.<\/p>\n<p>Men det var Millers kone Katie Miller som for alvor satte Gr\u00f8nland p\u00e5 det politiske kartet akkurat n\u00e5, etter at hun <a href=\"https:\/\/www.dagbladet.no\/nyheter\/snart\/84052574\" rel=\"nofollow noopener\" target=\"_blank\">publiserte<br \/>\nen tegning av Gr\u00f8nland dekket av det amerikanske flagget<\/a> med tittelen \u00abSOON\u00bb p\u00e5<br \/>\nX.<\/p>\n<p>Flere europeiske ledere, deriblant statsminister Jonas Gahr St\u00f8re (Ap),<br \/>\nhar offentlig kritisert USA for uttalelsene, og understreket av Gr\u00f8nland er en<br \/>\ndel av Kongeriket Danmark. <\/p>\n<p>    <a itemprop=\"url\" href=\"https:\/\/www.dagbladet.no\/nyheter\/snart\/84052574\" rel=\"nofollow noopener\" target=\"_blank\"><\/p>\n<p>        <img loading=\"lazy\" decoding=\"async\" src=\"https:\/\/www.europesays.com\/no\/wp-content\/uploads\/2026\/01\/1768079652_622_84052587.webp.webp\" width=\"980\" height=\"441\" title=\"\u00abSnart\u00bb\" alt=\"\" class=\"lazyload\" style=\"--aspect-ratio-image: 2.22; \"\/><\/p>\n<p>        \u00abSnart\u00bb<\/p>\n<p>    <\/a><\/p>\n<p>P\u00e5 bildedelingstjenesten Instagram viser folk sin misn\u00f8ye. Under et<br \/>\nbilde Katie og Stephen Miller har delt 1. januar, hagler ukvemsordene. P\u00e5 bildet viser Katie fram magen som huser parets fjerde barn.<\/p>\n<p>\u00abV\u00e6r s\u00e5 snill og ta abort.\u00bb<\/p>\n<p>\u00abSatans avkom\u00bb<\/p>\n<p>\u00abHva kommer til \u00e5 skje med barna n\u00e5r foreldrene er fengsel?\u00bb <\/p>\n<p>\u00abKan ikke tro at dere formerer dere. Verden trenger ikke mer hat.\u00bb<\/p>\n<p>Inniblant hyggeligere gratulasjoner, g\u00e5r ford\u00f8mmelsen over Gr\u00f8nland-planene<br \/>\nog st\u00f8tte til Danmark igjen.<\/p>\n<p>Mektig\t<\/p>\n<p>Som presidentens mange\u00e5rige r\u00e5dgiver og<br \/>\nstrateg, har Miller blitt kalt \u00abTrumps m\u00f8rke mesterhjerne\u00bb. En rekke<br \/>\nskyggeportretter g\u00e5r langt i de uflatterende karakteristikkene:<\/p>\n<p>The Rolling Stone fikk mye oppmerksomhet for saken om\u00a0<a href=\"https:\/\/www.rollingstone.com\/politics\/politics-features\/stephen-miller-trump-terror-ice-immigration-military-1235426023\/\" rel=\"nofollow noopener\" target=\"_blank\">P\u00e5 innsida av Millers terrorregime<\/a>\u00a0i h\u00f8st.\u00a0<\/p>\n<p>The Atlantic kaller ham\u00a0<a href=\"https:\/\/www.theatlantic.com\/politics\/archive\/2018\/05\/stephen-miller-trump-adviser\/561317\/\" rel=\"nofollow noopener\" target=\"_blank\">Trumps h\u00f8yrevridde troll<\/a>, og beskriver i en fersk reportasje hvordan\u00a0<a href=\"https:\/\/www.theatlantic.com\/politics\/2026\/01\/stephen-miller-trump-white-house\/685516\/\" rel=\"nofollow noopener\" target=\"_blank\">Millers vrede<\/a>\u00a0former USAs politikk.<\/p>\n<p>The New Yorker sp\u00f8r seg hvor langt han vil g\u00e5, og skriver:\u00a0<a href=\"https:\/\/www.newyorker.com\/magazine\/2020\/03\/02\/how-stephen-miller-manipulates-donald-trump-to-further-his-immigration-obsession\" rel=\"nofollow noopener\" target=\"_blank\">Slik manipulerer Stephen Miller Donald<br \/>\nTrump for \u00e5 fremme sin besettelse av innvandringspolitikk<\/a><\/p>\n<p>The Guardian kaller ham den\u00a0<a href=\"https:\/\/www.theguardian.com\/commentisfree\/2025\/oct\/10\/stephen-miller-trump-administration\" rel=\"nofollow noopener\" target=\"_blank\">farligste mannen i Trump-administrasjonen<\/a>.\u00a0<\/p>\n<p class=\"font-weight-bold m-font-weight-bold\" data-lab-font_weight=\"font-weight-bold\">&#8211; Han er<br \/>\ntrolig Trumps viktigste r\u00e5dgiver, foruten Melania Trump. Han har Trumps<br \/>\nkomplette tillit og tilbringer veldig mye tid med Trump, sier Hilmar Mjelde til Dagbladet.<\/p>\n<p>        <img loading=\"lazy\" decoding=\"async\" itemprop=\"image\" src=\"https:\/\/www.europesays.com\/no\/wp-content\/uploads\/2026\/01\/1768079652_978_84052001.webp.webp\" width=\"180\" height=\"180\" alt=\"Hilmar Mjelde\"\/><\/p>\n<p>            Hilmar Mjelde<br \/>\n            Hilmar<br \/>\n            Mjelde        <\/p>\n<p>Professor ved H\u00f8gskulen p\u00e5 Vestlandet<\/p>\n<p class=\"font-weight-normal m-font-weight-normal\" data-lab-font_weight=\"font-weight-normal\">Mjelde er professor i statsvitenskap ved H\u00f8gskulen p\u00e5 Vestlandet og USA-ekspert.<\/p>\n<p>&#8211; Millers innflytelse p\u00e5 Trump og dermed amerikansk politikk kan knapt overvurderes. Han er den som har v\u00e6rt med ham lengst, og som alltid er i rommet. Trump h\u00f8rer som kjent mest p\u00e5 siste taler, istemmer Dagbladets kommentator Marie Simonsen.\u00a0<\/p>\n<p class=\"italic m-italic\" data-lab-italic=\"italic\">&#8211; Hvor viktig er han for Trump?<\/p>\n<p>&#8211; Ekstremt viktig. Han er b\u00e5de strategen og ideologen Trump trengte for \u00e5 omforme det populistiske realityshowet til praktisk ytre h\u00f8yre-politikk. Trump har ingen doktrine, det er det Miller som har. Samtidig er han lojal og holder seg to skritt bak. Dermed nyter han stor tillit s\u00e5 lenge Trump f\u00e5r \u00e6ren. \u00c5 sende milit\u00e6ret inn i amerikanske byer, skal ha v\u00e6rt Millers id\u00e9. Som taleskriver fikk han fram det verste i Donald Trump, men det handlet om \u00e5 la Trump v\u00e6re seg selv, sier Simonsen.<\/p>\n<p>&#8211; Ekstremist\t<\/p>\n<p>Fram til n\u00e5 har Miller v\u00e6rt mest kjent for sitt knallharde syn p\u00e5 innvandring, og regnes som arkitekten bak Trump-administrasjonens stadig strengere immigrasjonsregime, der ulovlige innvandrere skal finnes, arresteres med hard h\u00e5nd, interneres og sendes ut av USA.\u00a0<\/p>\n<p>&#8211; Miller er en ekstremist, spesielt i synet p\u00e5 innvandring og bruk av presidentmakt. Jeg vil karakterisere ham som etnonasjonalist, som vil si at han st\u00e5r for en ekskluderende, hvit nasjonalisme, sier Hilmar Mjelde.<\/p>\n<p>        <img loading=\"lazy\" decoding=\"async\" src=\"https:\/\/www.europesays.com\/no\/wp-content\/uploads\/2026\/01\/1768079653_207_84079857.webp.webp\" width=\"667\" height=\"381\" title=\"I BAKGRUNNEN: Miller (bak til venstre) f\u00f8lger med n\u00e5r president Donald Trump blir intervjuet om bord p\u00e5 Air Force One. Foto: Brendan Smialowski \/ AFP \/ NTB\" alt=\"\" class=\"\" style=\"--aspect-ratio-image: 1.75; \"\/><\/p>\n<p>\n        I BAKGRUNNEN: Miller (bak til venstre) f\u00f8lger med n\u00e5r president Donald Trump blir intervjuet om bord p\u00e5 Air Force One. Foto: Brendan Smialowski \/ AFP \/ NTB\n    <\/p>\n<p>Miller har satt press p\u00e5 immigrasjonsmyndighetene ICE (Immigration and Customs Enforcement) for dramatisk \u00e5 \u00f8ke antall arrestasjoner av personer uten lovlig opphold i USA.\u00a0Miller har sagt offentlig at ICE b\u00f8r sikte mot <a href=\"https:\/\/www.theguardian.com\/us-news\/2025\/may\/29\/trump-ice-arrest-quota\" rel=\"nofollow noopener\" target=\"_blank\">minst 3000 arrestasjoner per dag<\/a>, over en million i l\u00f8pet av \u00e5ret. ICE oppbemanner kraftig, og if\u00f8lge sikkerhetsdepartementet (Homeland Security) har de mer enn doblet antall agenter fra <a href=\"https:\/\/www.dhs.gov\/news\/2026\/01\/03\/ice-announces-historic-120-manpower-increase-thanks-recruitment-campaign-brought\" rel=\"nofollow noopener\" target=\"_blank\">10 000 til 22 000<\/a>. Denne uka ble sm\u00e5barnsmoren <a href=\"https:\/\/www.dagbladet.no\/nyheter\/vi-er-under-angrep\/84074660\" rel=\"nofollow noopener\" target=\"_blank\">Renee Nicole Good (37) drept av en ICE-agent<\/a> i byen Minneapolis. If\u00f8lge en oversikt fra avisa The Guardian, ble <a href=\"https:\/\/www.theguardian.com\/us-news\/ng-interactive\/2026\/jan\/04\/ice-2025-deaths-timeline\" rel=\"nofollow noopener\" target=\"_blank\">32 personer drept av ICE-agenter<\/a> i fjor.\u00a0<\/p>\n<p>        OPPT\u00d8YER: Torsdag er det demonstrasjoner i flere amerikanske byer etter at ICE skj\u00f8t og drepte 37 \u00e5r gamle Renee Good. <\/p>\n<p class=\"font-weight-bold m-font-weight-bold\" data-lab-font_weight=\"font-weight-bold\">Miller har aldri\u00a0lagt skjul p\u00e5 at han ligger langt ute p\u00e5 ytre h\u00f8yrefl\u00f8y i politikken.<\/p>\n<p>&#8211; Miller er et typisk eksempel p\u00e5 h\u00f8yreradikale aktivister som s\u00e5 Trump som et verkt\u00f8y de kunne bruke til \u00e5 endre amerikansk politikk i den retningen, s\u00e6rlig n\u00e5r det gjaldt rasesp\u00f8rsm\u00e5l. Han er fanatisk motstander av innvandring og har gjort det til et kjerneomr\u00e5de i trumpismen, sier Simonsen.\u00a0<\/p>\n<p>        <img loading=\"lazy\" decoding=\"async\" itemprop=\"image\" src=\"https:\/\/www.europesays.com\/no\/wp-content\/uploads\/2026\/01\/1768079654_710_82632771.webp.webp\" width=\"180\" height=\"180\" alt=\"Marie Simonsen\"\/><\/p>\n<p>            Marie Simonsen<br \/>\n            Marie<br \/>\n            Simonsen        <\/p>\n<p>Kommentator i Dagbladet<\/p>\n<p>&#8211; Alle de mest inhumane og rasistiske delene av Trumps politikk, kommer fra Miller. Under ham er utenriksdepartementet blitt en anti-innvandringsmaskin som stenger muslimer og latinos ute, men slipper inn hvite s\u00f8rafrikanere. Han skammer seg heller ikke over \u00e5 bli kalt hvit nasjonalist, sier Simonsen.<\/p>\n<p>Under Trumps f\u00f8rste presidentperiode var Miller sentral i Trumps beslutning om \u00e5 skille tusenvis av familier for \u00e5 bremse innvandringen fra Mexico i 2018.<\/p>\n<p>Samme \u00e5r sa Millers onkel, David S. Glosser,\u00a0<a href=\"https:\/\/www.dagbladet.no\/nyheter\/onkelens-knusende-oppgjor-med-trumps-mesterhjerne\/70111792\" rel=\"nofollow noopener\" target=\"_blank\">til Dagbladet at han var forferdet over hvordan nev\u00f8en hans, if\u00f8lge ham, var arkitekten bak Trumps harde innvandringspolitikk<\/a>.<\/p>\n<p>\u00a0<\/p>\n<p>    <a itemprop=\"url\" href=\"https:\/\/www.dagbladet.no\/nyheter\/onkelens-knusende-oppgjor-med-trumps-mesterhjerne\/70111792\" rel=\"nofollow noopener\" target=\"_blank\"><\/p>\n<p>        <img loading=\"lazy\" decoding=\"async\" src=\"https:\/\/www.europesays.com\/no\/wp-content\/uploads\/2026\/01\/1768079654_547_67030514.webp.webp\" width=\"147\" height=\"98\" title=\"Onkelens knusende oppgj\u00f8r med Trumps mesterhjerne\" alt=\"\" class=\"lazyload\" style=\"--aspect-ratio-image: 1.50; \"\/><\/p>\n<p>        Onkelens knusende oppgj\u00f8r med Trumps mesterhjerne<\/p>\n<p>    <\/a><\/p>\n<p class=\"italic m-italic\" data-lab-italic=\"italic\">&#8211; Har Miller blitt viktigere i Trumps andre presidentperiode?<\/p>\n<p>&#8211; Helt klart. Han har f\u00e5tt st\u00f8rre og mer innflytelsesrike roller, sier Mjelde.\u00a0<\/p>\n<p>Offisielt er Miller Trumps sjefstrateg og visestabssjef i Det hvite hus. I realiteten har han langt flere roller, if\u00f8lge <a href=\"https:\/\/www.theatlantic.com\/politics\/2026\/01\/stephen-miller-trump-white-house\/685516\/\" rel=\"nofollow noopener\" target=\"_blank\">The Atlantic<\/a>.\u00a0<\/p>\n<p>Steve Bannon, tidligere r\u00e5dgiver for Trump og en alliert av Miller, omtaler ham som Trumps \u00abstatsminister\u00bb.<\/p>\n<p class=\"font-weight-bold m-font-weight-bold\" data-lab-font_weight=\"font-weight-bold\">If\u00f8lge avisa har Miller en rolle i n\u00e6r sagt alle politikkomr\u00e5der han selv er sterkt opptatt av: Innvandring og grensesikkerhet, nasjonal sikkerhet, utenrikspolitikk, handel, milit\u00e6re operasjoner og politiarbeid.\u00a0<\/p>\n<p>Men hvordan har han blitt s\u00e5 mektig?\u00a0<\/p>\n<p>\u00a0&#8211; Han er en av ytterst f\u00e5 r\u00e5dgivere som har v\u00e6rt med siden starten i 2015. Han er \u00abdie hard\u00bb-MAGA og har alltid hatt stor tro p\u00e5 Trump som leder, sier Mjelde.<\/p>\n<p>&#8211; Han sto ved Trumps side under hans politiske eksil etter kongresstormingen og hjalp Trump \u00e5 planlegge sitt politiske comeback.\u00a0<\/p>\n<p class=\"font-weight-bold m-font-weight-bold\" data-lab-font_weight=\"font-weight-bold\">Ogs\u00e5 Marie Simonsen understreker Millers lojalitet.\u00a0<\/p>\n<p>&#8211; Han har v\u00e6rt med fra starten via Breitbart og Steve Bannon. Miller ble s\u00e6rlig begeistret for Trumps syn p\u00e5 rase, og hans f\u00f8rste bidrag var det kontroversielle innreiseforbudet for muslimer som Trump innf\u00f8rte i starten av f\u00f8rste periode. Han skrev ogs\u00e5 Trumps bekm\u00f8rke f\u00f8rste innsettelsestale om amerikanske storbyers undergang p\u00e5 grunn av kriminelle gjenger og ulovlig innvandring. George Bush snudde seg til Hillary Clinton etter talen og sa: \u00abThat was some weird shit\u00bb. Men det er et tema som jo har fulgt Trump siden, og som ikke minst er synlig gjennom bruken av ICE og nasjonalgarden i storbyene, sier Simonsen.<\/p>\n<p>&#8211; Han er mektig fordi han fortsatt har sjefens \u00f8re etter ti \u00e5r, og alle vet han er n\u00e5del\u00f8s. Jeg tipper at folk er litt redde for ham, med all grunn.<\/p>\n<p>        <img loading=\"lazy\" decoding=\"async\" src=\"https:\/\/www.europesays.com\/no\/wp-content\/uploads\/2026\/01\/1768079655_732_84052623.webp.webp\" width=\"980\" height=\"559\" title=\"GALLA: Stephen og Katie Miller p\u00e5 vei inn til gallamiddag i 2019. Foto: Alastair Pike \/ AFP \/ NTB\" alt=\"\" class=\"\" style=\"--aspect-ratio-image: 1.75; \"\/><\/p>\n<p>\n        GALLA: Stephen og Katie Miller p\u00e5 vei inn til gallamiddag i 2019. Foto: Alastair Pike \/ AFP \/ NTB\n    <\/p>\n<p>I en episode av podkasten \u00abInside Trump&#8217;s Head\u00bb fra The Daily Beast, beskriver forfatter Michael Wolff Miller som en skaml\u00f8s smisker.<\/p>\n<p class=\"font-weight-bold m-font-weight-bold\" data-lab-font_weight=\"font-weight-bold\">&#8211; Han vinner smiskekonkurransen. Han er en mester i skaml\u00f8s smiger. Han er en fantastisk \u00absuck up\u00bb, sier Wolff.\u00a0<\/p>\n<p>Wolff sto bak den eksplosive boka \u00abFire and Fury\u00bb om livet p\u00e5 innsida av Det hvite hus, som slo ned som ei bombe i 2018.<\/p>\n<p>    <a itemprop=\"url\" href=\"https:\/\/www.dagbladet.no\/nyheter\/i-et-ar-fikk-han-tilgang-til-trumps-innerste-sirkel-jeg-bryr-meg-egentlig-ikke-jeg-vil-si-hva-som-helst\/69235880\" rel=\"nofollow noopener\" target=\"_blank\"><\/p>\n<p>        <img loading=\"lazy\" decoding=\"async\" src=\"https:\/\/www.europesays.com\/no\/wp-content\/uploads\/2026\/01\/1768079656_87_69236699.webp.webp\" width=\"980\" height=\"441\" title=\"I ett \u00e5r fikk han tilgang til Trumps innerste sirkel: \u00abJeg vil si hva som helst\u00bb\" alt=\"\" class=\"lazyload\" style=\"--aspect-ratio-image: 2.22; \"\/><\/p>\n<p>        I ett \u00e5r fikk han tilgang til Trumps innerste sirkel: \u00abJeg vil si hva som helst\u00bb<\/p>\n<p>    <\/a><\/p>\n<p>&#8211; Miller er en raring. Det er ukomfortabelt \u00e5 v\u00e6re rundt ham, hevder Wolff.\u00a0<\/p>\n<p>&#8211; Til og med Trump vedkjenner at Miller er en raring.<\/p>\n<p>Fascist-p\u00e5stander\t<\/p>\n<p>P\u00e5 <a href=\"https:\/\/substack.com\/inbox\/post\/183914680?r=76p9gb&amp;utm_medium=ios&amp;shareImageVariant=overlay&amp;triedRedirect=true\" rel=\"nofollow noopener\" target=\"_blank\">Substack<\/a> forteller Wolff mer om hva han syns om Miller.<\/p>\n<p>\u00abSelv Trump fors\u00f8kte \u00e5 unng\u00e5 \u00e5 v\u00e6re alene med ham, og kalte ham &#8216;crazy Stephen&#8217;\u00bb, skriver Wolff.\u00a0<\/p>\n<p>\u00abDu kan ikke tilbringe fem minutter med Miller og ikke skj\u00f8nne at det er noe galt med ham.\u00bb<\/p>\n<p class=\"font-weight-bold m-font-weight-bold\" data-lab-font_weight=\"font-weight-bold\">Wolff forteller om en episode der han han m\u00f8tte Steve Bannon, sjefstrateg og r\u00e5dgiver i president Donald Trumps f\u00f8rste regjering, i 2017.\u00a0<\/p>\n<p>Bannon skal ha spurt om Wolff ville m\u00f8te Miller, som da jobbet for ham.<\/p>\n<p>&#8211; Der har du en skikkelig fascist, skal Bannon ha sagt, if\u00f8lge Wolff.\u00a0<\/p>\n<p>\u00abJeg tilbragte 20 minutter med Miller (&#8230;). Blikket hans var rettet over skulderen min, mens han, i fullt alvor, la ut om det amerikanske samfunnets forfall og hvordan stolthet, styrke og renhet m\u00e5tte gjenopprettes. (&#8230;) N\u00e5r du ikke tror ting kan bli verre eller rarere, s\u00e5 har du Stephen Miller. Dess galere han blir, dess mer lykkes han. Hva enn Trump vil ha, fikser Stephen Miller (med hjelp fra kona), i en ondere, mer ekstrem form.<\/p>\n<p>&#8216;Hadde jeg rett&#8217;, spurte Bannon da jeg kom ut av kontoret. &#8216;Ser du? Goebbels&#8217;.\u00bb<\/p>\n<p>    <a itemprop=\"url\" href=\"https:\/\/www.dagbladet.no\/nyheter\/ondskapens-ansikt\/83688240\" rel=\"nofollow noopener\" target=\"_blank\"><\/p>\n<p>        <img loading=\"lazy\" decoding=\"async\" src=\"https:\/\/www.europesays.com\/no\/wp-content\/uploads\/2026\/01\/1768079657_330_83688244.webp.webp\" width=\"147\" height=\"98\" title=\"- Ondskapens ansikt\" alt=\"\" class=\"lazyload\" style=\"--aspect-ratio-image: 1.50; \"\/><\/p>\n<p>        &#8211; Ondskapens ansikt<\/p>\n<p>    <\/a><\/p>\n<p>Politisk journalist Nikki McCann Ram\u00edrez sto bak en <a href=\"https:\/\/www.rollingstone.com\/politics\/politics-features\/stephen-miller-trump-terror-ice-immigration-military-1235426023\/\" rel=\"nofollow noopener\" target=\"_blank\">stor Miller-reportasje i magasinet Rolling Stone<\/a> i h\u00f8st.<\/p>\n<p>I en episode i podkasten The Bunker legger hun lite imellom n\u00e5r hun skal beskrive 40-\u00e5ringen, og sammenlikner ham med Hitlers propagandaminister\u00a0<a href=\"https:\/\/snl.no\/Joseph_Goebbels\" rel=\"nofollow noopener\" target=\"_blank\">Joseph Goebbels<\/a>.\u00a0<\/p>\n<p>Det er en sammenlikning flere dro etter Millers tale i Charlie Kirks minneseremoni. Mens enken <a href=\"https:\/\/www.dagbladet.no\/nyheter\/drept-av-en-venstreradikal\/83623728\" rel=\"nofollow noopener\" target=\"_blank\">Erika Kirk mante til forsoning og tilgivelse<\/a>, lovet Miller \u00e5 bruke Kirks d\u00f8d som en samlende kraft for \u00e5 fullf\u00f8re arbeidet han begynte.<\/p>\n<p>        <img loading=\"lazy\" decoding=\"async\" src=\"https:\/\/www.europesays.com\/no\/wp-content\/uploads\/2026\/01\/1768079658_390_84079840.webp.webp\" width=\"980\" height=\"559\" title=\"RASENDE: Stephen Miller taler under Charlie Kirks minneseremoni i Glendale i Arizona 21. september i 2025. Foto: Daniel Cole \/ Reuters \/ NTB\" alt=\"\" class=\"\" style=\"--aspect-ratio-image: 1.75; \"\/><\/p>\n<p>\n        RASENDE: Stephen Miller taler under Charlie Kirks minneseremoni i Glendale i Arizona 21. september i 2025. Foto: Daniel Cole \/ Reuters \/ NTB\n    <\/p>\n<p>&#8211; Dere aner ikke hvilken drage dere har vekket. Dere aner ikke hvor besluttsomme vi vil v\u00e6re for \u00e5 redde denne sivilisasjonen, redde Vesten, redde republikken. Ilden brenner med et rettferdig raseri som v\u00e5re fiender ikke forst\u00e5r, freste Miller.<\/p>\n<p>    <a itemprop=\"url\" href=\"https:\/\/www.dagbladet.no\/nyheter\/han-er-sint-pa-meg\/83624994\" rel=\"nofollow noopener\" target=\"_blank\"><\/p>\n<p>        <img loading=\"lazy\" decoding=\"async\" src=\"https:\/\/www.europesays.com\/no\/wp-content\/uploads\/2026\/01\/1768079659_911_83625001.webp.webp\" width=\"980\" height=\"441\" title=\"- Han er sint p\u00e5 meg\" alt=\"\" class=\"lazyload\" style=\"--aspect-ratio-image: 2.22; \"\/><\/p>\n<p>        &#8211; Han er sint p\u00e5 meg<\/p>\n<p>    <\/a><\/p>\n<p>P\u00e5 sp\u00f8rsm\u00e5l om Ram\u00edrez mener Miller er fascist, n\u00f8ler hun ikke:\u00a0<\/p>\n<p>&#8211; 100 prosent.\u00a0<\/p>\n<p>&#8211; Det er latskap og \u00e5penbart feil \u00e5 kalle ham disse motbydelige navnene, sier kommunikasjonsdirekt\u00f8r Steven Cheung til <a href=\"https:\/\/www.theatlantic.com\/politics\/2026\/01\/stephen-miller-trump-white-house\/685516\/\" rel=\"nofollow noopener\" target=\"_blank\">The Atlantic<\/a>\u00a0p\u00e5 sp\u00f8rsm\u00e5l om Miller er nazist eller fascist.<\/p>\n<p>&#8211; Hvis man graver litt dypere, er han ikke slik mediene fremstiller ham. Han er faktisk en sv\u00e6rt hyggelig og h\u00f8flig person som bryr seg om dette landet og \u00f8nsker \u00e5 gj\u00f8re en god jobb. Han er veldig lett \u00e5 samarbeide med. Jeg har v\u00e6rt i Trump-universet lenge, og han er sannsynligvis den letteste \u00e5 jobbe med, hevder Cheung.\u00a0<\/p>\n<p>&#8211; Miller inntar av og til scenen, som for eksempel under minneseremonien over Charlie Kirk. Estetikken er veldig 1930-talls europeisk fascisme, og innholdet er ikke langt unna, sier Simonsen.<\/p>\n<p>        TV-GLIPP: Et pinlig direktesendt TV-\u00f8yeblikk med visestabssjef i Det hvite hus, Stephen Miller, er under intens gransking i sosiale medier. Video: CNN. Reporter: Christina H. Korneliussen<\/p>\n<p>S\u00f8ppel\t<\/p>\n<p>Stephen Miller ble f\u00f8dt i 1985, er av j\u00f8disk herkomst og oppvokst i et velst\u00e5ende omr\u00e5de i Santa Monica i Los Angeles. Hans vei inn i maktas innerste sirkler startet allerede i ten\u00e5ra.<\/p>\n<p>I 2002 lagde han rabalder da han stilte til studentvalg p\u00e5\u00a0Santa Monica High School.\u00a0<\/p>\n<p>Han skred opp p\u00e5 podiet og satte igang med en verbal &#8211; og if\u00f8lge flere medstudenter rasistisk &#8211; mitralj\u00f8se.<\/p>\n<p>&#8211; Er jeg den eneste som er lei av \u00e5 bli bedt om \u00e5 plukke opp s\u00f8ppel, n\u00e5r vi har mange vaktmestere som f\u00e5r betalt for \u00e5 gj\u00f8re det for oss, spurte han foran m\u00e5pende medelever.<\/p>\n<p>Flere skal ha forlatt omr\u00e5det i protest, if\u00f8lge\u00a0<a href=\"https:\/\/www.univision.com\/univision-news\/politics\/exclusive-the-high-school-speech-by-stephen-miller-that-offended-students-and-got-him-thrown-off-stage\" rel=\"nofollow noopener\" target=\"_blank\">Univision News<\/a>, en TV-kanal for spansktalende i USA.<\/p>\n<p>Den dav\u00e6rende studentpresidenten, Justin Brownstone, sa at vaktmester-kommentaren var gammelt nytt.<\/p>\n<p>        <img loading=\"lazy\" decoding=\"async\" src=\"https:\/\/www.europesays.com\/no\/wp-content\/uploads\/2026\/01\/1768079660_238_84079977.webp.webp\" width=\"980\" height=\"559\" title=\"MED NASJONALGARDEN: Miller (f.v.), forsvarsminister Pete Hegseth og visepresident JD Vance med medlemmer av Nasjonalgarden, etter at de ble utplassert i Washington, DC 20. august i fjor. Foto: Al Drago \/ AFP \/ NTB\" alt=\"\" class=\"\" style=\"--aspect-ratio-image: 1.75; \"\/><\/p>\n<p>\n        MED NASJONALGARDEN: Miller (f.v.), forsvarsminister Pete Hegseth og visepresident JD Vance med medlemmer av Nasjonalgarden, etter at de ble utplassert i Washington, DC 20. august i fjor. Foto: Al Drago \/ AFP \/ NTB\n    <\/p>\n<p>&#8211; Han likte \u00e5 si ting som ble oppfattet som rasistisk. Jo mer han forn\u00e6rmet folk, jo gladere ble han, hevdet Brownstone.<\/p>\n<p>&#8211; Fantastisk menneske\t<\/p>\n<p>Millers politiske ambisjoner f\u00f8rte ham til Washington. I 2014 fikk han innpass i ei gruppe konservative ledet av Steve Bannon, som seinere ble\u00a0sjefstrateg for Donald Trump og leder for den h\u00f8yreorienterte og kontroversielle nyhetsplattformen Breitbart News.<\/p>\n<p>Allerede f\u00f8r valget i 2016 trodde han at Trump kunne vinne presidentvervet. Da Trump til manges store overraskelse vant presidentvalget, fikk Miller en sentral rolle i Det hvite hus.\u00a0<\/p>\n<p>        <img loading=\"lazy\" decoding=\"async\" src=\"https:\/\/www.europesays.com\/no\/wp-content\/uploads\/2026\/01\/1768079661_974_84079886.webp.webp\" width=\"667\" height=\"381\" title=\"KLESINTERESSERT: Stephen Miller omtales ofte som forfengelig og klesinteressert. Fotografen har r\u00f8pet at Miller stilte flere sp\u00f8rsm\u00e5l om hvordan han burde posere til Vanity Fairs knusende reportasje fra desember. Foto: Evan Vucci \/ AP \/ NTB\" alt=\"\" class=\"\" style=\"--aspect-ratio-image: 1.75; \"\/><\/p>\n<p>\n        KLESINTERESSERT: Stephen Miller omtales ofte som forfengelig og klesinteressert. Fotografen har r\u00f8pet at Miller stilte flere sp\u00f8rsm\u00e5l om hvordan han burde posere til Vanity Fairs knusende reportasje fra desember. Foto: Evan Vucci \/ AP \/ NTB\n    <\/p>\n<p>Hans innflytelse var tydelig i b\u00e5de Trumps omstridte innsettelsestale, der han snakket om\u00a0<a href=\"https:\/\/www.dagbladet.no\/kultur\/trumps-amerikanske-blodbad\/66894044\" rel=\"nofollow noopener\" target=\"_blank\">blodbad i Amerika<\/a>, og i\u00a0<a href=\"https:\/\/www.dagbladet.no\/nyheter\/ap-hoyesterett-i-usa-tillater-trumps-innreiseforbud\/68952275\" rel=\"nofollow noopener\" target=\"_blank\">innreiseforbudet mot personer fra utvalgte muslimske land<\/a>.<\/p>\n<p>Til tross for massiv kritikk, forble Miller en av presidentens mest betrodde r\u00e5dgivere.<\/p>\n<p>&#8211; Stephen er et fantastisk menneske, uttalte Trump.<\/p>\n<p>Selv etter Trumps valgnederlag i 2020, forble Miller en n\u00f8kkelperson i konservative milj\u00f8er.<\/p>\n<p>Han grunnla America First Legal (AFL), en organisasjon som jobber for \u00e5 fremme Trumps politikk via domstolene. AFL lanserte blant annet et \u00abParents&#8217; Rights Toolkit\u00bb for \u00e5 hjelpe familier med \u00e5 beskytte barna sine mot det de beskriver som \u00abwoke\u00bb ideologi p\u00e5 skoler og universiteter.<\/p>\n<p>Intelligent<\/p>\n<p>Under Trumps valgkamp i 2024 fikk Miller rollen som oppvarmingstaler p\u00e5 valgm\u00f8ter.<\/p>\n<p>Donald Trump vant som kjent valget. Da han gjorde\u00a0comeback i Det hvite hus i januar,\u00a0<a href=\"https:\/\/www.dagbladet.no\/nyheter\/cnn-far-toppjobb\/82220072\" rel=\"nofollow noopener\" target=\"_blank\">var han snar med \u00e5 utnevne Miller til visestabssjef for politikk<\/a>.<\/p>\n<p class=\"italic m-italic\" data-lab-italic=\"italic\">&#8211; Er han blitt farligere denne gangen?<\/p>\n<p>&#8211; Miller er veldig intelligent, kunnskapsrik og vet hvordan han skal f\u00e5 ting gjort. Det gj\u00f8r ham til en sv\u00e6rt innflytelsesrik og effektiv r\u00e5dgiver, sier Hilmar Mjelde.<\/p>\n<p>Men det er fortsatt Trump som styrer Miller, ikke omvendt, mener Mjelde.\u00a0<\/p>\n<p>&#8211; Det er Trump som tar beslutningene. Det er ikke noen tvil hvem som er sjefen, selv om Miller er ideologen. Miller har Trumps \u00f8re. N\u00e5r han sier noe ekstremt i media, s\u00e5 er det ogs\u00e5 hva han sier til Trump bak lukkede d\u00f8rer og helt klart p\u00e5virker Trump.\u00a0<\/p>\n<p>&#8211; Uegnet<\/p>\n<p>Marie Simonsen er enig med Mjelde:\u00a0<\/p>\n<p>&#8211; Ingen m\u00e5 tro at Trump lar seg styre. Han er uberegnelig og egenr\u00e5dig blant sine n\u00e6rmeste og. Men han kan manipuleres og styres i en retning, og det virker det som Miller er en mester i \u00e5 gj\u00f8re.<\/p>\n<p>Men selv om Miller er langt tydeligere i denne presidentperioden (han har deltatt p\u00e5 <a href=\"https:\/\/www.nytimes.com\/2026\/01\/06\/us\/politics\/stephen-miller-foreign-policy.html\" rel=\"nofollow noopener\" target=\"_blank\">over 200 TV-sendinger i 2025<\/a>, if\u00f8lge Det hvite hus&#8217; pressesekret\u00e6r\u00a0Karoline\u00a0Leavitt), tror ikke ekspertene at vi f\u00e5r se ham drive egen presidentkampanje snart.\u00a0<\/p>\n<p>&#8211; Jeg tror<br \/>\nhan er forn\u00f8yd med \u00e5 v\u00e6re toppr\u00e5dgiver. Han vil neppe ha mer innflytelse og<br \/>\nmakt enn det han n\u00e5 har i noen annen rolle, mener Mjelde.\u00a0<\/p>\n<p>    <a itemprop=\"url\" href=\"https:\/\/www.dagbladet.no\/nyheter\/ondskapens-ansikt\/83688240\" rel=\"nofollow noopener\" target=\"_blank\"><\/p>\n<p>        <img loading=\"lazy\" decoding=\"async\" src=\"https:\/\/www.europesays.com\/no\/wp-content\/uploads\/2026\/01\/1768079661_804_83688244.webp.webp\" width=\"579\" height=\"261\" title=\"- Ondskapens ansikt\" alt=\"\" class=\"lazyload\" style=\"--aspect-ratio-image: 2.22; \"\/><\/p>\n<p>        &#8211; Ondskapens ansikt<\/p>\n<p>    <\/a><\/p>\n<p>&#8211; Jeg tror han innser sine begrensninger som frontfigur, og vet at han kan oppn\u00e5 vel s\u00e5 mye to skritt bak, sier Simonsen.<\/p>\n<p>&#8211; Han g\u00e5r<br \/>\nikke akkurat for \u00e5 v\u00e6re telegenisk eller ha et vinnende vesen. Han er en av de<br \/>\nmest mislikte personene i amerikansk offentlighet. S\u00e5 han er uegnet som<br \/>\npolitiker, avslutter Mjelde.<\/p>\n","protected":false},"excerpt":{"rendered":"Vi er vant til \u00e5 se ham i bakgrunnen av president Donald Trump. Men denne uka har plassert&hellip;\n","protected":false},"author":2,"featured_media":134170,"comment_status":"","ping_status":"","sticky":false,"template":"","format":"standard","meta":{"footnotes":""},"categories":[12],"tags":[20,21,55,24,25,2112,15,1403,22,23,13,30,28,29,14,16,15123,26,27,50,412,42,43,44,45],"class_list":{"0":"post-134169","1":"post","2":"type-post","3":"status-publish","4":"format-standard","5":"has-post-thumbnail","7":"category-verden","8":"tag-breaking-news","9":"tag-breakingnews","10":"tag-donald-trump","11":"tag-featured-news","12":"tag-featurednews","13":"tag-gronland","14":"tag-headlines","15":"tag-ice","16":"tag-latest-news","17":"tag-latestnews","18":"tag-news","19":"tag-no","20":"tag-norge","21":"tag-norway","22":"tag-nyheter","23":"tag-overskrifter","24":"tag-stephen-miller","25":"tag-top-stories","26":"tag-topstories","27":"tag-usa","28":"tag-utenriks","29":"tag-verden","30":"tag-world","31":"tag-world-news","32":"tag-worldnews"},"share_on_mastodon":{"url":"https:\/\/pubeurope.com\/@no\/115872875580135794","error":""},"_links":{"self":[{"href":"https:\/\/www.europesays.com\/no\/wp-json\/wp\/v2\/posts\/134169","targetHints":{"allow":["GET"]}}],"collection":[{"href":"https:\/\/www.europesays.com\/no\/wp-json\/wp\/v2\/posts"}],"about":[{"href":"https:\/\/www.europesays.com\/no\/wp-json\/wp\/v2\/types\/post"}],"author":[{"embeddable":true,"href":"https:\/\/www.europesays.com\/no\/wp-json\/wp\/v2\/users\/2"}],"replies":[{"embeddable":true,"href":"https:\/\/www.europesays.com\/no\/wp-json\/wp\/v2\/comments?post=134169"}],"version-history":[{"count":0,"href":"https:\/\/www.europesays.com\/no\/wp-json\/wp\/v2\/posts\/134169\/revisions"}],"wp:featuredmedia":[{"embeddable":true,"href":"https:\/\/www.europesays.com\/no\/wp-json\/wp\/v2\/media\/134170"}],"wp:attachment":[{"href":"https:\/\/www.europesays.com\/no\/wp-json\/wp\/v2\/media?parent=134169"}],"wp:term":[{"taxonomy":"category","embeddable":true,"href":"https:\/\/www.europesays.com\/no\/wp-json\/wp\/v2\/categories?post=134169"},{"taxonomy":"post_tag","embeddable":true,"href":"https:\/\/www.europesays.com\/no\/wp-json\/wp\/v2\/tags?post=134169"}],"curies":[{"name":"wp","href":"https:\/\/api.w.org\/{rel}","templated":true}]}}