{"id":134173,"date":"2026-01-10T21:17:08","date_gmt":"2026-01-10T21:17:08","guid":{"rendered":"https:\/\/www.europesays.com\/no\/134173\/"},"modified":"2026-01-10T21:17:08","modified_gmt":"2026-01-10T21:17:08","slug":"idrettsgallaen-erling-braut-haaland-idrettsgallaen-erling-braut-haaland-fikk-utovernes-pris","status":"publish","type":"post","link":"https:\/\/www.europesays.com\/no\/134173\/","title":{"rendered":"Idrettsgallaen, Erling Braut Haaland | Idrettsgallaen: Erling Braut Haaland fikk \u00abUt\u00f8vernes pris\u00bb"},"content":{"rendered":"\n<p>Erling Braut Haaland gikk helt til topps i k\u00e5ringen av ut\u00f8vernes pris p\u00e5 Idrettsgallaen i Hamar l\u00f8rdag kveld. Han fikk ogs\u00e5 prisen for \u00e5rets mannlige ut\u00f8ver.<\/p>\n<p>\u2013 Jeg begynner \u00e5 g\u00e5 litt tom for ord n\u00e5, sier Haaland.<\/p>\n<p>Juryen har ikke g\u00e5tt ut med en liste med nominerte navn i forkant. I denne prisen er det ut\u00f8verne selv om har stemt og organisert nominasjonene.<\/p>\n<p>Haaland tok en klar seier i avstemningen. Han avsl\u00f8rte i opptaket fra prisoverrekkelsen i Manchester at han selv hadde stemt p\u00e5 Martin \u00d8degaard.<\/p>\n<p>Jakob Ingebrigtsen (2022, 2025) og Erling Braut Haaland (2023, 2024) har delt p\u00e5 prisen de fire siste \u00e5rene.<\/p>\n<p>Solbakken hedret<\/p>\n<p>Landslagssjef St\u00e5le Solbakken vant prisen for \u00ab\u00c5rets trener\u00bb. I 2025 tok han Norge til VM som arrangeres til sommeren.<\/p>\n<p>I VM-kvalifiseringen hamret laget hans inn 37 m\u00e5l og vant \u00e5tte av \u00e5tte kamper. Sommerens VM blir det f\u00f8rste sluttspill for det norske herrelandslaget p\u00e5 26 \u00e5r, og det f\u00f8rste VM siden 1998.<\/p>\n<p>\u2013 Sist gang noen fra fotballen sto her, var vi tett p\u00e5 steinalderen, s\u00e5 kanskje er det p\u00e5 tide. S\u00e5 er jeg klar over at jeg konkurrerer med de som er verdensmestere og kommer til \u00e5 bli det. Jeg er ikke 100 prosent sikker p\u00e5 at vi blir det, sa Solbakken i takketalen.<\/p>\n<p>\u2013 Jeg har et fantastisk st\u00f8tteapparat, et fantastisk trenerteam. Vi har fantastiske ledere over meg med Lise og Karl-Petter i spissen og et styre som trodde p\u00e5 oss i det lange l\u00f8p. Takk for det.<\/p>\n<p>Glemte spillerne<\/p>\n<p>Han hadde mange flere \u00e5 takke.<\/p>\n<p>\u2013 Noe drar du med deg gjennom livet. Det er oppveksten min i Grue. Takk til fattern som sitter hjemme og muttern som sitter oppe der. Takk til Fredrik Bendiksen som jeg har hatt veldig mange gode samtaler med, takk til Nils Johan Semb og B\u00e5rd Wiggen som jeg har hatt tusenvis av fotballtimer med, og til slutt takk til verdens vakreste dame, psykologen Anniken Solbakken. Hjemme hos oss er det lurt \u00e5 ha en psykolog, og det var det s\u00e6rlig etter 1-2 mot Skottland.<\/p>\n<p>Da Solbakken noe senere kom p\u00e5 podiet igjen etter at laget hans ble k\u00e5ret til \u00e5rets lag, hadde han noe \u00e5 tillegge:<\/p>\n<p>\u2013 Jeg har sittet p\u00e5 bord med psykologen, som minnet meg p\u00e5 at jeg glemte \u00e5 takke de viktigste, nemlig spillerne.<\/p>\n<p>   <img decoding=\"async\" width=\"3685\" height=\"2456\" fetchpriority=\"low\"  loading=\"lazy\"  src=\"https:\/\/www.europesays.com\/no\/wp-content\/uploads\/2026\/01\/NTB__hUoM1U3Cb0.jpg\" alt=\"Hamar 20260110. &#10;Fotballtrener St\u00e5le Solbakken mottar prisen \u00c5rets trener under Idrettsgallaen i Hamar OL-amfi l\u00f8rdag kveld.&#10;Foto: Geir Olsen \/ NTB\" class=\"brick-c-cFOWSL\" style=\"--brick-image-ratio: 3685 \/ 2456;\"\/><\/p>\n<p>      BLE HEDRET: Landslagstrener St\u00e5le Solbakken.<br \/>\n      Foto: Geir Olsen\n    <\/p>\n<p>Det norske herrelandslaget i fotball ble k\u00e5ret til \u00e5rets lag.<\/p>\n<p>\u2013 Det er p\u00e5 tide, f\u00f8ler jeg, at vi endelig leverer, sa landslagskaptein Martin \u00d8degaard som i en videosnutt fikk kjenne p\u00e5 trofeet, i likhet med de \u00f8vrige i kapteinsteamet, Erling Braut Haaland og Sander Berge.<\/p>\n<p><b>Kveldens vinnere:<\/b><\/p>\n<ul>\n<li>Ut\u00f8vernes pris: Erling Braut Haaland<\/li>\n<li>\u00c5rets mannlige paraidrettsut\u00f8ver: Salum Kashafali<\/li>\n<li>\n<p>\u00c5rets kvinnelige ut\u00f8ver: Jeanette Hegg Duestad<\/p>\n<\/li>\n<li>\n<p>\u00c5rets kvinnelige paraut\u00f8ver: Helle Sofie Sag\u00f8y<\/p>\n<\/li>\n<li>\n<p>\u00c5rets mannlige ut\u00f8ver: Erling Braut Haaland<\/p>\n<\/li>\n<li>\n<p>\u00c5rets gjennombrudd: Kristoffer Reitan<\/p>\n<\/li>\n<li>\n<p>\u00c5rets ildsjel: Synn\u00f8ve Hopen<\/p>\n<\/li>\n<li>\n<p>\u00c5rets trener: St\u00e5le Solbakken<\/p>\n<\/li>\n<li>\n<p>\u00c5rets forbilde: Camilla Herrem<\/p>\n<\/li>\n<li>\n<p>\u00c5rets lag: Fotballandslaget for menn<\/p>\n<\/li>\n<li>\n<p>\u00c5rets navn: Katrine Lunde<\/p>\n<\/li>\n<\/ul>\n<p>Saken oppdateres fortl\u00f8pende.<\/p>\n","protected":false},"excerpt":{"rendered":"Erling Braut Haaland gikk helt til topps i k\u00e5ringen av ut\u00f8vernes pris p\u00e5 Idrettsgallaen i Hamar l\u00f8rdag kveld.&hellip;\n","protected":false},"author":2,"featured_media":134174,"comment_status":"","ping_status":"","sticky":false,"template":"","format":"standard","meta":{"footnotes":""},"categories":[59],"tags":[30,28,29,83,82],"class_list":{"0":"post-134173","1":"post","2":"type-post","3":"status-publish","4":"format-standard","5":"has-post-thumbnail","7":"category-sport","8":"tag-no","9":"tag-norge","10":"tag-norway","11":"tag-sport","12":"tag-sports"},"share_on_mastodon":{"url":"https:\/\/pubeurope.com\/@no\/115872887119539796","error":""},"_links":{"self":[{"href":"https:\/\/www.europesays.com\/no\/wp-json\/wp\/v2\/posts\/134173","targetHints":{"allow":["GET"]}}],"collection":[{"href":"https:\/\/www.europesays.com\/no\/wp-json\/wp\/v2\/posts"}],"about":[{"href":"https:\/\/www.europesays.com\/no\/wp-json\/wp\/v2\/types\/post"}],"author":[{"embeddable":true,"href":"https:\/\/www.europesays.com\/no\/wp-json\/wp\/v2\/users\/2"}],"replies":[{"embeddable":true,"href":"https:\/\/www.europesays.com\/no\/wp-json\/wp\/v2\/comments?post=134173"}],"version-history":[{"count":0,"href":"https:\/\/www.europesays.com\/no\/wp-json\/wp\/v2\/posts\/134173\/revisions"}],"wp:featuredmedia":[{"embeddable":true,"href":"https:\/\/www.europesays.com\/no\/wp-json\/wp\/v2\/media\/134174"}],"wp:attachment":[{"href":"https:\/\/www.europesays.com\/no\/wp-json\/wp\/v2\/media?parent=134173"}],"wp:term":[{"taxonomy":"category","embeddable":true,"href":"https:\/\/www.europesays.com\/no\/wp-json\/wp\/v2\/categories?post=134173"},{"taxonomy":"post_tag","embeddable":true,"href":"https:\/\/www.europesays.com\/no\/wp-json\/wp\/v2\/tags?post=134173"}],"curies":[{"name":"wp","href":"https:\/\/api.w.org\/{rel}","templated":true}]}}