{"id":134177,"date":"2026-01-10T21:24:10","date_gmt":"2026-01-10T21:24:10","guid":{"rendered":"https:\/\/www.europesays.com\/no\/134177\/"},"modified":"2026-01-10T21:24:10","modified_gmt":"2026-01-10T21:24:10","slug":"sport-nm-fire-maneder-etter-hun-begynte-ble-ingeborg-wage-mogster-17-norgesmester","status":"publish","type":"post","link":"https:\/\/www.europesays.com\/no\/134177\/","title":{"rendered":"Sport, NM | Fire m\u00e5neder etter hun begynte, ble Ingeborg W\u00e5ge M\u00f8gster (17) norgesmester"},"content":{"rendered":"\n<p>Da en skade satte en stopper for fotballen, m\u00e5tte hun finne noe nytt for \u00e5 stille konkurranseinstinktet. Dette skjedde h\u00f8sten 2025.<\/p>\n<p>\u2013 Jeg ble tipset av en venn av meg om \u00e5 v\u00e6re med p\u00e5 en 2000-meter som de har \u00e5rlig innad i roingen. Da jeg fikk godt resultat p\u00e5 den f\u00f8rste testen tenkte jeg bare at det var noe jeg trivdes med, s\u00e5 da var det bare \u00e5 fortsette, sier hun til BA.<\/p>\n<p>Og det gjorde hun til gangs. Hun forteller at hun de siste fire m\u00e5nedene har trent to timer om dagen fem-seks dager i uken. De timene er ikke alltid like underholdende.<\/p>\n<p>\u2013 Det er utrolig kjedelig, det er det bare \u00e5 si rett ut. Det var kanskje noe av det verste for meg som kommer fra fotball. Jeg er vant med \u00e5 l\u00f8pe langt, men da beveger man seg ute. P\u00e5 romaskinen sitter jeg bare og stirrer i den samme gr\u00e5 veggen hele tiden, ler hun.<\/p>\n<p><b>Trikset? Musikk, gode venner og treningskamerater.<\/b><\/p>\n<p>  <a href=\"https:\/\/www.ba.no\/5-8-3276911\" class=\"related-teaser has-image default-story-teaser article--c-eRUmMG article--c-eRUmMG-jKCPdD-design-default\" rel=\"nofollow noopener\" target=\"_blank\"><\/p>\n<p>    <img decoding=\"async\" loading=\"lazy\"  src=\"https:\/\/www.europesays.com\/no\/wp-content\/uploads\/2026\/01\/1768080249_364_SE1_2544+kopi.jpg\" alt=\"\" class=\"brick-c-cFOWSL\" style=\"\"\/><\/p>\n<p>\n            Les ogs\u00e5<\/p>\n<p>              Derfor har Glimt-sjefen troen p\u00e5 Brann\n        <\/p>\n<p>  <\/a><br \/>\n  \u2013 Sykt<\/p>\n<p>Hvordan g\u00e5r man fra \u00e5 v\u00e6re nybegynner i roing til \u00e5 vinne NM-gull p\u00e5 fire m\u00e5neder? If\u00f8lge Ingeborg handler det om dedikasjon.<\/p>\n<p>\u2013 Det g\u00e5r mye i \u00e5 pushe seg selv og viktigheten av \u00e5 prioritere trening.<\/p>\n<p>\u2013 Hadde du god grunntrening fra f\u00f8r?<\/p>\n<p>\u2013 Bakgrunnen min er fotball, s\u00e5 det er en styrke i beina jeg tar med meg videre. S\u00e5 er jeg ganske h\u00f8y og har alltid drevet med idrett.<\/p>\n<p>   <img decoding=\"async\" width=\"8256\" height=\"5504\" fetchpriority=\"low\"  loading=\"lazy\"  src=\"https:\/\/www.europesays.com\/no\/wp-content\/uploads\/2026\/01\/5+%288%29.jpg\" alt=\"NM i romaskin i Haukelandshallen&#10;&#10;Ingeborg W\u00e5ge M\u00f8gster (17) tok gull i U19-klassen.\" class=\"brick-c-cFOWSL\" style=\"--brick-image-ratio: 8256 \/ 5504;\"\/><\/p>\n<p>      \u2013 Sykt \u00e5 tenke p\u00e5<br \/>\n      Foto: ANDERS KJ\u00d8LEN\n    <\/p>\n<p>Slik beskriver hun f\u00f8lelsen av \u00e5 ha sikret seg NM-gull i U19-klassen.:<\/p>\n<p>\u2013 Det er ganske sykt \u00e5 tenke p\u00e5. Det har ikke helt g\u00e5tt opp for meg om jeg skal v\u00e6re \u00e6rlig. Jeg er ganske forn\u00f8yd med at jeg har klart \u00e5 holde p\u00e5 s\u00e5 kort og prestert som jeg har. Jeg har prioritert dette veldig, og har i utgangspunktet en tanke om at jeg enten g\u00e5r all in, eller s\u00e5 blir det ingenting.<\/p>\n<p>M\u00e5let f\u00f8r finalen var \u00e5 komme seg p\u00e5 pallen. Det klarte hun.<\/p>\n<p>\u2013 Enda g\u00f8yere \u00e5 lande p\u00e5 gullet, sier hun.<\/p>\n<p>N\u00e5 \u00e5pner hun ogs\u00e5 for \u00e5 satse p\u00e5 vannet.<\/p>\n<p>\u2013 Jeg har lyst \u00e5 fortsette videre og gj\u00f8re det bra, s\u00e5 det er stor sannsynlighet for det!<\/p>\n<p>\u2013 Bergens neste rostjerne?<\/p>\n<p><b>\u2013 Man kan i alle fall krysse fingrene for det!<\/b><\/p>\n<p>  <a href=\"https:\/\/www.ba.no\/5-8-3272456\" class=\"related-teaser has-image default-story-teaser article--c-eRUmMG article--c-eRUmMG-jKCPdD-design-default\" rel=\"nofollow noopener\" target=\"_blank\"><\/p>\n<p>    <img decoding=\"async\" loading=\"lazy\"  src=\"https:\/\/www.europesays.com\/no\/wp-content\/uploads\/2026\/01\/5+%284%29.jpg\" alt=\"\" class=\"brick-c-cFOWSL\" style=\"\"\/><\/p>\n<p>\n            Les ogs\u00e5<\/p>\n<p>              Treningene lagt p\u00e5 is: \u2013 Maks uheldig\n        <\/p>\n<p>  <\/a><br \/>\n  Sammenligner med Tufte<\/p>\n<p>Generalsekret\u00e6r i Norges Roforbund og tidligere landslagsroer Oskar S\u00f8dal roser bergenseren.<\/p>\n<p>\u2013 Det er utrolig kult. Det er nok noen fysiske forutsetninger som ligger til grunn fra tidligere idretter. Noen er bare helt r\u00e5 fysisk og kan sette seg p\u00e5 en romaskin og ro raskt, sier han.<\/p>\n<p>Videre sammenligner han henne med en sv\u00e6rt kjent roer.<\/p>\n<p>\u2013 Det er helt r\u00e5tt det hun har levert. Det er heller ikke helt ukjent, og det som er kult, er at Olaf Tufte ogs\u00e5 var 17 \u00e5r f\u00f8rste gang han satte seg i en rob\u00e5t.<\/p>\n<p>   <img decoding=\"async\" width=\"7287\" height=\"4858\" fetchpriority=\"low\"  loading=\"lazy\"  src=\"https:\/\/www.europesays.com\/no\/wp-content\/uploads\/2026\/01\/8+%287%29.jpg\" alt=\"NM i romaskin i Haukelandshallen&#10;&#10;Oskar S\u00f8dal, gener\u00e6lsekret\u00e6r i Norges Roforbund\" class=\"brick-c-cFOWSL\" style=\"--brick-image-ratio: 7287 \/ 4858;\"\/><\/p>\n<p>      Generalsekret\u00e6r i Norges Roforbund, Oskar S\u00f8dal.<br \/>\n      Foto: ANDERS KJ\u00d8LEN\n    <\/p>\n<p>  Idrett i vekst<\/p>\n<p>Men hva er egentlig NM i innend\u00f8rsroing?<\/p>\n<p>\u2013 Det foreg\u00e5r p\u00e5 innend\u00f8rs romaskiner, samme som mange kjenner fra treningssentre eller kjellerne sine. Allerede da maskinene kom til Norge p\u00e5 90-tallet, begynte man \u00e5 arrangere konkurranser, s\u00e5 det har p\u00e5g\u00e5tt en stund.<\/p>\n<p>Han forteller at det er en idrett i vekst.<\/p>\n<p>\u2013 N\u00e5 har det ogs\u00e5 blitt godkjent som en egen gren hos .<\/p>\n<p>I \u00e5r deltar hele 362 ut\u00f8vere i NM. I tillegg har bergenserne m\u00f8tt opp i Haukelandshallen.<\/p>\n<p>\u2013 Det er bra oppm\u00f8te her, som er veldig g\u00f8y. Vi pr\u00f8ver \u00e5 legge disse arrangementene til steder vi normalt ikke arrangerer s\u00e5 mye regatta p\u00e5 vannet, s\u00e5 det er derfor vi er i Bergen n\u00e5.<\/p>\n<p>Planen var egentlig at landslaget skulle v\u00e6re med p\u00e5 festen, men det gikk ikke denne gangen.<\/p>\n<p>\u2013 De m\u00e5tte til h\u00f8yden. Vi valgte \u00e5 sende dem til Livigno der vi vanligvis har h\u00f8ydesamlinger. Der arrangeres det OL snart, s\u00e5 for \u00e5 f\u00e5 det til, m\u00e5tte vi gj\u00f8re det i den tiden her.<\/p>\n<p><b>Om de skulle ha deltatt, hadde landslaget rett og slett ikke rukket h\u00f8ydesamlingen. <\/b><\/p>\n<p>  <a href=\"https:\/\/www.ba.no\/5-8-3270397\" class=\"related-teaser has-image default-story-teaser article--c-eRUmMG article--c-eRUmMG-jKCPdD-design-default\" rel=\"nofollow noopener\" target=\"_blank\"><\/p>\n<p>    <img decoding=\"async\" loading=\"lazy\"  src=\"https:\/\/www.europesays.com\/no\/wp-content\/uploads\/2026\/01\/1768080250_810_EH8_0453_Redigert.jpg\" alt=\"\" class=\"brick-c-cFOWSL\" style=\"\"\/><\/p>\n<p>\n            Les ogs\u00e5<\/p>\n<p>              Isen i \u00abBadekaret\u00bb smeltet: \u2013 Enormt viktig for oss\n        <\/p>\n<p>  <\/a><\/p>\n","protected":false},"excerpt":{"rendered":"Da en skade satte en stopper for fotballen, m\u00e5tte hun finne noe nytt for \u00e5 stille konkurranseinstinktet. Dette&hellip;\n","protected":false},"author":2,"featured_media":134178,"comment_status":"","ping_status":"","sticky":false,"template":"","format":"standard","meta":{"footnotes":""},"categories":[59],"tags":[36,2707,2976,15459,30,28,29,4919,83,82,1510],"class_list":{"0":"post-134177","1":"post","2":"type-post","3":"status-publish","4":"format-standard","5":"has-post-thumbnail","7":"category-sport","8":"tag-art","9":"tag-mosjon","10":"tag-nm","11":"tag-nm-i-roing","12":"tag-no","13":"tag-norge","14":"tag-norway","15":"tag-roing","16":"tag-sport","17":"tag-sports","18":"tag-story"},"share_on_mastodon":{"url":"https:\/\/pubeurope.com\/@no\/115872914704266607","error":""},"_links":{"self":[{"href":"https:\/\/www.europesays.com\/no\/wp-json\/wp\/v2\/posts\/134177","targetHints":{"allow":["GET"]}}],"collection":[{"href":"https:\/\/www.europesays.com\/no\/wp-json\/wp\/v2\/posts"}],"about":[{"href":"https:\/\/www.europesays.com\/no\/wp-json\/wp\/v2\/types\/post"}],"author":[{"embeddable":true,"href":"https:\/\/www.europesays.com\/no\/wp-json\/wp\/v2\/users\/2"}],"replies":[{"embeddable":true,"href":"https:\/\/www.europesays.com\/no\/wp-json\/wp\/v2\/comments?post=134177"}],"version-history":[{"count":0,"href":"https:\/\/www.europesays.com\/no\/wp-json\/wp\/v2\/posts\/134177\/revisions"}],"wp:featuredmedia":[{"embeddable":true,"href":"https:\/\/www.europesays.com\/no\/wp-json\/wp\/v2\/media\/134178"}],"wp:attachment":[{"href":"https:\/\/www.europesays.com\/no\/wp-json\/wp\/v2\/media?parent=134177"}],"wp:term":[{"taxonomy":"category","embeddable":true,"href":"https:\/\/www.europesays.com\/no\/wp-json\/wp\/v2\/categories?post=134177"},{"taxonomy":"post_tag","embeddable":true,"href":"https:\/\/www.europesays.com\/no\/wp-json\/wp\/v2\/tags?post=134177"}],"curies":[{"name":"wp","href":"https:\/\/api.w.org\/{rel}","templated":true}]}}