{"id":134185,"date":"2026-01-10T21:31:09","date_gmt":"2026-01-10T21:31:09","guid":{"rendered":"https:\/\/www.europesays.com\/no\/134185\/"},"modified":"2026-01-10T21:31:09","modified_gmt":"2026-01-10T21:31:09","slug":"idrettsgallaen-ol-klaebo-med-ol-beskjed-pa-direkten-legger-press-pa-ledelsen","status":"publish","type":"post","link":"https:\/\/www.europesays.com\/no\/134185\/","title":{"rendered":"Idrettsgallaen, OL | Kl\u00e6bo med OL-beskjed p\u00e5 direkten: Legger press p\u00e5 ledelsen"},"content":{"rendered":"\n<p>CC AMFI HAMAR (Nettavisen): L\u00f8rdag kveld arrangeres Idrettsgallaen for 24. gang, og totalt 12 priser deles ut i OL-amfiet.<\/p>\n<p>Johannes H\u00f8sflot Kl\u00e6bo var med i form av en videosnutt fra Gardermoen under Idrettsgallaen, og la press p\u00e5 landslagsledelsen foran OL-uttaket.<\/p>\n<p>\u2013 Jeg er p\u00e5 vei til Lavaze og de siste forberedelsene til OL, sa han og vendte mobilen slik at han avsl\u00f8rte at Emil Iversen var sammen med ham.<\/p>\n<p><b>Les ogs\u00e5: <a rel=\"Follow nofollow noopener\" href=\"https:\/\/www.nettavisen.no\/sport\/idrettsgallaen-erling-braut-haaland-fikk-utovernes-pris\/s\/5-95-2818718\" target=\"_blank\">Idrettsgallaen: Erling Braut Haaland fikk ut\u00f8vernes pris<\/a><\/b><\/p>\n<p>\u2013 Vi regner med at han skal til OL han og. Det har fungert s\u00e5 bra til n\u00e5, s\u00e5 Emil blir med til h\u00f8yden han ogs\u00e5, sa Kl\u00e6bo.<\/p>\n<p>\u2013 Vi g\u00e5r for gull, supplerte Iversen med et smil.<\/p>\n<p>   <img decoding=\"async\" width=\"8192\" height=\"5464\" fetchpriority=\"low\"  loading=\"lazy\"  src=\"https:\/\/www.europesays.com\/no\/wp-content\/uploads\/2026\/01\/NTB_5jDr1TjpEnI.jpg\" alt=\"Beitost\u00f8len 20231118. &#10;Emil Iversen etter 10 km. under den nasjonale sesong\u00e5pningen p\u00e5 Beitost\u00f8len.&#10;Foto: Geir Olsen \/ NTB\" class=\"brick-c-cFOWSL\" style=\"--brick-image-ratio: 8192 \/ 5464;\"\/><\/p>\n<p>      G\u00c5R FOR GULL: Emil Iversen.<br \/>\n      Foto: Geir Olsen (NTB)\n    <\/p>\n<p>At Kl\u00e6bo har reist p\u00e5 h\u00f8ydetrening betyr etter alt \u00e5 d\u00f8mme at han ikke blir \u00e5 se i NM kommende uke.<\/p>\n<p>Kl\u00e6bos r\u00e5dgiver Lasse Gimnes sa s\u00e5 sent som fredag til NTB at det ikke var klart om langrennsstjernen ville delta i NM.<\/p>\n<p>Kl\u00e6bo var nominert som \u00e5rets mannlige ut\u00f8ver under Idrettsgallaen takket v\u00e6re sine seks VM-gull i fjor, men prisen gikk til Erling Braut Haaland.<\/p>\n","protected":false},"excerpt":{"rendered":"CC AMFI HAMAR (Nettavisen): L\u00f8rdag kveld arrangeres Idrettsgallaen for 24. gang, og totalt 12 priser deles ut i&hellip;\n","protected":false},"author":2,"featured_media":134186,"comment_status":"","ping_status":"","sticky":false,"template":"","format":"standard","meta":{"footnotes":""},"categories":[59],"tags":[30,28,29,83,82],"class_list":{"0":"post-134185","1":"post","2":"type-post","3":"status-publish","4":"format-standard","5":"has-post-thumbnail","7":"category-sport","8":"tag-no","9":"tag-norge","10":"tag-norway","11":"tag-sport","12":"tag-sports"},"share_on_mastodon":{"url":"https:\/\/pubeurope.com\/@no\/115872942179515586","error":""},"_links":{"self":[{"href":"https:\/\/www.europesays.com\/no\/wp-json\/wp\/v2\/posts\/134185","targetHints":{"allow":["GET"]}}],"collection":[{"href":"https:\/\/www.europesays.com\/no\/wp-json\/wp\/v2\/posts"}],"about":[{"href":"https:\/\/www.europesays.com\/no\/wp-json\/wp\/v2\/types\/post"}],"author":[{"embeddable":true,"href":"https:\/\/www.europesays.com\/no\/wp-json\/wp\/v2\/users\/2"}],"replies":[{"embeddable":true,"href":"https:\/\/www.europesays.com\/no\/wp-json\/wp\/v2\/comments?post=134185"}],"version-history":[{"count":0,"href":"https:\/\/www.europesays.com\/no\/wp-json\/wp\/v2\/posts\/134185\/revisions"}],"wp:featuredmedia":[{"embeddable":true,"href":"https:\/\/www.europesays.com\/no\/wp-json\/wp\/v2\/media\/134186"}],"wp:attachment":[{"href":"https:\/\/www.europesays.com\/no\/wp-json\/wp\/v2\/media?parent=134185"}],"wp:term":[{"taxonomy":"category","embeddable":true,"href":"https:\/\/www.europesays.com\/no\/wp-json\/wp\/v2\/categories?post=134185"},{"taxonomy":"post_tag","embeddable":true,"href":"https:\/\/www.europesays.com\/no\/wp-json\/wp\/v2\/tags?post=134185"}],"curies":[{"name":"wp","href":"https:\/\/api.w.org\/{rel}","templated":true}]}}