{"id":134187,"date":"2026-01-10T21:38:33","date_gmt":"2026-01-10T21:38:33","guid":{"rendered":"https:\/\/www.europesays.com\/no\/134187\/"},"modified":"2026-01-10T21:38:33","modified_gmt":"2026-01-10T21:38:33","slug":"erling-gjelsvik-debatt-erling-gjelsvik-at-mennesker-med-innvandrerbakgrunn-blir-sett-pa-som-et-problem-er-i-seg-selv-problematisk","status":"publish","type":"post","link":"https:\/\/www.europesays.com\/no\/134187\/","title":{"rendered":"Erling Gjelsvik, Debatt | Erling Gjelsvik: \u2013 At mennesker med innvandrerbakgrunn blir sett p\u00e5 som et problem er i seg selv problematisk"},"content":{"rendered":"\n<p><b>Fremskrittspartiet har<\/b> f\u00e5tt den ene r\u00e6vdilteren etter den andre. I innvandringssp\u00f8rsm\u00e5let er sindige Tonje Brenna, Aps f\u00f8rstedame, blitt riktig s\u00e5 hard i klypene. Etter m\u00f8nster fra sin danske s\u00f8sterpartis\u00f8ster Mette Frederiksen er hun \u00e5pen for \u00e5 opprette norske asylmottak i Afrika. H\u00f8yres posterboy Ola Svenneby mener h\u00f8y innvandring kan utfordre den norske samfunnsmodellen, og vil stramme inn politikken.<\/p>\n<p>Blant oss som har sans for det engelskmennene kaller \u00abgood, clean, wicked fun\u00bb, er et race mot bunnen alltid av interesse. Det er spennende \u00e5 f\u00f8lge med p\u00e5 hvordan den asylrettslige gjestfriheten fordunster innenfor de tradisjonelle styringspartiene.<\/p>\n<p>\u00c5rsaken kan avleses i gallup. If\u00f8lge <a href=\"https:\/\/www.nettavisen.no\/nyheter\/frp-far-31-9-prosent-i-ny-maling\/s\/5-95-2811386\" rel=\"Follow nofollow noopener\" target=\"_blank\">siste InFact-m\u00e5ling<\/a> er Frp godt over dobbelt s\u00e5 stort som H\u00f8yre, og mer enn ti prosent st\u00f8rre enn Arbeiderpartiet.<\/p>\n<p><b>Stigen trekkes opp<\/b> p\u00e5 alle bauger og kanter. P\u00e5fallende er det at stadig flere nordmenn med innvandrerbakgrunn tar til orde for \u00e5 begrense innvandringen. De f\u00f8ler sin egen posisjon truet av uroen som immigrasjonspresset skaper.<\/p>\n<blockquote class=\"brick-c-kLSvcb theme-white\">\n<p class=\"blockquote-text\">Noen vil gjerne gr\u00e5te en skvett over den homogene nasjonen som har g\u00e5tt tapt. Men hva hjelper det?<\/p>\n<\/blockquote>\n<p>Alt peker i retning av at sinnelagspolitikken p\u00e5 dette omr\u00e5det, som har v\u00e6rt toneangivende i et par mannsaldre, st\u00e5r for fall. En innvandringsb\u00f8lge basert p\u00e5 empati og velvillighet har vist seg \u00e5 bli stadig mer uh\u00e5ndterlig. Hovedproblemet er et frav\u00e6r av folkelig forankring.<\/p>\n<p>I Norge er det ingen mangel p\u00e5 hjelpsomhet. Derimot vokser aversjonen mot en elite som trykket sin idealistiske internasjonalisme ned over hodene p\u00e5 folk. S\u00e5 vidt jeg kan erindre, har knapt nok noen i folkedypet ivret for en fullstendig omkalfatring av befolkningssammensetningen i Norge. Men det er noe slikt vi har f\u00e5tt.<\/p>\n<p><b>Alts\u00e5 er det i seneste<\/b> laget \u00e5 p\u00e5peke at mange norske politikere har oversett l\u00e6rdommen som skoleverket prentet inn i dem, nemlig den obligatoriske gjennomgangen av Henrik Ibsens \u00abVildanden\u00bb. Tragedien tilrettelegges av Gregers Werle. Med sin \u00abrettskaffenhetsfeber\u00bb \u00f8delegger han en familie. Den ideale fordring, som Gregers pukker p\u00e5, utl\u00f8ser katastrofen.<\/p>\n<p>Parallellen til norsk og internasjonal immigrasjonskrise er \u00e5penbar. Asylinstituttet, i utgangspunktet et sivilisatorisk adelsmerke, har gitt st\u00f8tet til folkevandringskaos. En grunnleggende god id\u00e9 har vist seg \u00e5 v\u00e6re en d\u00e5rlig id\u00e9, takket v\u00e6re slapphet og forvirring i den praktiske h\u00e5ndhevelsen av prinsippet.<\/p>\n<p>   <img decoding=\"async\" width=\"8640\" height=\"5760\" fetchpriority=\"low\"  loading=\"lazy\"  src=\"https:\/\/www.europesays.com\/no\/wp-content\/uploads\/2026\/01\/NTB_JENMHXFy_CY.jpg\" alt=\"Asker 20250225. &#10;Statsminister Jonas Gahr St\u00f8re, Danmarks Statsminister Mette Fredriksen, Islands Statsminister Kristr\u00fan Mj\u00f6ll Frostad\u00f3ttir, Magdalena Andersson (Sverige) og Antti Lindtmann (Finland) under kongressen for Arbeiderbevegelsens nordiske samarbeidskomite (Samak) i Oslo&#10;Foto: Cornelius Poppe \/ NTB\" class=\"brick-c-cFOWSL\" style=\"--brick-image-ratio: 8640 \/ 5760;\"\/><\/p>\n<p>      Danmarks Statsminister Mette Frederiksen.<br \/>\n      Foto: Cornelius Poppe\n    <\/p>\n<p><b>Som man reder<\/b>, s\u00e5 ligger man. Med \u00e5pne \u00f8yne har Norge importert en splitter ny underklasse, inkludert alle problemene det medf\u00f8rer. Press p\u00e5 velferdsgodene. Tr\u00f8bbel i skoleverket. \u00d8kt krim.<\/p>\n<p>Her er vi n\u00e5. Skal vi dermed hengi oss til en fremmedfiendtlig panikk, slik den brer seg som ringer i vannet fra Frp? Eller akseptere situasjonen, alts\u00e5 skaperverket til flere generasjoner av v\u00e5re folkevalgte \u2013 p\u00e5 kryss og tvers av skillelinjer og maktkabaler?<\/p>\n<p>At mennesker med innvandrerbakgrunn i \u00f8kende grad blir sett p\u00e5 som et problem, fremfor en berikelse for fellesskapet, er i seg selv ytterst problematisk. \u00c5 f\u00f8le seg uvelkommen f\u00f8rer sjelden til noe positivt. Og sannheten er jo at parallelt med elendighetsbeskrivelsene, i stort og sm\u00e5tt, avtegner det seg en suksessfortelling.<\/p>\n<p>I det store og hele finner de sist ankomne seg godt til rette sammen med s\u00e5kalt etniske nordmenn. I woke-vokabularet er assimilering et fyord, men i praksis er det slikt som skjer. For min egen del blir jeg varm om hjertet n\u00e5r jeg m\u00f8ter unge mennesker, med et fremmedartet utseende i \u00f8ynene til min generasjon, som snakker kav bergensk. Og om noen har en aksent \u2013 hva s\u00e5? Den som har valgt \u00e5 leve livet sitt i Bergen, er en bergenser.<\/p>\n<p><b>Utvilsomt skal vi<\/b> ta utfordringene forbundet med masseinnvandringen p\u00e5 alvor. Men samtidig er det n\u00f8dvendig \u00e5 senke skuldrene. For hva er alternativet? \u00c5 f\u00e5 ketchupen tilbake p\u00e5 tuben?<\/p>\n<p>   <img decoding=\"async\" width=\"9504\" height=\"6336\" fetchpriority=\"low\"  loading=\"lazy\"  src=\"https:\/\/www.europesays.com\/no\/wp-content\/uploads\/2026\/01\/NTB_TtrtPQvpcC4.jpg\" alt=\"Arendal 20250814. &#10;Unge H\u00f8yres leder Ola Svenneby\u00a0og FpUs leder Simen Velle\u00a0 under ungdomspartilederdebatten under Arendalsuka.&#10;Foto: Ole Berg-Rusten \/ NTB\" class=\"brick-c-cFOWSL\" style=\"--brick-image-ratio: 9504 \/ 6336;\"\/><\/p>\n<p>      \u2013 Fremskrittspartiet har f\u00e5tt den ene r\u00e6vedilteren etter den andre, skriver spaltisten. P\u00e5 bildet: Unge H\u00f8yres Ola Svenneby og FpUs Simen Velle.<br \/>\n      Foto: Ole Berg-Rusten\n    <\/p>\n<p>N\u00e5r angstbiterne begynner \u00e5 fable om asylantmottak langt borte fra v\u00e5re egne grenser, for ikke \u00e5 snakke om summarisk retur av dem som allerede er her, b\u00f8r vi v\u00e6re p\u00e5 vakt. Tankegodset stinker. Nazistenes f\u00f8rste innskytelse var bortvisning av j\u00f8dene, kanskje omplassering i en eller annen fjerntliggende \u00f8demark. I neste omgang kom ideen om en Endl\u00f5sung.<\/p>\n<p>\u00c5 h\u00e5ndtere immigrasjonsproblematikk med paranoia som rettesnor er en oppskrift p\u00e5 omfattende sosial vantrivsel. Bare se for dere den endel\u00f8se tautrekningen som en snuoperasjon avstedkommer, alle skjebnene som skal avgj\u00f8res i rettsapparatet, st\u00f8ttegrupper som gr\u00e5ter sine modige t\u00e5rer, ankesaker, kanskje en repatriering eller to. Muligens f\u00e5r en og annen politiker anledning til sl\u00e5 seg for brystet som \u00abstreng, men rettferdig\u00bb. Men det er ogs\u00e5 alt.<\/p>\n<p><b>Det er like greit <\/b>\u00e5 venne seg til at Norge er endret for bestandig. Noen vil gjerne gr\u00e5te en skvett over den homogene nasjonen som har g\u00e5tt tapt. Men hva hjelper det?<\/p>\n<p>Og forresten var ikke fortidens Norge enhetlig og idyllisk i det hele tatt. Det var et beinhardt klassesamfunn, i tillegg gjennomsyret av irrasjonelle fordommer p\u00e5 kryss og tvers \u2013 mot samer, mot tatere, mot nordlendinger, mot striler. Og selvf\u00f8lgelig mot \u00f8stlendinger i vest, og bergensere i \u00f8st.<\/p>\n<p>Man kan sp\u00f8rre seg: Er det i praksis mulig \u00e5 ha et velfungerende fellesskap uten noen \u00e5 se ned p\u00e5? Hva om vi pr\u00f8ver \u00e5 svare JA p\u00e5 det sp\u00f8rsm\u00e5let? Er det ikke like greit, fremfor \u00e5 gr\u00e5te over spilt melk, \u00e5 innse at slike t\u00e5rer er spilt m\u00f8ye?<\/p>\n<p>La oss leve v\u00e5re liv i fordragelighet \u2013 som det nye folket vi ugjenkallelig er blitt.<\/p>\n<p>  <a href=\"https:\/\/www.ba.no\/5-8-3269737\" class=\"related-teaser has-image default-opinion-teaser article--c-eRUmMG article--c-eRUmMG-jKCPdD-design-default\" rel=\"nofollow noopener\" target=\"_blank\"><\/p>\n<p>    <img decoding=\"async\" loading=\"lazy\"  src=\"https:\/\/www.europesays.com\/no\/wp-content\/uploads\/2026\/01\/EWB_6727.jpg\" alt=\"\" class=\"brick-c-cFOWSL\" style=\"\"\/><\/p>\n<p>\n            Les ogs\u00e5<\/p>\n<p>              \u00c5 v\u00e6re kunde p\u00e5 narkokartellenes marked er asosialt\n        <\/p>\n<p>  <\/a><\/p>\n","protected":false},"excerpt":{"rendered":"Fremskrittspartiet har f\u00e5tt den ene r\u00e6vdilteren etter den andre. I innvandringssp\u00f8rsm\u00e5let er sindige Tonje Brenna, Aps f\u00f8rstedame, blitt&hellip;\n","protected":false},"author":2,"featured_media":134188,"comment_status":"","ping_status":"","sticky":false,"template":"","format":"standard","meta":{"footnotes":""},"categories":[10],"tags":[36,20,21,37,3736,24,25,763,15,4232,22,23,13,30,28,29,14,1533,16,26,27],"class_list":{"0":"post-134187","1":"post","2":"type-post","3":"status-publish","4":"format-standard","5":"has-post-thumbnail","7":"category-norge","8":"tag-art","9":"tag-breaking-news","10":"tag-breakingnews","11":"tag-debatt","12":"tag-erling-gjelsvik","13":"tag-featured-news","14":"tag-featurednews","15":"tag-fremskrittspartiet","16":"tag-headlines","17":"tag-innvandring","18":"tag-latest-news","19":"tag-latestnews","20":"tag-news","21":"tag-no","22":"tag-norge","23":"tag-norway","24":"tag-nyheter","25":"tag-opinion","26":"tag-overskrifter","27":"tag-top-stories","28":"tag-topstories"},"share_on_mastodon":{"url":"https:\/\/pubeurope.com\/@no\/115872969788388033","error":""},"_links":{"self":[{"href":"https:\/\/www.europesays.com\/no\/wp-json\/wp\/v2\/posts\/134187","targetHints":{"allow":["GET"]}}],"collection":[{"href":"https:\/\/www.europesays.com\/no\/wp-json\/wp\/v2\/posts"}],"about":[{"href":"https:\/\/www.europesays.com\/no\/wp-json\/wp\/v2\/types\/post"}],"author":[{"embeddable":true,"href":"https:\/\/www.europesays.com\/no\/wp-json\/wp\/v2\/users\/2"}],"replies":[{"embeddable":true,"href":"https:\/\/www.europesays.com\/no\/wp-json\/wp\/v2\/comments?post=134187"}],"version-history":[{"count":0,"href":"https:\/\/www.europesays.com\/no\/wp-json\/wp\/v2\/posts\/134187\/revisions"}],"wp:featuredmedia":[{"embeddable":true,"href":"https:\/\/www.europesays.com\/no\/wp-json\/wp\/v2\/media\/134188"}],"wp:attachment":[{"href":"https:\/\/www.europesays.com\/no\/wp-json\/wp\/v2\/media?parent=134187"}],"wp:term":[{"taxonomy":"category","embeddable":true,"href":"https:\/\/www.europesays.com\/no\/wp-json\/wp\/v2\/categories?post=134187"},{"taxonomy":"post_tag","embeddable":true,"href":"https:\/\/www.europesays.com\/no\/wp-json\/wp\/v2\/tags?post=134187"}],"curies":[{"name":"wp","href":"https:\/\/api.w.org\/{rel}","templated":true}]}}