{"id":134193,"date":"2026-01-10T21:45:29","date_gmt":"2026-01-10T21:45:29","guid":{"rendered":"https:\/\/www.europesays.com\/no\/134193\/"},"modified":"2026-01-10T21:45:29","modified_gmt":"2026-01-10T21:45:29","slug":"hoyre-skole-dokumenter-avslorer-bortvisning-disiplin-og-tvungent-skolebytte","status":"publish","type":"post","link":"https:\/\/www.europesays.com\/no\/134193\/","title":{"rendered":"H\u00f8yre, Skole | Dokumenter avsl\u00f8rer: Bortvisning, disiplin og tvungent skolebytte"},"content":{"rendered":"\n<p><b>Interne H\u00f8yre-dokumenter som Nettavisen har f\u00e5tt tilgang p\u00e5 viser at partiet bereder grunnen for en solid h\u00f8yredreining i skolepolitikken.<\/b><\/p>\n<p>Dokumentet, som er \u00e9n av to store resolusjoner til partiets landsm\u00f8te i februar, tar blant annet til orde for mobilfri skole, \u00f8kt bruk av niv\u00e5deling, strengere disiplin, lettere adgang til bortvisning og tvungent skolebytte.<\/p>\n<p>Dokumentene skulle etter planen offentliggj\u00f8res f\u00f8rst n\u00e6rmere landsm\u00f8tet 13.\u201315. februar. <\/p>\n<p>I tillegg reduseres vekten p\u00e5 elevers individuelle rettigheter, i de interne dokumentene. Resolusjonen skulle etter planen offentliggj\u00f8res inn mot landsm\u00f8tet 13. februar. P\u00e5 landsm\u00f8tet skal H\u00f8yre ogs\u00e5 klappe gjennom ny partiledelse, i tillegg til \u00e5 stake ut kursen for \u00abnye H\u00f8yre\u00bb. <\/p>\n<p>Nylig kunne <a href=\"https:\/\/www.nettavisen.no\/nyheter\/interne-dokumenter-avslorer-slik-blir-det-nye-hoyre\/s\/5-95-2815591\" rel=\"Follow nofollow noopener\" target=\"_blank\">Nettavisen ogs\u00e5 avsl\u00f8re H\u00f8yres interne politiske planer for omstilling av Norge<\/a>.<\/p>\n<p><b>H\u00f8r politisk podkast fra Nettavisen: Dette er karakterboken til St\u00f8res regjering<\/b><\/p>\n<p>En skole i krise?<\/p>\n<p>Resolusjonen tegner et bilde av en norsk skole i krise: fallende l\u00e6ringsresultater, mer uro i klasserommene og l\u00e6rere som \u00abst\u00e5r alene uten autoritet\u00bb. Svaret fra H\u00f8yre skal bli som f\u00f8lger: En tydeligere, strengere og mer kunnskapsorientert skole \u2013 med l\u00e6reren som \u00absjefen i klasserommet\u00bb.<\/p>\n<p>Blant de mest omstridte forslagene er kravet om mobilfri undervisning gjennom hele skolel\u00f8pet, samt en kraftig reduksjon i skjermbruk \u2013 s\u00e6rlig p\u00e5 sm\u00e5trinnet. Digitale ferdigheter foresl\u00e5s fjernet som grunnleggende ferdighet og erstattet med \u00abkonsentrasjon og utholdenhet\u00bb.<\/p>\n<p>\u00abSkolen skal ikke v\u00e6re en underholdningsmaskin\u00bb, heter det i resolusjonen, som ogs\u00e5 vil prioritere fysiske l\u00e6reb\u00f8ker, penn og papir \u2013 og skjerme elevene fra digitale distraksjoner.<\/p>\n<p>Forslaget g\u00e5r lenger enn dagens praksis og legger opp til en f\u00f8re-var-linje overfor teknologi i klasserommet, kombinert med strengere kontroll av elevenes digitale tilgang.<\/p>\n<p><b>Les ogs\u00e5: <a href=\"https:\/\/www.nettavisen.no\/nyheter\/intern-hoyre-krangel-vi-ma-lare-av-ap-sine-feil\/s\/5-95-2768407\" rel=\"Follow nofollow noopener\" target=\"_blank\">Interne H\u00f8yre-dokumenter p\u00e5 avveie: \u2013 Vi m\u00e5 l\u00e6re av Ap sine feil<\/a><\/b><\/p>\n<p>    Vil du se neste video?<\/p>\n<p>    <a href=\"https:\/\/www.nettavisen.no\/nyheter\/ukrainsk-jagerfly-odelegger-for-vladimir-putin-i-pokrovsk\/v\/5-95-2807927\" class=\"recommend-poster\" data-adp-clicklabel=\"video-recommend\" data-adp-clickvalue=\"poster\" rel=\"nofollow noopener\" target=\"_blank\"><br \/>\n      <img decoding=\"async\" width=\"200\" height=\"200\" loading=\"lazy\" src=\"https:\/\/www.europesays.com\/no\/wp-content\/uploads\/2026\/01\/JAGERFLY+BREDDE.jpg\" alt=\"\" class=\"brick-c-cFOWSL\" style=\"--brick-image-ratio: 200 \/ 200;\"\/><\/p>\n<p>Nye bilder: Rammer Putin hardt0:41<\/p>\n<p>    <\/a><\/p>\n<p>Motstand i vente?<\/p>\n<p>Resolusjonen \u00e5pner ogs\u00e5 for fleksibel niv\u00e5deling i fellesfag, intensivundervisning i lesing og regning og flere obligatoriske kartleggingspr\u00f8ver tidlig i skolel\u00f8pet. M\u00e5let er \u00e5 redusere behovet for individuelle spesialvedtak og gripe inn tidligere. Dette utfordrer et sentralt prinsipp i dagens skolepolitikk om mest mulig undervisning i heterogene klasser, og vil trolig m\u00f8te motstand fra deler av l\u00e6rerorganisasjonene.<\/p>\n<p>Et gjennomg\u00e5ende grep er \u00f8nsket om \u00e5 redusere byr\u00e5krati og individuelle rettigheter. Resolusjonen vil fjerne kravet om sakkyndig vurdering i flere sammenhenger, blant annet for utsatt skolestart og bruk av alternative oppl\u00e6ringsarenaer.<\/p>\n<p>Samtidig foresl\u00e5s det \u00e5 gi skolen st\u00f8rre handlingsrom i m\u00f8te med problematisk atferd \u2013 ogs\u00e5 p\u00e5 bekostning av elev- og foreldresamtykke.<\/p>\n<p><b>Nettavisen avsl\u00f8rer: <a href=\"https:\/\/www.nettavisen.no\/nyheter\/nettavisen-avslorer-internt-hoyre-drama\/s\/5-95-2765741\" rel=\"Follow nofollow noopener\" target=\"_blank\">Internt H\u00f8yre-drama midt i maktkampen<\/a><\/b><\/p>\n<p>Vold og timeout<\/p>\n<p>\u00abKlasserommet skal ha plass til alle elever, men ikke all oppf\u00f8rsel\u00bb, sl\u00e5r det lekkede dokumentet fast. <\/p>\n<p>De mest kontroversielle forslagene handler om disiplin og orden. H\u00f8yre vil n\u00e5 blant annet:<\/p>\n<ul>\n<li>gj\u00f8re timeout til et fast virkemiddel i skolen<\/li>\n<li>etablere egne akutteam ved vold og trusler<\/li>\n<li>senke terskelen for bortvisning i videreg\u00e5ende<\/li>\n<li>\u00e5pne for tvungent skolebytte for elever som beg\u00e5r kriminalitet<\/li>\n<li>I alvorlige tilfeller foresl\u00e5s det at elever kan tas helt ut av skolen i perioder uten krav om samtykke fra foreldre<\/li>\n<\/ul>\n<p>I tillegg vil partiet \u00e5pne for langt mer informasjonsdeling mellom skole, politi, helsevesen og barnevern \u2013 et forslag som ber\u00f8rer b\u00e5de personvern og rettssikkerhet.<\/p>\n<p><b>Lest denne? <a href=\"https:\/\/www.nettavisen.no\/nyheter\/krangel-og-krisemote-etter-intern-hilse-nekt\/s\/5-95-2638143\" rel=\"Follow nofollow noopener\" target=\"_blank\">Internt oppvaskm\u00f8te etter \u00abhilse-nekt\u00bb i H\u00f8yre<\/a><\/b><\/p>\n<p>Norsk kultur<\/p>\n<p>I levek\u00e5rsutsatte omr\u00e5der foresl\u00e5s det obligatorisk barnehage for barn med svake spr\u00e5kferdigheter, automatisk p\u00e5melding til sommerskole og tydeligere krav til skole \u2013 hjem-samarbeidet.<\/p>\n<p>Resolusjonen legger ogs\u00e5 opp til sterkere vekt p\u00e5 \u00abnorsk kultur\u00bb i skolen gjennom felles nasjonale innholdslister i fag som norsk og samfunnsfag, og sl\u00e5r fast at skolen ikke skal tilrettelegge for religi\u00f8s tilbedelse i skoletiden, slik <a href=\"https:\/\/www.nettavisen.no\/nyheter\/vil-forby-muslimske-bonnerom-heier-pa-skolegudstjenester\/s\/5-95-2810038\" rel=\"Follow nofollow noopener\" target=\"_blank\">Nettavisen allerede har omtalt<\/a>.<\/p>\n<p>Blant de mer strukturelle forslagene er en kritisk gjennomgang av Utdanningsdirektoratet og en tydeligere dreining bort fra tilsyn og klagebehandling hos statsforvalteren \u2013 til fordel for veiledning og st\u00f8tte. M\u00e5let er \u00e5 frigj\u00f8re tid til undervisning og gi skoleledere st\u00f8rre makt over egen skole, fremkommer det av dokumentene Nettavisen har f\u00e5tt tilgang p\u00e5.<\/p>\n","protected":false},"excerpt":{"rendered":"Interne H\u00f8yre-dokumenter som Nettavisen har f\u00e5tt tilgang p\u00e5 viser at partiet bereder grunnen for en solid h\u00f8yredreining i&hellip;\n","protected":false},"author":2,"featured_media":134194,"comment_status":"","ping_status":"","sticky":false,"template":"","format":"standard","meta":{"footnotes":""},"categories":[10],"tags":[20,21,24,25,15,22,23,13,30,28,29,14,16,26,27],"class_list":{"0":"post-134193","1":"post","2":"type-post","3":"status-publish","4":"format-standard","5":"has-post-thumbnail","7":"category-norge","8":"tag-breaking-news","9":"tag-breakingnews","10":"tag-featured-news","11":"tag-featurednews","12":"tag-headlines","13":"tag-latest-news","14":"tag-latestnews","15":"tag-news","16":"tag-no","17":"tag-norge","18":"tag-norway","19":"tag-nyheter","20":"tag-overskrifter","21":"tag-top-stories","22":"tag-topstories"},"share_on_mastodon":{"url":"https:\/\/pubeurope.com\/@no\/115872997256920637","error":""},"_links":{"self":[{"href":"https:\/\/www.europesays.com\/no\/wp-json\/wp\/v2\/posts\/134193","targetHints":{"allow":["GET"]}}],"collection":[{"href":"https:\/\/www.europesays.com\/no\/wp-json\/wp\/v2\/posts"}],"about":[{"href":"https:\/\/www.europesays.com\/no\/wp-json\/wp\/v2\/types\/post"}],"author":[{"embeddable":true,"href":"https:\/\/www.europesays.com\/no\/wp-json\/wp\/v2\/users\/2"}],"replies":[{"embeddable":true,"href":"https:\/\/www.europesays.com\/no\/wp-json\/wp\/v2\/comments?post=134193"}],"version-history":[{"count":0,"href":"https:\/\/www.europesays.com\/no\/wp-json\/wp\/v2\/posts\/134193\/revisions"}],"wp:featuredmedia":[{"embeddable":true,"href":"https:\/\/www.europesays.com\/no\/wp-json\/wp\/v2\/media\/134194"}],"wp:attachment":[{"href":"https:\/\/www.europesays.com\/no\/wp-json\/wp\/v2\/media?parent=134193"}],"wp:term":[{"taxonomy":"category","embeddable":true,"href":"https:\/\/www.europesays.com\/no\/wp-json\/wp\/v2\/categories?post=134193"},{"taxonomy":"post_tag","embeddable":true,"href":"https:\/\/www.europesays.com\/no\/wp-json\/wp\/v2\/tags?post=134193"}],"curies":[{"name":"wp","href":"https:\/\/api.w.org\/{rel}","templated":true}]}}