{"id":134195,"date":"2026-01-10T21:46:13","date_gmt":"2026-01-10T21:46:13","guid":{"rendered":"https:\/\/www.europesays.com\/no\/134195\/"},"modified":"2026-01-10T21:46:13","modified_gmt":"2026-01-10T21:46:13","slug":"slo-tilbake-etterlengtet","status":"publish","type":"post","link":"https:\/\/www.europesays.com\/no\/134195\/","title":{"rendered":"Slo tilbake: &#8211; Etterlengtet"},"content":{"rendered":"<p>De norske h\u00e5ndballgutta hevet seg mange hakk etter den sv\u00e6rt skuffende kollapsen mot Danmark. Anf\u00f8rt av en dyktig og m\u00e5lfarlig Tobias Gr\u00f8ndahl vant Norge 33-30.<\/p>\n<p class=\"bold m-bold\" data-lab-font_weight=\"bold\">\u2013 De har slitt kolossalt det siste \u00e5ret. S\u00e5 kommer en etterlengtet seier kun f\u00e5 dager f\u00f8r EM, sier TV 2-kommentator Harald Bredeli.<\/p>\n<p>\u2013 Det var ingen vakker forestilling. Det var feil, men Norge jobbet seg inn i det.<\/p>\n<p>TV 2-ekspert Bent Svele er fortsatt ikke helt overbevist f\u00f8r EM-\u00e5pningen:<\/p>\n<p>\u2013 De er langt fra friskmeldte.<\/p>\n<p>For Jonas Wille var det uansett godt \u00e5 f\u00e5 en seier.<\/p>\n<p class=\"bold m-bold\" data-lab-font_weight=\"bold\">\u2013 Det er deilig \u00e5 vinne. Det er en vanskelig kamp mot et bra lag. Det er mye bra spill i andreomgang, sier Norge-trener Jonas Wille til TV 2.<\/p>\n<p>Hevet seg etter svake minutter<\/p>\n<p>Norge hadde en sv\u00e6rt svak periode mot Nederland, men utover i f\u00f8rsteomgangen kjempet de norske herrene seg inn i kampen. Til pause ledet nederlenderne 14-13.<\/p>\n<p>\u2013 Det er til dels svakt, men ingen krise, var Bredelis dom over den f\u00f8rste omgangen.<\/p>\n<p>\u2013 Det er mye bra angrepsspill, men det er litt slurv og noen tekniske feil som gj\u00f8r at de f\u00e5r enkle kontringsm\u00e5l og noen i \u00e5pent m\u00e5l. Bakover er Torbj\u00f8rn bra i dag ogs\u00e5, men vi m\u00e5 f\u00e5 vekk feilene, sa Simen Lyse til TV 2 i pausen.<\/p>\n<p>Andreomgangen var ogs\u00e5 av det jevne slaget. Men i sluttminuttene dro Norge i fra. Det endte med seier 33-30.<\/p>\n<p>H\u00e5ndball-EM starter onsdag 15. januar. Norge, som \u00e5pner mot Ukraina, spiller sine innledende kamper p\u00e5 hjemmebane i Unity Arena.\u00a0<\/p>\n<p>Mesterskapet arrangeres i fellesskap av Norge, Danmark og Sverige.<\/p>\n","protected":false},"excerpt":{"rendered":"De norske h\u00e5ndballgutta hevet seg mange hakk etter den sv\u00e6rt skuffende kollapsen mot Danmark. Anf\u00f8rt av en dyktig&hellip;\n","protected":false},"author":2,"featured_media":134196,"comment_status":"","ping_status":"","sticky":false,"template":"","format":"standard","meta":{"footnotes":""},"categories":[5],"tags":[20,21,24,25,15,19,22,23,17,18,13,30,28,29,14,16,26,27],"class_list":{"0":"post-134195","1":"post","2":"type-post","3":"status-publish","4":"format-standard","5":"has-post-thumbnail","7":"category-overskrifter","8":"tag-breaking-news","9":"tag-breakingnews","10":"tag-featured-news","11":"tag-featurednews","12":"tag-headlines","13":"tag-hovedoppslag","14":"tag-latest-news","15":"tag-latestnews","16":"tag-main-news","17":"tag-mainnews","18":"tag-news","19":"tag-no","20":"tag-norge","21":"tag-norway","22":"tag-nyheter","23":"tag-overskrifter","24":"tag-top-stories","25":"tag-topstories"},"share_on_mastodon":{"url":"https:\/\/pubeurope.com\/@no\/115873001433620732","error":""},"_links":{"self":[{"href":"https:\/\/www.europesays.com\/no\/wp-json\/wp\/v2\/posts\/134195","targetHints":{"allow":["GET"]}}],"collection":[{"href":"https:\/\/www.europesays.com\/no\/wp-json\/wp\/v2\/posts"}],"about":[{"href":"https:\/\/www.europesays.com\/no\/wp-json\/wp\/v2\/types\/post"}],"author":[{"embeddable":true,"href":"https:\/\/www.europesays.com\/no\/wp-json\/wp\/v2\/users\/2"}],"replies":[{"embeddable":true,"href":"https:\/\/www.europesays.com\/no\/wp-json\/wp\/v2\/comments?post=134195"}],"version-history":[{"count":0,"href":"https:\/\/www.europesays.com\/no\/wp-json\/wp\/v2\/posts\/134195\/revisions"}],"wp:featuredmedia":[{"embeddable":true,"href":"https:\/\/www.europesays.com\/no\/wp-json\/wp\/v2\/media\/134196"}],"wp:attachment":[{"href":"https:\/\/www.europesays.com\/no\/wp-json\/wp\/v2\/media?parent=134195"}],"wp:term":[{"taxonomy":"category","embeddable":true,"href":"https:\/\/www.europesays.com\/no\/wp-json\/wp\/v2\/categories?post=134195"},{"taxonomy":"post_tag","embeddable":true,"href":"https:\/\/www.europesays.com\/no\/wp-json\/wp\/v2\/tags?post=134195"}],"curies":[{"name":"wp","href":"https:\/\/api.w.org\/{rel}","templated":true}]}}