{"id":134197,"date":"2026-01-10T21:47:23","date_gmt":"2026-01-10T21:47:23","guid":{"rendered":"https:\/\/www.europesays.com\/no\/134197\/"},"modified":"2026-01-10T21:47:23","modified_gmt":"2026-01-10T21:47:23","slug":"fikk-klar-beskjed-av-kona","status":"publish","type":"post","link":"https:\/\/www.europesays.com\/no\/134197\/","title":{"rendered":"Fikk klar beskjed av kona"},"content":{"rendered":"<p>HAMAR (Dagbladet): Fotballandslaget stakk av med det meste under Idrettsgallaen i Hamar &#8211; med to priser til Erling Braut Haaland, trenerpris til St\u00e5le Solbakken og lagprisen. <\/p>\n<p>Idrettsprofiler var samlet i Hamar OL-amfi da Idrettsgallaen ble arrangert for 24. gang. L\u00f8rdag kveld ble prestasjonene fra 2025 hedret, og totalt 12 priser delt ut.<\/p>\n<p>Det norske herrelandslaget i fotball ble k\u00e5ret til \u00e5rets lag etter \u00e5 ha kvalifisert seg til sitt f\u00f8rste VM p\u00e5 28 \u00e5r.<\/p>\n<p>&#8211; Herrelandslaget er mer enn noe annet landslag. Vi representerer fotballfamilien. Vi vil takke alle ildsjelene, alle som stiller p\u00e5 dugnad og alle foreldretrenerne. Uten dere er det ikke noe norsk fotball. Dette er en stor lagseier, sier Brede Hangeland.<\/p>\n<p>&#8211; Vi gleder oss veldig til VM i juni. I all ydmykhet synes vi at dette var en fortjent pris, fortsetter Hangeland med et glimt i \u00f8yet.<\/p>\n<p>Ikke lenge f\u00f8r lagprisen ble delt ut, mottok Solbakken prisen som \u00e5rets trener. I takketalen glemte han imidlertid \u00e5 nevne \u00e9n viktig gruppe &#8211; noe kona raskt gjorde ham oppmerksom p\u00e5.<\/p>\n<p>        <img loading=\"lazy\" decoding=\"async\" src=\"https:\/\/www.europesays.com\/no\/wp-content\/uploads\/2026\/01\/84082523.webp.webp\" width=\"667\" height=\"381\" title=\"Foto: NTB\" alt=\"\" class=\"\" style=\"--aspect-ratio-image: 1.75; \"\/><\/p>\n<p>\n        Foto: NTB\n    <\/p>\n<p>Da han seinere tok ordet igjen fra scenen, forklarte landslagssjefen hvorfor det ikke var han som skulle holde talen.<\/p>\n<p>&#8211; Jeg har sittet p\u00e5 bord med Annikken, og hun tipset meg om at jeg glemte \u00e5 takke de viktigste: nemlig spillerne, sa Solbakken til stor latter fra salen.<\/p>\n<p>&#8211; Derfor er det ikke jeg som holder denne talen. Det blir Brede, humret han.<\/p>\n<p> Ingen av landslagsstjernene var til stede i Hamar for \u00e5 motta prisen, men ble intervjuet av NRK i forkant. <\/p>\n<p>&#8211; Det er deilig. Det er p\u00e5 tide at vi endelig leverer. Dette kan vi v\u00e6re stolte av, sa kaptein Martin \u00d8degaard.<\/p>\n<p>&#8211; Det er stort. Det er ikke hvert \u00e5r fotballandslaget vinner denne prisen, legger Haaland til.<\/p>\n<p>&#8211; Vi m\u00e5 takke det norske folk som har st\u00f8ttet oss og heiet oss fram over s\u00e5 lang tid, sier Sander Berge.<\/p>\n<p> Landslagssjefen hadde tidligere p\u00e5 kvelden blitt k\u00e5ret til \u00e5rets trener, og benyttet anledningen til \u00e5 dele b\u00e5de takknemlighet og personlige refleksjoner. <\/p>\n<p>&#8211; Takk til et fantastisk st\u00f8tteapparat, trenerteam og ledere. Oppveksten min i Grue. Takk til fattern. Takk til muttern, som sitter der oppe, sier Solbakken og peker opp.<\/p>\n<p> Solbakken <a href=\"https:\/\/www.dagbladet.no\/sport\/i-sorg\/82742728\" target=\"_blank\" rel=\"nofollow noopener\">mistet moren i februar 2025<\/a>. <\/p>\n<p>        <img loading=\"lazy\" decoding=\"async\" src=\"https:\/\/www.europesays.com\/no\/wp-content\/uploads\/2026\/01\/84082477.webp.webp\" width=\"980\" height=\"559\" title=\"\u00c5RETS TRENER: St\u00e5le Solbakken. Foto: NTB\" alt=\"\" class=\"\" style=\"--aspect-ratio-image: 1.75; \"\/><\/p>\n<p>\n        \u00c5RETS TRENER: St\u00e5le Solbakken. Foto: NTB\n    <\/p>\n<p>Han rettet ogs\u00e5 en takk til kona.<\/p>\n<p>&#8211; Takk til verdens vakreste dame: Psykologen Annikken Solbakken. I hjemmet v\u00e5rt er det j\u00e6vlig lurt \u00e5 ha en psykolog. Hun har v\u00e6rt en fantastisk st\u00f8tte, s\u00e6rlig etter 1-2 mot Skottland.<\/p>\n<p> Kona Anniken var til stede i salen og t\u00f8rket t\u00e5rer. <\/p>\n<p>    Prisvinnere idrettsgalla 2026<\/p>\n<p class=\"font-weight-normal m-font-weight-normal\" data-lab-font_weight=\"font-weight-normal\">\u00c5rets hederspris: Therese Johaug og Johannes Thingnes B\u00f8<\/p>\n<p class=\"font-weight-normal m-font-weight-normal\" data-lab-font_weight=\"font-weight-normal\">\u00c5rets navn: H\u00e5ndballspiller Katrine Lunde<\/p>\n<p>\u00c5rets lag: Norges herrelandslag i fotball<\/p>\n<p class=\"font-weight-bold m-font-weight-bold\" data-lab-font_weight=\"font-weight-bold\">\u00c5rets forbilde: H\u00e5ndballspiller Camilla Herrem <\/p>\n<p class=\"font-weight-normal m-font-weight-normal\" data-lab-font_weight=\"font-weight-normal\">\u00c5rets trener: Landslagssjef St\u00e5le Solbakken<\/p>\n<p>\u00c5rets ildsjel: Synn\u00f8ve Hopen<\/p>\n<p>\u00c5rets gjennombrudd: Golfer Kristoffer Reitan<\/p>\n<p>\u00c5rets kvinnelig paraut\u00f8ver: Badmintonspiller Helle Sofie Sag\u00f8y<\/p>\n<p>\u00c5rets mannlige paraut\u00f8ver: Friidrettsut\u00f8ver Salum Kashafali<\/p>\n<p>\u00c5rets kvinnelige ut\u00f8ver: Skytteren Jeanette Hegg Duestad<\/p>\n<p>\u00c5rets mannlige ut\u00f8ver:\u00a0Fotballspiller Erling Braut Haaland <\/p>\n<p>Ut\u00f8vernes pris: Fotballspiller Erling Braut Haaland<\/p>\n<p>      Vis mer<br \/>\n      Vis mindre<\/p>\n<p>Avsl\u00f8rer hendelse\t<\/p>\n<p> F\u00f8r han mottok prisen, fortalte Solbakken fra scenen om reaksjonene etter at VM-billetten var sikret. <\/p>\n<p>&#8211; Det er nok noen som mener det var p\u00e5 tide. Men vi er veldig glade for at vi har noe \u00e5 se fram til. N\u00e5 skal vi vise at Norge kan mer enn \u00e5 g\u00e5 p\u00e5 ski.<\/p>\n<p>Kent Bergersen opplevde \u00e5 f\u00e5 st\u00e5ende applaus da han kom inn p\u00e5 en restaurant en gang ette at VM-billetten var i boks.<\/p>\n<p class=\"font-weight-bold m-font-weight-bold\" data-lab-font_weight=\"font-weight-bold\">&#8211; Det var veldig spesielt. Jeg ble litt paff, men det var hyggelig \u00e5 bli satt pris p\u00e5.<\/p>\n<p>         Landslagstrener St\u00e5le Solbakken ble onsdag kveld lagt inn p\u00e5 sykehus med nyrestein. <\/p>\n<p>Underveis i sendingen p\u00e5 NRK ble \u00c5ge Hareide og Sivert Guttorm Bakken, som begge gikk bort i 2025, hedret. Flere i salen var tydelig preget av den fine seansen.<\/p>\n<p>&#8211; Tom for ord\t<\/p>\n<p> Erling Braut Haaland har f\u00e5tt med seg to priser s\u00e5 langt i gallaen. <\/p>\n<p>City-spissen gikk f\u00f8rst helt til topps i k\u00e5ringen av ut\u00f8vernes pris, der ut\u00f8verne selv har stemt fram den de mener fortjener prisen.<\/p>\n<p>&#8211; Det er moro. Det er stort n\u00e5r det kommer fra ut\u00f8verne, sier Haaland.<\/p>\n<p>Haaland tok en klar seier i avstemningen. 25-\u00e5ringen avsl\u00f8rte i opptaket fra prisoverrekkelsen i Manchester at han selv hadde stemt p\u00e5 landslagskompis Martin \u00d8degaard.<\/p>\n<p>        <img loading=\"lazy\" decoding=\"async\" src=\"https:\/\/www.europesays.com\/no\/wp-content\/uploads\/2026\/01\/84082248.webp.webp\" width=\"667\" height=\"381\" title=\"STAKK AV MED TO PRISER: Erling Braut Haaland. Foto: NTB\" alt=\"\" class=\"\" style=\"--aspect-ratio-image: 1.75; \"\/><\/p>\n<p>\n        STAKK AV MED TO PRISER: Erling Braut Haaland. Foto: NTB\n    <\/p>\n<p>Seinere p\u00e5 kvelden ble Haaland ogs\u00e5 tildelt prisen som \u00e5rets mannlige ut\u00f8ver.<\/p>\n<p>&#8211; Det er kjekt. Jeg begynner \u00e5 g\u00e5 tom for ord. Jeg snakker mye med mormor, s\u00e5 jeg m\u00e5 takke henne, sier han.<\/p>\n<p>I kampen om prisen slo j\u00e6rbuen profiler som Jakob Ingebrigtsen, Martin \u00d8degaard, Johannes Thingnes B\u00f8 og Johannes H\u00f8sflot Kl\u00e6bo.<\/p>\n<p>Fredag ble det ogs\u00e5 kjent at Haaland er tildelt <a href=\"https:\/\/www.dagbladet.no\/sport\/i-sorg\/82742728\" target=\"_blank\" rel=\"nofollow noopener\">den h\u00f8ythengende Gullballen for 2025<\/a>. Det er sjette \u00e5r p\u00e5 rad han mottar prisen.<\/p>\n<p>        <img loading=\"lazy\" decoding=\"async\" src=\"https:\/\/www.europesays.com\/no\/wp-content\/uploads\/2026\/01\/84082231.webp.webp\" width=\"667\" height=\"381\" title=\"KVELDENS F\u00d8RSTE PRIS: Erling Braut Haaland. Foto: MARIUS SIMENSEN \/ BILDBYR\u00c5N\" alt=\"\" class=\"\" style=\"--aspect-ratio-image: 1.75; \"\/><\/p>\n<p>\n        KVELDENS F\u00d8RSTE PRIS: Erling Braut Haaland. Foto: MARIUS SIMENSEN \/ BILDBYR\u00c5N\n    <\/p>\n<p>&#8211; Et sjokk for alle\t<\/p>\n<p>Tidligere skiskytter Tarjei B\u00f8 ankom den r\u00f8de l\u00f8peren sammen med kona Gita Simonsen. Paret beskriver et skiskyttermilj\u00f8 i sorg etter <a href=\"https:\/\/www.dagbladet.no\/sport\/funnet-dod\/84024202\" target=\"_blank\" rel=\"nofollow noopener\">d\u00f8dsfallet til Sivert Guttorm Bakken<\/a>. <\/p>\n<p>Bakken skal bisettes i Nordre \u00c5l kirke p\u00e5 Lillehammer 13. januar.\u00a0<\/p>\n<p class=\"font-weight-normal m-font-weight-normal\" data-lab-font_weight=\"font-weight-normal\">&#8211; Det blir sikkert t\u00f8ft og fint. Han fortjener all oppmerksomheten han kan f\u00e5, men det er trist at det skjedde, sier Tarjei B\u00f8 til Dagbladet.\u00a0<\/p>\n<p>        <img loading=\"lazy\" decoding=\"async\" src=\"https:\/\/www.europesays.com\/no\/wp-content\/uploads\/2026\/01\/84081899.webp.webp\" width=\"980\" height=\"559\" title=\"Tarjei B\u00f8 og Gita Simonsen p\u00e5 vei inn til idrettsgallaen i Hamar. Foto: Birthe Skingen \/ Dagbladet\" alt=\"\" class=\"\" style=\"--aspect-ratio-image: 1.75; \"\/><\/p>\n<p>\n        Tarjei B\u00f8 og Gita Simonsen p\u00e5 vei inn til idrettsgallaen i Hamar. Foto: Birthe Skingen \/ Dagbladet\n    <\/p>\n<p>&#8211; Det var grusomt da nyheten kom. Det er alltid tragisk n\u00e5r et ungt menneske mister livet p\u00e5 den m\u00e5ten. Det minner oss p\u00e5 at vi m\u00e5 ta vare p\u00e5 de vi er glade i. N\u00e5r en tragedie som det inntreffer s\u00e5 kommer man n\u00e6rmere hverandre. Det s\u00e5 vi p\u00e5 skiskytterfamilien, supplerer kona.<\/p>\n<p>B\u00f8 fortsetter:<\/p>\n<p class=\"font-weight-bold m-font-weight-bold\" data-lab-font_weight=\"font-weight-bold\">&#8211; Det var et sjokk for alle. Vi lurte p\u00e5 om det var virkelig. Jeg fikk vondt av de som skulle g\u00e5 i verdenscupen.<\/p>\n<p>        IDRETTSGALLAEN: Avd\u00f8de Sivert Guttorm Bakken skal hedres under Idrettsgallaen l\u00f8rdag kveld. Det blir b\u00e5de fint og trist sier tidligere skiskytter Tarjei B\u00f8e. Reporter: Christian Grieg \/ Birthe Skingen<\/p>\n<p>&#8211; Det er vondt\u00a0\t<\/p>\n<p> Til tross for sykehusinnleggelse tidligere i uka, er landslagssjef St\u00e5le Solbakken p\u00e5 plass p\u00e5 Hamar. Onsdag kveld <a href=\"https:\/\/www.dagbladet.no\/sport\/ble-innlagt-pa-sykehus\/84076246\" target=\"_blank\" rel=\"nofollow noopener\">ble han lagt inn med nyrestein<\/a> og gikk glipp av bisettelsen til \u00c5ge Hareide i Molde.\u00a0<\/p>\n<p>Torsdag formiddag ble han skrevet ut. <\/p>\n<p>&#8211; Det g\u00e5r veldig bra. Ellers hadde jeg ikke v\u00e6rt her, sier Solbakken til Dagbladet.<\/p>\n<p>P\u00e5 sp\u00f8rsm\u00e5l om hvordan opplevelsen er, svarer han kort:<\/p>\n<p class=\"font-weight-bold m-font-weight-bold\" data-lab-font_weight=\"font-weight-bold\">&#8211; Sl\u00e5 det opp. Det er vondt.<\/p>\n<p>        <img loading=\"lazy\" decoding=\"async\" src=\"https:\/\/www.europesays.com\/no\/wp-content\/uploads\/2026\/01\/84081931.webp.webp\" width=\"980\" height=\"559\" title=\"Latteren sitter l\u00f8st hos St\u00e5le Solbakken, til tross for sykehusinnleggelse tidligere i uka.Foto: Birthe Skingen \/ Dagbladet\" alt=\"\" class=\"\" style=\"--aspect-ratio-image: 1.75; \"\/><\/p>\n<p>\n        Latteren sitter l\u00f8st hos St\u00e5le Solbakken, til tross for sykehusinnleggelse tidligere i uka.Foto: Birthe Skingen \/ Dagbladet\n    <\/p>\n<p>Det fortsatt knyttet stor spenning til den <a href=\"https:\/\/www.dagbladet.no\/sport\/har-bestemt-seg\/84067933\" target=\"_blank\" rel=\"nofollow noopener\">kommende VM-campen<\/a>.<\/p>\n<p>&#8211; Vi h\u00e5per \u00e5 f\u00e5 svar 16.-17. januar. Vi h\u00e5per \u00e5 f\u00e5 det vi har satt opp.<\/p>\n<p>        IDRETTSGALLAEN: Bokselegende Cecilia Br\u00e6khus sto mellom \u00e5 flytte tilbake til USA eller \u00e5 bli i Norge. N\u00e5 har hun tatt et vanskelig valg. Reporter: Christian Grieg Sander \/ Birthe Skingen.<\/p>\n<p> Idrettsgallaen har blitt avholdt siden 2001. Mia Hundvin og Erik Solbakken er programledere for \u00e5rets seanse.\u00a0<\/p>\n","protected":false},"excerpt":{"rendered":"HAMAR (Dagbladet): Fotballandslaget stakk av med det meste under Idrettsgallaen i Hamar &#8211; med to priser til Erling&hellip;\n","protected":false},"author":2,"featured_media":134198,"comment_status":"","ping_status":"","sticky":false,"template":"","format":"standard","meta":{"footnotes":""},"categories":[59],"tags":[13569,30,28,29,83,82],"class_list":{"0":"post-134197","1":"post","2":"type-post","3":"status-publish","4":"format-standard","5":"has-post-thumbnail","7":"category-sport","8":"tag-idrettsgallaen","9":"tag-no","10":"tag-norge","11":"tag-norway","12":"tag-sport","13":"tag-sports"},"share_on_mastodon":{"url":"https:\/\/pubeurope.com\/@no\/115873005144272800","error":""},"_links":{"self":[{"href":"https:\/\/www.europesays.com\/no\/wp-json\/wp\/v2\/posts\/134197","targetHints":{"allow":["GET"]}}],"collection":[{"href":"https:\/\/www.europesays.com\/no\/wp-json\/wp\/v2\/posts"}],"about":[{"href":"https:\/\/www.europesays.com\/no\/wp-json\/wp\/v2\/types\/post"}],"author":[{"embeddable":true,"href":"https:\/\/www.europesays.com\/no\/wp-json\/wp\/v2\/users\/2"}],"replies":[{"embeddable":true,"href":"https:\/\/www.europesays.com\/no\/wp-json\/wp\/v2\/comments?post=134197"}],"version-history":[{"count":0,"href":"https:\/\/www.europesays.com\/no\/wp-json\/wp\/v2\/posts\/134197\/revisions"}],"wp:featuredmedia":[{"embeddable":true,"href":"https:\/\/www.europesays.com\/no\/wp-json\/wp\/v2\/media\/134198"}],"wp:attachment":[{"href":"https:\/\/www.europesays.com\/no\/wp-json\/wp\/v2\/media?parent=134197"}],"wp:term":[{"taxonomy":"category","embeddable":true,"href":"https:\/\/www.europesays.com\/no\/wp-json\/wp\/v2\/categories?post=134197"},{"taxonomy":"post_tag","embeddable":true,"href":"https:\/\/www.europesays.com\/no\/wp-json\/wp\/v2\/tags?post=134197"}],"curies":[{"name":"wp","href":"https:\/\/api.w.org\/{rel}","templated":true}]}}