{"id":134201,"date":"2026-01-10T21:58:08","date_gmt":"2026-01-10T21:58:08","guid":{"rendered":"https:\/\/www.europesays.com\/no\/134201\/"},"modified":"2026-01-10T21:58:08","modified_gmt":"2026-01-10T21:58:08","slug":"donald-trump-venezuela-danmark-i-skvis-er-mette-frederiksens-tid-forbi","status":"publish","type":"post","link":"https:\/\/www.europesays.com\/no\/134201\/","title":{"rendered":"Donald Trump, Venezuela | Danmark i skvis: Er Mette Frederiksens tid forbi?"},"content":{"rendered":"\n<p><a href=\"https:\/\/www.berlingske.dk\/\" rel=\"Follow nofollow noopener\" target=\"_blank\">(Berlingske)<\/a>: Da jeg v\u00e5knet rundt klokken 09.15 l\u00f8rdag morgen, var andre og mer v\u00e5kne redakt\u00f8rer enn meg i Berlingske for lengst i sving. Under ledelse av Trump-administrasjonen hadde USA angrepet Venezuela \u2013 og som det senere viste seg \u2013 tatt til fange og bortf\u00f8rt landets illegitime president, Maduro. Mandag ble han stilt for retten i New York, tiltalt for \u00e5 v\u00e6re en vaskeekte narkoterrorist.<\/p>\n<p>Kort tid etter ble aksjonen i Venezuela \u2013 av b\u00e5de offisielle og uoffisielle kilder n\u00e6r Trump, og til og med av ham selv \u2013 p\u00e5 finurlig vis koblet til det stadig tilbakevendende \u00f8nsket om \u00e5 annektere Gr\u00f8nland. Det burde kanskje ikke kommet som noen overraskelse, n\u00e5r man tar Trumps nye sikkerhetsstrategi og de utallige provokasjonene i betraktning.<\/p>\n<p>Men likevel \u2013 der og da, klokken 09.15, fikk jeg sannelig gnidd s\u00f8vnen raskt ut av \u00f8ynene. 2026 var offisielt i gang.<\/p>\n<p><b>Les ogs\u00e5: <a href=\"https:\/\/www.nettavisen.no\/norsk-debatt\/stemmer-det-trump-sier-at-regimet-i-venezuela-involvert-i-narkotikatrafikk-og-terrorisme\/o\/5-95-2813808\" rel=\"Follow nofollow noopener\" target=\"_blank\">N\u00e5r karteller blir terrorister, og statsledere blir kartelledere<\/a><\/b><\/p>\n<p>Uforglemmelig \u2026 <\/p>\n<p>Dette blir et \u00e5r ingen av oss kommer til \u00e5 glemme. Tillat meg den sp\u00e5dommen.<\/p>\n<p>Her er 10 grunner:<\/p>\n<p>1. Trump-administrasjonen ruller ut sin nye \u00abDonroe-doktrine\u00bb. Den inneb\u00e6rer at USA svarer p\u00e5 russisk og kinesisk aggresjon i deres n\u00e6romr\u00e5der ved \u00e5 gj\u00f8re det samme p\u00e5 den vestlige halvkule \u2013 et omr\u00e5de Trump n\u00e5 akter \u00e5 kontrollere. H\u00f8r bare p\u00e5 Trumps r\u00e5dgiver Stephen Miller; <a href=\"https:\/\/www.berlingske.dk\/internationalt\/video-trump-raadgiver-giver-vildt-interview-hvilken-ret-har-danmark-over-groenland?utm_source=newsletter&amp;utm_medium=email&amp;utm_content=red_nb-20260108&amp;utm_campaign=borgerlingske\" rel=\"Follow nofollow noopener\" target=\"_blank\">han sier det rett ut<\/a>.<\/p>\n<p>2. Gr\u00f8nland ligger p\u00e5 den vestlige halvkule, og Arktis har blitt et h\u00f8yspenningsfelt mellom stormaktene USA, Kina og Russland. Det er derfor kongeriket Danmark har havnet i en storpolitisk skvis uten sidestykke.<\/p>\n<p><b>Det venter utvilsomt et smertefullt selvoppgj\u00f8r i Danmark i \u00e5r om v\u00e5r egen svikt i Arktis \u2013 en svikt som har bidratt til den avmakten vi n\u00e5 f\u00f8ler p\u00e5.<\/b><\/p>\n<p>3. Ukraina-krigen balanserer p\u00e5 en knivsegg. Ingen vet hvordan USA og Russland vil tegne det nye verdenskartet i en ny stormaktsorden. Europa er, med andre ord, oppe til diskusjon igjen.<\/p>\n<p>4. I en slik situasjon er det d\u00e5rlig nytt at Europa er svakt, handlingslammet, splittet \u2013 og langt fra \u00e5 v\u00e6re en stormakt, b\u00e5de \u00f8konomisk og sikkerhetspolitisk.<\/p>\n<p>5. Kina rasler med sabelen mot Taiwan. Russland i Ukraina. USA vest for Storbritannia. Og forresten, vi har jo ogs\u00e5 Midt\u00f8sten. Jeg vet ikke n\u00f8yaktig hva definisjonen p\u00e5 en verdenskrig er; vi er ikke der enn\u00e5, men vi er dessverre heller ikke \u00e5rhundreder unna.<\/p>\n<p>6. Det er mellomvalg i USA. Kanskje kommer motreaksjonen mot Trump her, kanskje ikke. Uansett: Fest sikkerhetsbeltene.<\/p>\n<p>7. Gj\u00f8r det samme n\u00e5r det er valg i Ungarn i 2026. Kanskje faller Viktor Orb\u00e1n, kanskje ikke. Uansett utfall og personlig overbevisning: Dette blir avgj\u00f8rende.<\/p>\n<p>8. Vil EU klare \u00e5 l\u00f8se sine egne floker \u2013 som overregulering, byr\u00e5krati og ukontrollert innvandring? Dette er et av de mest brennende sp\u00f8rsm\u00e5lene i 2026. Forel\u00f8pig ser det m\u00f8rkt ut.<\/p>\n<p>9. Hvordan ender fredsprosessen i Gaza? Jeg driver ikke med veddem\u00e5l, men selv om jeg gjorde det, ville jeg ikke turt \u00e5 satse en krone p\u00e5 utfallet.<\/p>\n<p>10. Og s\u00e5 har vi jo et lite folketingsvalg her hjemme. Er Mette Frederiksens tid forbi, slik hun selv \u00e5pnet for i sin nytt\u00e5rstale?<\/p>\n<p>Denne teksten er oversatt fra dansk av AI<\/p>\n","protected":false},"excerpt":{"rendered":"(Berlingske): Da jeg v\u00e5knet rundt klokken 09.15 l\u00f8rdag morgen, var andre og mer v\u00e5kne redakt\u00f8rer enn meg i&hellip;\n","protected":false},"author":2,"featured_media":134202,"comment_status":"","ping_status":"","sticky":false,"template":"","format":"standard","meta":{"footnotes":""},"categories":[12],"tags":[20,21,24,25,15,22,23,13,30,28,29,14,16,26,27,42,43,44,45],"class_list":{"0":"post-134201","1":"post","2":"type-post","3":"status-publish","4":"format-standard","5":"has-post-thumbnail","7":"category-verden","8":"tag-breaking-news","9":"tag-breakingnews","10":"tag-featured-news","11":"tag-featurednews","12":"tag-headlines","13":"tag-latest-news","14":"tag-latestnews","15":"tag-news","16":"tag-no","17":"tag-norge","18":"tag-norway","19":"tag-nyheter","20":"tag-overskrifter","21":"tag-top-stories","22":"tag-topstories","23":"tag-verden","24":"tag-world","25":"tag-world-news","26":"tag-worldnews"},"share_on_mastodon":{"url":"https:\/\/pubeurope.com\/@no\/115873048464982493","error":""},"_links":{"self":[{"href":"https:\/\/www.europesays.com\/no\/wp-json\/wp\/v2\/posts\/134201","targetHints":{"allow":["GET"]}}],"collection":[{"href":"https:\/\/www.europesays.com\/no\/wp-json\/wp\/v2\/posts"}],"about":[{"href":"https:\/\/www.europesays.com\/no\/wp-json\/wp\/v2\/types\/post"}],"author":[{"embeddable":true,"href":"https:\/\/www.europesays.com\/no\/wp-json\/wp\/v2\/users\/2"}],"replies":[{"embeddable":true,"href":"https:\/\/www.europesays.com\/no\/wp-json\/wp\/v2\/comments?post=134201"}],"version-history":[{"count":0,"href":"https:\/\/www.europesays.com\/no\/wp-json\/wp\/v2\/posts\/134201\/revisions"}],"wp:featuredmedia":[{"embeddable":true,"href":"https:\/\/www.europesays.com\/no\/wp-json\/wp\/v2\/media\/134202"}],"wp:attachment":[{"href":"https:\/\/www.europesays.com\/no\/wp-json\/wp\/v2\/media?parent=134201"}],"wp:term":[{"taxonomy":"category","embeddable":true,"href":"https:\/\/www.europesays.com\/no\/wp-json\/wp\/v2\/categories?post=134201"},{"taxonomy":"post_tag","embeddable":true,"href":"https:\/\/www.europesays.com\/no\/wp-json\/wp\/v2\/tags?post=134201"}],"curies":[{"name":"wp","href":"https:\/\/api.w.org\/{rel}","templated":true}]}}