{"id":134203,"date":"2026-01-10T21:59:09","date_gmt":"2026-01-10T21:59:09","guid":{"rendered":"https:\/\/www.europesays.com\/no\/134203\/"},"modified":"2026-01-10T21:59:09","modified_gmt":"2026-01-10T21:59:09","slug":"nordlys-pa-stabekk","status":"publish","type":"post","link":"https:\/\/www.europesays.com\/no\/134203\/","title":{"rendered":"Nordlys p\u00e5 Stabekk"},"content":{"rendered":"\n<p class=\"_lead_o9xde_2 _lead_xtcu6_50 layout-component text-serif-m layout-normal text-serif-l layout-component layout-wide layout-padded _wide_17hqh_1 layout-padded\">L\u00f8rdag kveld glimret nordlyset over Stabekk i B\u00e6rum. Det satte farge p\u00e5 kveldsturen til Thomas Roth.<\/p>\n<p><img alt=\"VELKJENT FENOMEN: Nordlyset ble litt bedre p\u00e5 bildet enn hva det var i virkeligheten.  Foto: Thomas Roth\" class=\"_image_qp4xg_65 layout-component layout-wide\" data-fullscreen- data-track-element-type=\"Article image fullscreen\" data-track-name=\"ImageFullscreen\" fetchpriority=\"high\" decoding=\"sync\" loading=\"eager\" height=\"2647\" itemprop=\"image\"  src=\"https:\/\/www.europesays.com\/no\/wp-content\/uploads\/2026\/01\/bb451136-d3bf-4e87-98bc-126db6127484.jpeg\"  style=\"object-position:40.145502645502646% 58.877975066112576%\" width=\"3024\"\/>VELKJENT FENOMEN: Nordlyset ble litt bedre p\u00e5 bildet enn hva det var i virkeligheten.  Foto: Thomas Roth<\/p>\n<ul aria-hidden=\"true\" class=\"_images_ntbth_112\">\n<li><a class=\"_link_ntbth_117\" href=\"https:\/\/www.vg.no\/forfatter\/stella-bugge\" style=\"z-index:1\" title=\"Stella Bugge\" rel=\"nofollow noopener\" target=\"_blank\"><img alt=\"Bilde av Stella Bugge\" class=\"_image_ntbth_93\" fetchpriority=\"low\" loading=\"lazy\" decoding=\"async\" itemprop=\"image\"  src=\"https:\/\/www.europesays.com\/no\/wp-content\/uploads\/2026\/01\/1768082348_843_c673ac82-f3e7-47d3-aa1d-79bb6eca457a.png\"  width=\"480\"\/><\/a><\/li>\n<\/ul>\n<p> Oppdatert l\u00f8rdag 10. januar kl. 22:43     <\/p>\n<p class=\"_paragraph_o9xde_4 _paragraph_xtcu6_10 layout-component text-serif-m layout-normal text-serif-m layout-padded\">\u2013 Det var morsomt, sier Roth til VG. <\/p>\n<p class=\"_paragraph_o9xde_4 _paragraph_xtcu6_10 layout-component text-serif-m layout-normal text-serif-m layout-padded\">\u2013 Det ser litt bedre ut p\u00e5 bildet enn hva det var, legger han til.<\/p>\n<p class=\"_paragraph_o9xde_4 _paragraph_xtcu6_10 layout-component text-serif-m layout-normal text-serif-m layout-padded\">I morgen skal han til Alta for \u00e5 se forh\u00e5pentligvis b\u00e5de <a href=\"https:\/\/www.vg.no\/tag\/nordlys?utm_source=vg-article&amp;utm_medium=auto-tagger&amp;utm_campaign=oEAW4B\" class=\"_link_o9xde_39\" rel=\"nofollow noopener\" target=\"_blank\">nordlys<\/a> og hvaler.<\/p>\n<p><img alt=\"Gressvik, Fredrikstad  Foto: VG-tipser\" class=\"_image_qp4xg_65 layout-component layout-normal\" data-fullscreen- data-track-element-type=\"Article image fullscreen\" data-track-name=\"ImageFullscreen\" decoding=\"async\" loading=\"lazy\" height=\"1848\" itemprop=\"image\"  src=\"https:\/\/www.europesays.com\/no\/wp-content\/uploads\/2026\/01\/db63d54e-d761-48ba-b2c3-b7e0376ce668.jpeg\"  style=\"object-position:0% 0%\" width=\"4000\"\/>Gressvik, Fredrikstad  Foto: VG-tipser<\/p>\n<p class=\"_paragraph_o9xde_4 _paragraph_xtcu6_10 layout-component text-serif-m layout-normal text-serif-m layout-padded\">\u2013 Jeg kan kanskje g\u00e5 til Lysakerelva og se om jeg ser noen hvaler der s\u00e5 trenger jeg ikke dra i det hele tatt, fleiper han.<\/p>\n<p class=\"_paragraph_o9xde_4 _paragraph_xtcu6_10 layout-component text-serif-m layout-normal text-serif-m layout-padded\">If\u00f8lge Yr skal det v\u00e6re lav nordlysaktivitet over Oslo l\u00f8rdag kveld.<\/p>\n<p><img alt=\"Ogs\u00e5 over \u00c5s i Akershus var det nordlys l\u00f8rdag kveld.  Foto: VG-tipser\" class=\"_image_qp4xg_65 layout-component layout-normal\" data-fullscreen- data-track-element-type=\"Article image fullscreen\" data-track-name=\"ImageFullscreen\" decoding=\"async\" loading=\"lazy\" height=\"2802\" itemprop=\"image\"  src=\"https:\/\/www.europesays.com\/no\/wp-content\/uploads\/2026\/01\/a8361692-2580-4d28-afd3-d47cf36de7b7.jpeg\"  style=\"object-position:45.882936507936506% 67.88008565310493%\" width=\"3024\"\/>Ogs\u00e5 over \u00c5s i Akershus var det nordlys l\u00f8rdag kveld.  Foto: VG-tipser    <\/p>\n","protected":false},"excerpt":{"rendered":"L\u00f8rdag kveld glimret nordlyset over Stabekk i B\u00e6rum. Det satte farge p\u00e5 kveldsturen til Thomas Roth. VELKJENT FENOMEN:&hellip;\n","protected":false},"author":2,"featured_media":134204,"comment_status":"","ping_status":"","sticky":false,"template":"","format":"standard","meta":{"footnotes":""},"categories":[10],"tags":[20,21,24,25,15,22,23,13,30,2333,28,29,14,16,26,27,553],"class_list":{"0":"post-134203","1":"post","2":"type-post","3":"status-publish","4":"format-standard","5":"has-post-thumbnail","7":"category-norge","8":"tag-breaking-news","9":"tag-breakingnews","10":"tag-featured-news","11":"tag-featurednews","12":"tag-headlines","13":"tag-latest-news","14":"tag-latestnews","15":"tag-news","16":"tag-no","17":"tag-nordlys","18":"tag-norge","19":"tag-norway","20":"tag-nyheter","21":"tag-overskrifter","22":"tag-top-stories","23":"tag-topstories","24":"tag-vaer"},"share_on_mastodon":{"url":"https:\/\/pubeurope.com\/@no\/115873052510912803","error":""},"_links":{"self":[{"href":"https:\/\/www.europesays.com\/no\/wp-json\/wp\/v2\/posts\/134203","targetHints":{"allow":["GET"]}}],"collection":[{"href":"https:\/\/www.europesays.com\/no\/wp-json\/wp\/v2\/posts"}],"about":[{"href":"https:\/\/www.europesays.com\/no\/wp-json\/wp\/v2\/types\/post"}],"author":[{"embeddable":true,"href":"https:\/\/www.europesays.com\/no\/wp-json\/wp\/v2\/users\/2"}],"replies":[{"embeddable":true,"href":"https:\/\/www.europesays.com\/no\/wp-json\/wp\/v2\/comments?post=134203"}],"version-history":[{"count":0,"href":"https:\/\/www.europesays.com\/no\/wp-json\/wp\/v2\/posts\/134203\/revisions"}],"wp:featuredmedia":[{"embeddable":true,"href":"https:\/\/www.europesays.com\/no\/wp-json\/wp\/v2\/media\/134204"}],"wp:attachment":[{"href":"https:\/\/www.europesays.com\/no\/wp-json\/wp\/v2\/media?parent=134203"}],"wp:term":[{"taxonomy":"category","embeddable":true,"href":"https:\/\/www.europesays.com\/no\/wp-json\/wp\/v2\/categories?post=134203"},{"taxonomy":"post_tag","embeddable":true,"href":"https:\/\/www.europesays.com\/no\/wp-json\/wp\/v2\/tags?post=134203"}],"curies":[{"name":"wp","href":"https:\/\/api.w.org\/{rel}","templated":true}]}}