{"id":134208,"date":"2026-01-10T22:05:34","date_gmt":"2026-01-10T22:05:34","guid":{"rendered":"https:\/\/www.europesays.com\/no\/134208\/"},"modified":"2026-01-10T22:05:34","modified_gmt":"2026-01-10T22:05:34","slug":"eksperter-kina-langt-fra-kapabelt-til-lynangrep-pa-taiwan","status":"publish","type":"post","link":"https:\/\/www.europesays.com\/no\/134208\/","title":{"rendered":"Eksperter: Kina langt fra kapabelt til lynangrep p\u00e5 Taiwan"},"content":{"rendered":"<p>\u2013 Den kinesiske frigj\u00f8ringsh\u00e6ren (PLA) har fremdeles store hull i sin erfaring n\u00e5r det kommer til fellesoperasjoner, elektromagnetisk og elektronisk krigf\u00f8ring, samt reell kamperfaring i h\u00f8yrisiko-oppdrag, fortsetter Chen overfor Reuters.<\/p>\n<p class=\"subhead\" data-element-type=\"subhead\" data-element-label=\"Mellomtittel\">\u2013 I den spede begynnelse<\/p>\n<p>Kina anser Taiwan som sitt territorium, og har ikke utelukket bruk av milit\u00e6r makt for \u00e5 ta \u00f8ya. Taiwan har avvist kravet, og svart med \u00e5 styrke forsvaret ytterligere.\u00a0<\/p>\n<p><img decoding=\"async\" class=\"lazyload \" src=\"https:\/\/www.europesays.com\/no\/wp-content\/uploads\/2026\/01\/1768082734_255_pipe.jpeg\"  data- alt=\"\"\/><\/p>\n<p>KINA LANGT BAK USA: Hevder forvars- og strategiforskeren Collin Koh. <strong>Foto: LinkedIn<\/strong><\/p>\n<p>For litt siden presenterte president Lai Ching-te et nytt luftvernssystem kalt \u00abT-Dome\u00bb, inspirert av Israels \u00abIron Dome.\u00bb<\/p>\n<p>\u2013 Operativt sett er PLA fortsatt i den spede begynnelse sammenlignet med det amerikanerne har bygget opp over flere ti\u00e5r, sier forsker Collin Koh ved forsvars- og strategiinstituttet p\u00e5 S. Rajaratnam School of International Studies i Singapore.<\/p>\n<p class=\"subhead\" data-element-type=\"subhead\" data-element-label=\"Mellomtittel\">\u2013 Lynangrep en fantasi<\/p>\n<p>En bruker p\u00e5 den kinesiske mikrobloggtjenesten Weibo har if\u00f8lge nyhetsbyr\u00e5et likevel omtalt USAs Venezuela-operasjon som en modell.<\/p>\n<p>\u00abF\u00f8rst bruke spesialstyrker til \u00e5 arrestere Lai Ching-te, s\u00e5 kunngj\u00f8re overtakelse av Taiwan umiddelbart, utstede ny legitimasjon og oppn\u00e5 en rask og avgj\u00f8rende seier\u00bb, skriver vedkommende.<\/p>\n<p>Det taiwanske parlamentsmedlemmet Chen avviser innholdet overfor Reuters, og karakteriserer det som fantasi.<\/p>\n<p class=\"subhead\" data-element-type=\"subhead\" data-element-label=\"Mellomtittel\">\u2013 Vil sl\u00e5 hodet til blods<\/p>\n<p>Beijing har <a href=\"https:\/\/www.finansavisen.no\/politikk\/2025\/12\/29\/8317419\/kina-har-startet-militaerovelse-rundt-taiwan\" target=\"_blank\" rel=\"nofollow noopener\">trappet opp milit\u00e6r\u00f8velsene rundt Taiwan <\/a> den siste tiden, inkludert <a href=\"https:\/\/www.finansavisen.no\/samfunn\/2025\/12\/30\/8317714\/trapper-opp-ovelser-avfyrt-raketter-i-havomrader\" target=\"_blank\" rel=\"nofollow noopener\">en rekke avfyrte raketter<\/a> mot \u00f8ya. \u00d8velsene som har v\u00e6rt de mest omfattende s\u00e5 langt, har if\u00f8lge nyhetsbyr\u00e5et v\u00e6rt fulgt opp med hard retorikk fra det offisielle Kina.<\/p>\n<p>\u00abEnhver eksterne styrke som pr\u00f8ver \u00e5 blande seg inn i Taiwan-sp\u00f8rsm\u00e5let eller legge seg opp i Kinas indre anliggender, vil garantert sl\u00e5 hodet til blods mot PLAs jernharde murer\u00bb, heter det i en uttalelse fra Kinas kontor for Taiwan-saker.<\/p>\n","protected":false},"excerpt":{"rendered":"\u2013 Den kinesiske frigj\u00f8ringsh\u00e6ren (PLA) har fremdeles store hull i sin erfaring n\u00e5r det kommer til fellesoperasjoner, elektromagnetisk&hellip;\n","protected":false},"author":2,"featured_media":134209,"comment_status":"","ping_status":"","sticky":false,"template":"","format":"standard","meta":{"footnotes":""},"categories":[12],"tags":[20,21,24,25,15,22,23,13,30,28,29,14,16,26,27,42,43,44,45],"class_list":{"0":"post-134208","1":"post","2":"type-post","3":"status-publish","4":"format-standard","5":"has-post-thumbnail","7":"category-verden","8":"tag-breaking-news","9":"tag-breakingnews","10":"tag-featured-news","11":"tag-featurednews","12":"tag-headlines","13":"tag-latest-news","14":"tag-latestnews","15":"tag-news","16":"tag-no","17":"tag-norge","18":"tag-norway","19":"tag-nyheter","20":"tag-overskrifter","21":"tag-top-stories","22":"tag-topstories","23":"tag-verden","24":"tag-world","25":"tag-world-news","26":"tag-worldnews"},"share_on_mastodon":{"url":"https:\/\/pubeurope.com\/@no\/115873075907494755","error":""},"_links":{"self":[{"href":"https:\/\/www.europesays.com\/no\/wp-json\/wp\/v2\/posts\/134208","targetHints":{"allow":["GET"]}}],"collection":[{"href":"https:\/\/www.europesays.com\/no\/wp-json\/wp\/v2\/posts"}],"about":[{"href":"https:\/\/www.europesays.com\/no\/wp-json\/wp\/v2\/types\/post"}],"author":[{"embeddable":true,"href":"https:\/\/www.europesays.com\/no\/wp-json\/wp\/v2\/users\/2"}],"replies":[{"embeddable":true,"href":"https:\/\/www.europesays.com\/no\/wp-json\/wp\/v2\/comments?post=134208"}],"version-history":[{"count":0,"href":"https:\/\/www.europesays.com\/no\/wp-json\/wp\/v2\/posts\/134208\/revisions"}],"wp:featuredmedia":[{"embeddable":true,"href":"https:\/\/www.europesays.com\/no\/wp-json\/wp\/v2\/media\/134209"}],"wp:attachment":[{"href":"https:\/\/www.europesays.com\/no\/wp-json\/wp\/v2\/media?parent=134208"}],"wp:term":[{"taxonomy":"category","embeddable":true,"href":"https:\/\/www.europesays.com\/no\/wp-json\/wp\/v2\/categories?post=134208"},{"taxonomy":"post_tag","embeddable":true,"href":"https:\/\/www.europesays.com\/no\/wp-json\/wp\/v2\/tags?post=134208"}],"curies":[{"name":"wp","href":"https:\/\/api.w.org\/{rel}","templated":true}]}}