{"id":134214,"date":"2026-01-10T22:15:08","date_gmt":"2026-01-10T22:15:08","guid":{"rendered":"https:\/\/www.europesays.com\/no\/134214\/"},"modified":"2026-01-10T22:15:08","modified_gmt":"2026-01-10T22:15:08","slug":"therese-johaug-avslorte-babynyhet-villeste-tv-intervjuet","status":"publish","type":"post","link":"https:\/\/www.europesays.com\/no\/134214\/","title":{"rendered":"Therese Johaug avsl\u00f8rte babynyhet: &#8211; Villeste TV-intervjuet"},"content":{"rendered":"<p>Saken oppdateres!<\/p>\n<p>Johaug selv kunne naturligvis ikke v\u00e6re til stede p\u00e5 Hamar, men sendte en hilsen fra Rikshospitalet.<\/p>\n<p>\u2013 Tusen, tusen takk for en fantastisk pris. Jeg skulle veldig gjerne v\u00e6rt p\u00e5 Hamar med dere i kveld, men her er jeg p\u00e5 Rikshospitalet full av hormoner, klar for \u00e5 f\u00f8de, sa Johaug i videohilsenen.<\/p>\n<p> \u2013 Jeg har f\u00e5tt noen priser opp gjennom, men den her er en av de st\u00f8rste jeg kunne f\u00e5, sa Johaug. <\/p>\n<p>Like etter kunne programleder Mia Hundvin avsl\u00f8re at Johaug hadde f\u00f8dt \u2013 hvilket betyr at Dalsbygda-jenta er blitt tobarnsmor.\u00a0<\/p>\n<p>\u2013 Alt st\u00e5r bra til med mor og barn, lille Nils er blitt f\u00f8dt!\u00a0<\/p>\n<p>Slik l\u00e5t meldingen fra Johaug som Hundvin leste opp.<\/p>\n<p class=\"bold m-bold\" data-lab-font_weight=\"bold\">\u2013 Det er kanskje det villeste TV-intervjuet jeg har sett noen gang, sier Thingnes B\u00f8 til TV 2.<\/p>\n<p>\u00a0\u2013 Og det er kanskje det som kjennetegner Johaug, en ektehet og vilje.\u00a0Hun er en kvinne for folket. Og det at hun tar med folket inn p\u00e5 f\u00f8destuen, det hadde aldri jeg gjort. S\u00e5 stor respekt. Gratulerer s\u00e5 masse Therese og Nils Jakob, fortsetter han.<\/p>\n<p>Landslagstrener i langrenn, Arild Monsen, hyller den nybakte mammaen.<\/p>\n<p>\u2013 Du kunne ikke skapt en bedre reality-slutt p\u00e5 Idrettsgallaen 2026. Det var en fantastisk avslutning, sier Monsen.<\/p>\n<p>I forkant av Johaugs opptreden holdt Thingnes B\u00f8 sin takketale fra scenen.<\/p>\n<p>\u2013 Litt ironisk at man m\u00e5 legge opp for \u00e5 vinne pris p\u00e5 idrettsgallaen. Hvis jeg hadde visst det f\u00f8r kanskje jeg hadde gitt meg for lenge siden, sa Thingnes B\u00f8. <\/p>\n<p>        <img class=\"image__img lazyload\" itemprop=\"image\" title=\"Foto: Geir Olsen \/ NTB\" alt=\" Foto: Geir Olsen \/ NTB\" width=\"675\" height=\"379\" bad-src=\"https:\/\/www.europesays.com\/no\/wp-content\/uploads\/2026\/01\/18451970.webp.jpeg\" fetchpriority=\"auto\" \/><\/p>\n<p>         Foto: Geir Olsen \/ NTB<\/p>\n<p>\u2013 Den siste tiden har skiskyttermilj\u00f8et st\u00e5tt i en stor sorgprosess. Det har v\u00e6rt veldig t\u00f8ft, men det er veldig fint \u00e5 se hvor samlet vi er, fortsatte Thingnes B\u00f8.<\/p>\n<p>Han rettet ogs\u00e5 en takk til sin bror.<\/p>\n<p>\u2013 Tarjei du betyr jo litt ekstra der du sitter. Sammen med s\u00f8skene s\u00e5 hadde vi en helt vill oppvekst. Det har v\u00e6rt en \u00e6re \u00e5 v\u00e6re p\u00e5 tur med deg.\u00a0Til slutt vil jeg takke min fantastiske kone, Hedda. Hun har v\u00e6rt en bauta p\u00e5 hjemmebane i alle \u00e5r. N\u00e5 gleder jeg meg til \u00e5 tilbringe mer tid med deg og barna v\u00e5re i Kongsvinger, avsluttet skiskytterlegenden.<\/p>\n","protected":false},"excerpt":{"rendered":"Saken oppdateres! Johaug selv kunne naturligvis ikke v\u00e6re til stede p\u00e5 Hamar, men sendte en hilsen fra Rikshospitalet.&hellip;\n","protected":false},"author":2,"featured_media":134215,"comment_status":"","ping_status":"","sticky":false,"template":"","format":"standard","meta":{"footnotes":""},"categories":[59],"tags":[30,28,29,83,82],"class_list":{"0":"post-134214","1":"post","2":"type-post","3":"status-publish","4":"format-standard","5":"has-post-thumbnail","7":"category-sport","8":"tag-no","9":"tag-norge","10":"tag-norway","11":"tag-sport","12":"tag-sports"},"share_on_mastodon":{"url":"https:\/\/pubeurope.com\/@no\/115873115211515086","error":""},"_links":{"self":[{"href":"https:\/\/www.europesays.com\/no\/wp-json\/wp\/v2\/posts\/134214","targetHints":{"allow":["GET"]}}],"collection":[{"href":"https:\/\/www.europesays.com\/no\/wp-json\/wp\/v2\/posts"}],"about":[{"href":"https:\/\/www.europesays.com\/no\/wp-json\/wp\/v2\/types\/post"}],"author":[{"embeddable":true,"href":"https:\/\/www.europesays.com\/no\/wp-json\/wp\/v2\/users\/2"}],"replies":[{"embeddable":true,"href":"https:\/\/www.europesays.com\/no\/wp-json\/wp\/v2\/comments?post=134214"}],"version-history":[{"count":0,"href":"https:\/\/www.europesays.com\/no\/wp-json\/wp\/v2\/posts\/134214\/revisions"}],"wp:featuredmedia":[{"embeddable":true,"href":"https:\/\/www.europesays.com\/no\/wp-json\/wp\/v2\/media\/134215"}],"wp:attachment":[{"href":"https:\/\/www.europesays.com\/no\/wp-json\/wp\/v2\/media?parent=134214"}],"wp:term":[{"taxonomy":"category","embeddable":true,"href":"https:\/\/www.europesays.com\/no\/wp-json\/wp\/v2\/categories?post=134214"},{"taxonomy":"post_tag","embeddable":true,"href":"https:\/\/www.europesays.com\/no\/wp-json\/wp\/v2\/tags?post=134214"}],"curies":[{"name":"wp","href":"https:\/\/api.w.org\/{rel}","templated":true}]}}