{"id":134216,"date":"2026-01-10T22:19:12","date_gmt":"2026-01-10T22:19:12","guid":{"rendered":"https:\/\/www.europesays.com\/no\/134216\/"},"modified":"2026-01-10T22:19:12","modified_gmt":"2026-01-10T22:19:12","slug":"havnivaet-pa-kanarioyene-har-steget-med-ti-cm","status":"publish","type":"post","link":"https:\/\/www.europesays.com\/no\/134216\/","title":{"rendered":"Havniv\u00e5et p\u00e5 Kanari\u00f8yene har steget med ti cm"},"content":{"rendered":"<p class=\"kicker t14 tm14 font-NotoSans\" style=\"\"><a href=\"https:\/\/www.abcnyheter.no\/livsstil\" target=\"_blank\" rel=\"nofollow noopener\">Livsstil<\/a><\/p>\n<p>    Havniv\u00e5et langs kysten p\u00e5 Kanari\u00f8yene har steget med cirka ti centimeter i l\u00f8pet av 30 \u00e5r, konstateres det i en ny unders\u00f8kelse.<\/p>\n<p>\n        People walk by the Atlantic Ocean during sunset at the La Pared beach on the Canary Island of Fuerteventura, Spain, Monday, Oct. 6, 2025. (AP Photo\/Mindaugas Kulbis)<br \/>\n        AP\n    <\/p>\n<p><a href=\"https:\/\/www.canariajournalen.no\/nyheter\/2026\/01\/havnivaet-har-steget-ti-centimeter-pa-30-ar\" target=\"_blank\" rel=\"nofollow noopener\">Denne artikkelen<\/a> ble f\u00f8rst publisert hos <a href=\"https:\/\/www.canariajournalen.no\/\" rel=\"nofollow noopener\" target=\"_blank\">Canariajournalen<\/a>.<\/p>\n<p>Forskere har analysert satellittdata og data fra tidevannsm\u00e5lere for perioden 1993-2022.<\/p>\n<p>Havstigningen har v\u00e6rt cirka 3,5 millimeter per \u00e5r, har de bevist.<\/p>\n<p>Den vitenskapelige unders\u00f8kelsen er laget av forskere ved institutt for oseanografi og globale endringer (IOCAG), som h\u00f8rer til universitetet i Las Palmas p\u00e5 Gran Canaria<\/p>\n<p>En pressemelding om forskningsresultatene kom denne uken.<\/p>\n<p>Ikke likt overalt<\/p>\n<p>Forskerne har funnet ut at havstigningen ikke har v\u00e6rt like stor over alt langs \u00f8ygruppens kyst.<\/p>\n<p>Det skyldes p\u00e5virkning fra havvirvler, den marine ekvivalenten til atmosf\u00e6riske stormer og antisykloner.<\/p>\n<p>Disse er i stand til \u00e5 endre den generelle havsirkulasjonen i omr\u00e5det der de befinner seg.<\/p>\n<p>P\u00e5 steder der syklonske virvler er dominerende, har havsstigningen v\u00e6rt mindre fordi de f\u00e5r havoverflaten til \u00e5 synke.<\/p>\n<p>I omr\u00e5der med st\u00f8rre forekomst av antisykloniske virvler, har havstigningen v\u00e6rt st\u00f8rre.<\/p>\n<p>                <img decoding=\"async\" src=\"https:\/\/www.europesays.com\/no\/wp-content\/uploads\/2026\/01\/1362675.webp.jpeg\" width=\"480\" height=\"274\" title=\"Forskerne har funnet ut at havstigningen ikke har v\u00e6rt like stor over alt langs \u00f8ygruppens kyst.\" alt=\"\" loading=\"lazy\" style=\"\"\/><\/p>\n<p>\n            Forskerne har funnet ut at havstigningen ikke har v\u00e6rt like stor over alt langs \u00f8ygruppens kyst.<br \/>\n            ULPGC\n        <\/p>\n<p>Verst i storbyene<\/p>\n<p>I de to provinshovedstedene p\u00e5 Kanari\u00f8yene, Las Palmas de Gran Canaria og Santa Cruz de Tenerife, er terrenget i ferd med \u00e5 synke litt.<\/p>\n<p>Det betyr at havstigningen er mer merkbar, if\u00f8lge studien.<\/p>\n<p>        <a itemprop=\"url\" class=\"\" href=\"https:\/\/www.abcnyheter.no\/livsstil\/svaert-giftig-brennmanet-observert-pa-gran-canaria\/1357614\" data-k5a-url=\"https:\/\/www.abcnyheter.no\/a\/1357614\" rel=\"nofollow noopener\" target=\"_blank\"><\/p>\n<p>            Sv\u00e6rt giftig brennmanet observert p\u00e5 popul\u00e6r strand<\/p>\n<p itemprop=\"section\" class=\"section\" data-tag=\"livsstil\">livsstil<\/p>\n<p>        <\/a><\/p>\n<p>Basert p\u00e5 scenarier fra FNs klimapanel, ansl\u00e5r forskerne at havstigningen i verste fall kan komme opp i cirka 40 centimeter i Santa Cruz de Tenerife fra 2005 til 2050, og 35 centimeter i Las Palmas.<\/p>\n<p>Viktig forskning<\/p>\n<p>Unders\u00f8kelsen er gjennomf\u00f8rt for \u00e5 f\u00e5 bedre forst\u00e5else for den globale oppvarmingens innvirkning p\u00e5 havniv\u00e5et p\u00e5 Kanari\u00f8yene.<\/p>\n<p>I rapporten pekes det p\u00e5 at en forst\u00e5else av klimaendringens p\u00e5virkning av havniv\u00e5et er vesentlig for \u00e5 innf\u00f8re avb\u00f8tende og preventive tiltak mot store, fremtidige \u00f8deleggelser p\u00e5 milj\u00f8 og infrastruktur fra flom og erosjon fra saltvann i undergrunnen.<\/p>\n<p>Resultatene fra forskningen er presentert i The Journal of Marine Science and Engineering.<\/p>\n<p class=\"font-weight-bold m-font-weight-bold\" data-lab-font_weight=\"font-weight-bold\">Sl\u00e5r alarm: <a href=\"https:\/\/www.abcnyheter.no\/livsstil\/slar-alarm-dette-har-aldri-vaert-verre-pa-gran-canaria\/1318405\" rel=\"nofollow noopener\" target=\"_blank\">Dette har aldri v\u00e6rt verre p\u00e5 Gran Canaria<\/a><\/p>\n","protected":false},"excerpt":{"rendered":"Livsstil Havniv\u00e5et langs kysten p\u00e5 Kanari\u00f8yene har steget med cirka ti centimeter i l\u00f8pet av 30 \u00e5r, konstateres&hellip;\n","protected":false},"author":2,"featured_media":134217,"comment_status":"","ping_status":"","sticky":false,"template":"","format":"standard","meta":{"footnotes":""},"categories":[12],"tags":[20,21,24,25,15,22,23,13,30,28,29,14,16,26,27,42,43,44,45],"class_list":{"0":"post-134216","1":"post","2":"type-post","3":"status-publish","4":"format-standard","5":"has-post-thumbnail","7":"category-verden","8":"tag-breaking-news","9":"tag-breakingnews","10":"tag-featured-news","11":"tag-featurednews","12":"tag-headlines","13":"tag-latest-news","14":"tag-latestnews","15":"tag-news","16":"tag-no","17":"tag-norge","18":"tag-norway","19":"tag-nyheter","20":"tag-overskrifter","21":"tag-top-stories","22":"tag-topstories","23":"tag-verden","24":"tag-world","25":"tag-world-news","26":"tag-worldnews"},"share_on_mastodon":{"url":"https:\/\/pubeurope.com\/@no\/115873130931144473","error":""},"_links":{"self":[{"href":"https:\/\/www.europesays.com\/no\/wp-json\/wp\/v2\/posts\/134216","targetHints":{"allow":["GET"]}}],"collection":[{"href":"https:\/\/www.europesays.com\/no\/wp-json\/wp\/v2\/posts"}],"about":[{"href":"https:\/\/www.europesays.com\/no\/wp-json\/wp\/v2\/types\/post"}],"author":[{"embeddable":true,"href":"https:\/\/www.europesays.com\/no\/wp-json\/wp\/v2\/users\/2"}],"replies":[{"embeddable":true,"href":"https:\/\/www.europesays.com\/no\/wp-json\/wp\/v2\/comments?post=134216"}],"version-history":[{"count":0,"href":"https:\/\/www.europesays.com\/no\/wp-json\/wp\/v2\/posts\/134216\/revisions"}],"wp:featuredmedia":[{"embeddable":true,"href":"https:\/\/www.europesays.com\/no\/wp-json\/wp\/v2\/media\/134217"}],"wp:attachment":[{"href":"https:\/\/www.europesays.com\/no\/wp-json\/wp\/v2\/media?parent=134216"}],"wp:term":[{"taxonomy":"category","embeddable":true,"href":"https:\/\/www.europesays.com\/no\/wp-json\/wp\/v2\/categories?post=134216"},{"taxonomy":"post_tag","embeddable":true,"href":"https:\/\/www.europesays.com\/no\/wp-json\/wp\/v2\/tags?post=134216"}],"curies":[{"name":"wp","href":"https:\/\/api.w.org\/{rel}","templated":true}]}}